{"id":135111,"date":"2026-01-12T04:48:07","date_gmt":"2026-01-12T04:48:07","guid":{"rendered":"https:\/\/www.europesays.com\/no\/135111\/"},"modified":"2026-01-12T04:48:07","modified_gmt":"2026-01-12T04:48:07","slug":"hva-skjer-med-nato-hvis-usa-overtar-gronland-nrk-urix-utenriksnyheter-og-dokumentarer","status":"publish","type":"post","link":"https:\/\/www.europesays.com\/no\/135111\/","title":{"rendered":"Hva skjer med Nato hvis USA overtar Gr\u00f8nland? \u2013 NRK Urix \u2013 Utenriksnyheter og -dokumentarer"},"content":{"rendered":"<p>Alle store organisasjoner har en kaffek\u00f8. Ogs\u00e5 det enorme Nato-hovedkvarteret utenfor Brussel. Der jobber det flere tusen mennesker fra 32 medlemsland.<\/p>\n<p><strong>I kaffek\u00f8en st\u00e5r ofte amerikanere og dansker sammen. Hva tenker de, der de venter p\u00e5 espressoen, p\u00e5 det som blir kalt public square? Kan det skj\u00e6re seg helt? T\u00f8r noen be motparten p\u00e5 en fredskaffe?<\/strong><\/p>\n<p>For Trump truer stadig med \u00e5 overta Gr\u00f8nland. Det handler om de to gamle allierte, Danmark og USA.<\/p>\n<p><a href=\"http:\/\/https:\/\/www.nato.int\/en\/about-us\/official-texts-and-resources\/official-texts\/1949\/04\/04\/the-north-atlantic-treaty\" ec-id=\"http:\/\/https\/\/www.nato.int\/en\/about-us\/official-texts-and-resources\/official-texts\/1949\/04\/04\/the-north-atlantic-treaty\" ec-name=\"Atlanterhavspakten\" rel=\"nofollow\">Atlanterhavspakten<\/a>, grunnlaget for Nato, sier at medlemmene skal jobbe for fredelige l\u00f8sninger. Da er det ogs\u00e5 vanskelig \u00e5 se at Nato kan best\u00e5 hvis USA bruker tvang.<\/p>\n<p>Mark og Daddy<\/p>\n<p>Hva skal Nato gj\u00f8re? <a href=\"https:\/\/www.ft.com\/content\/d2974417-172f-43f9-a5d5-9f4da48668ae\" ec-id=\"https:\/\/www.ft.com\/content\/d2974417-172f-43f9-a5d5-9f4da48668ae\" ec-name=\"Flere har\" rel=\"nofollow noopener\" target=\"_blank\">Flere har<\/a> spurt:<\/p>\n<p><strong>Hvor er Mark Rutte?<\/strong><\/p>\n<p>Natos generalsekret\u00e6r har v\u00e6rt s\u00e5 godt som usynlig i det nye \u00e5ret. Det kunne v\u00e6rt naturlig at Nato-sjefen var den som bragte to medlemmer i konflikt sammen.<\/p>\n<p><img decoding=\"async\"   src=\"data:image\/gif;base64,R0lGODlhAQABAIAAAAAAAP\/\/\/yH5BAEAAAAALAAAAAABAAEAAAIBRAA7\" loading=\"eager\" alt=\"Nato i Brussel\" title=\"Foto: NATO\"\/><\/p>\n<p class=\"\">P\u00e5 Natos hovedkvarter i Brussel jobber dansker og amerikanere sammen hver dag<\/p>\n<p>Foto: NATO<\/p>\n<p><strong>I stedet skal Danmark og USA ha et m\u00f8te p\u00e5 egen h\u00e5nd. Andre Nato-land gir signaler hver for seg.<\/strong><\/p>\n<p>Men Rutte har til n\u00e5 ikke tatt initiativ til en prosess som er kjent. Det har ikke kommet en uttalelse.<\/p>\n<p>Torsdag var det et planlagt m\u00f8te i Natos r\u00e5d i Brussel. Gr\u00f8nland sto egentlig ikke p\u00e5 sakslista. Men flere av medlemslandene tok initiativ til \u00e5 ta opp nordomr\u00e5dene og Arktis.<\/p>\n<p>Styrket Nato i nord<\/p>\n<p><strong>M\u00f8tet f\u00f8rte til samforst\u00e5else om \u00e5 styrke Nato-samarbeidet i nord, forteller informerte kilder.<\/strong><\/p>\n<p><strong>Etterp\u00e5 har det ogs\u00e5 blitt kjent at Storbritannia og Tyskland vurderer en Nato-styrke p\u00e5 Gr\u00f8nland, <a href=\"https:\/\/www.bloomberg.com\/news\/articles\/2026-01-11\/germany-to-pitch-nato-mission-in-arctic-to-ease-greenland-strife?srnd=homepage-europe\" ec-id=\"https:\/\/www.bloomberg.com\/news\/articles\/2026-01-11\/germany-to-pitch-nato-mission-in-arctic-to-ease-greenland-strife\" ec-name=\"melder Bloomberg\" rel=\"nofollow noopener\" target=\"_blank\">melder Bloomberg<\/a>.<\/strong><\/p>\n<p>Dette h\u00e5per n\u00e5 sentrale Nato-folk skal gi den sikkerheten rundt Gr\u00f8nland Trump etterlyser. Tysklands utenriksminister ber USA diskutere saken med Nato.<\/p>\n<p><strong>Men ingen t\u00f8r \u00e5 stole p\u00e5 at dette er nok for Trump.<\/strong><\/p>\n<p><img decoding=\"async\"   src=\"data:image\/gif;base64,R0lGODlhAQABAIAAAAAAAP\/\/\/yH5BAEAAAAALAAAAAABAAEAAAIBRAA7\" loading=\"eager\" alt=\"Macron og Frederiksen p\u00e5 Gr\u00f8nland\" title=\"Foto: AFP\"\/><\/p>\n<p class=\"\">Emmanuel Macron p\u00e5 et symbolsk bes\u00f8k p\u00e5 Gr\u00f8nland sammen med Mette Frederiksen<\/p>\n<p>Foto: AFP<\/p>\n<p>Nato har allerede en vedtatt strategi for nordomr\u00e5dene med det eget kommandosenter &#8211; i <a href=\"https:\/\/en.wikipedia.org\/wiki\/Joint_Force_Command_Norfolk\" ec-id=\"https:\/\/en.wikipedia.org\/wiki\/Joint_Force_Command_Norfolk\" ec-name=\"Norfolk, USA\" rel=\"nofollow noopener\" target=\"_blank\">Norfolk, USA<\/a>.<\/p>\n<p>H\u00e5pet i Nato er at styrking av en satsing i Arktis vil kunne mildne Trump. Men det er uklart hva det vil kreve av ressurser. Gr\u00f8nland er verdens st\u00f8rste \u00f8y. Mer overv\u00e5king og tilstedev\u00e6relse vil kreve enormt.<\/p>\n<p>Ruttes linje<\/p>\n<p>Mark Rutte stilte til et <a href=\"https:\/\/www.youtube.com\/watch?v=sG74LCTOLC8\" ec-id=\"https:\/\/www.youtube.com\/watch\" ec-name=\"intervju hos Forbes\" rel=\"nofollow noopener\" target=\"_blank\">intervju hos Forbes<\/a>. Han fikk sp\u00f8rsm\u00e5l om Gr\u00f8nland og USA.<\/p>\n<p><strong>Svaret var ullent.<\/strong><\/p>\n<p>Rutte sier det \u00e5penbare. At b\u00e5de USA og andre allierte er opptatt av sikkerheten i nord. Og at Danmark og USA har en avtale fra 1951.<\/p>\n<p>Men han unngikk helt \u00e5 svare p\u00e5 at to av medlemmene st\u00e5r i \u00e5pen konflikt. Han svarte heller ikke om USAs trusler.<\/p>\n<p>Etter Jens<\/p>\n<p>Det skal sies at det heller ikke er lett \u00e5 v\u00e6re Nato-sjef for tiden<\/p>\n<p>Han er generalsekret\u00e6r for 32 land, ogs\u00e5 for USA. Mark Rutte m\u00e5 balansere.<\/p>\n<p><strong>Slik ogs\u00e5 forgjenger Jens Stoltenberg m\u00e5tte gj\u00f8re det.<\/strong><\/p>\n<p><img decoding=\"async\"   src=\"data:image\/gif;base64,R0lGODlhAQABAIAAAAAAAP\/\/\/yH5BAEAAAAALAAAAAABAAEAAAIBRAA7\" loading=\"eager\" alt=\"Jens Stoltenberg p\u00e5 Natos toppm\u00f8te\" title=\"Foto: Philip Lothe \/ NRK\"\/><\/p>\n<p class=\"\">Som Jens Stoltenberg, opplever Rutte rivninger i Nato.<\/p>\n<p>Foto: Philip Lothe \/ NRK<\/p>\n<p>Men flere i Brussel kommenterer n\u00e5 at Rutte er for forsiktig. Under toppm\u00f8tet I Haag smisket han med Trump i en SMS. Han kalte ogs\u00e5 Trump for Daddy. Det s\u00e5 ikke bra ut. Linjen til Rutte om Gr\u00f8nland f\u00f8yer seg inn i samme bilde.<\/p>\n<p>R\u00e5 makt<\/p>\n<p>Flere eksperter og kommentator<a href=\"https:\/\/www.politico.eu\/article\/nato-weighs-boosting-arctic-security-donald-trump-escalates-greenland-claims\" ec-id=\"https:\/\/www.politico.eu\/article\/nato-weighs-boosting-arctic-security-donald-trump-escalates-greenland-claims\" ec-name=\"oppsummerer mulighetene\" rel=\"nofollow noopener\" target=\"_blank\"> oppsummerer mulighetene<\/a> for hva som skjer:<\/p>\n<p><strong>USA bruker milit\u00e6rmakt.<\/strong> Amerikanerne er s\u00e5 overlegne at verken Danmark eller andre europeiske land vil se seg tjent med \u00e5 svare. Dette vil v\u00e6re krise for Nato. Men f\u00e5 tror det skjer i praksis<\/p>\n<p><strong>USA kj\u00f8per Gr\u00f8nland.<\/strong> Muligheten er der, men Danmark m\u00e5 da g\u00e5 fra tidligere l\u00f8fter. Gr\u00f8nland er dessuten opptatt av selvstendighet, ikke \u00e5 bli solgt.<\/p>\n<p><strong>En avtale som sikrer USA.<\/strong> Det kan jobbes fram en deal hvor USA f\u00e5r b\u00e5de mer sikkerhet gjennom Nato-styrker &#8211; og tilgang til f.eks. mineraler. Gr\u00f8nland forblir i riksfellesskap med Danmark, i hvert fall p\u00e5 kort sikt. Det kan eventuelt holdes en folkeavstemning. Begge parter kan st\u00e5 igjen uten \u00e5 ha tapt ansikt.<\/p>\n<p>Den siste l\u00f8sningen kan v\u00e6re den mest sannsynlige, mener flere. Dermed kan Nato best\u00e5, om enn noe skadeskutt.<\/p>\n<p><strong>Det avgj\u00f8rende er hvor hardt USA vil kj\u00f8re. <\/strong><\/p>\n<p><img decoding=\"async\"   src=\"data:image\/gif;base64,R0lGODlhAQABAIAAAAAAAP\/\/\/yH5BAEAAAAALAAAAAABAAEAAAIBRAA7\" loading=\"eager\" alt=\"en mann i kamuflasje som peker p\u00e5 et fjell\" title=\"Foto: NTB\"\/><\/p>\n<p class=\"\">Det kom kritikk da JD Vance, USAs visepresident bes\u00f8kte Gr\u00f8nland<\/p>\n<p>Foto: NTB<\/p>\n<p>USA for, USA imot<\/p>\n<p>Fra Trump kommer det ulike signaler.<\/p>\n<p><strong>I m\u00f8te med koalisjonen av villige, er USA med p\u00e5 st\u00f8tte til Ukraina. Amerikanerne vil bidra i en v\u00e5penhvile og til sikkerhetsgarantier.<\/strong><\/p>\n<p>Dette ble sett p\u00e5 som positivt fra USA p\u00e5 toppm\u00f8tet i Paris i det nye \u00e5ret. Men vil forretningsmannen Trump ha noe tilbake?<\/p>\n<p><strong>Er \u00abbetalingen\u00bb Gr\u00f8nland?<\/strong><\/p>\n<p>Sp\u00f8rsm\u00e5let er hvordan det skal skje.<\/p>\n<p>USAs Nato-ambassad\u00f8r Matthew Whitaker <a href=\"https:\/\/x.com\/usambnato\/status\/2009339320826777744?s=46\" ec-id=\"https:\/\/x.com\/usambnato\/status\/2009339320826777744\" ec-name=\"balanserer situasjonen\" rel=\"nofollow\">balanserer situasjonen<\/a>. P\u00e5 kanalen Fox nevnte han ikke bruk av milit\u00e6rmakt. men han pekte p\u00e5 samtalene utenriksminister Marco Rubio skal ha med Danmark.<\/p>\n<p><strong>I tillegg sier Alexus Grynkewich, amerikaneren som er Natos \u00f8verste milit\u00e6re sjef i Europa, at man <a href=\"https:\/\/www.dagsavisen.no\/nyheter\/usas-nato-topp-om-gronland-vi-er-langt-unna-noe-slikt\/10142899?\" ec-id=\"https:\/\/www.dagsavisen.no\/nyheter\/usas-nato-topp-om-gronland-vi-er-langt-unna-noe-slikt\/10142899\" ec-name=\"fortsatt skal forsvare\" rel=\"nofollow noopener\" target=\"_blank\">fortsatt skal forsvare <\/a>hver tomme av Natos territorium.<\/strong><\/p>\n<p>Flere av amerikanerne som st\u00e5r i kaffek\u00f8en i Nato-hovedkvarteret i Brussel er skeptiske til Trumps linje. Men t\u00f8r de si det. N\u00e5r de fram?<\/p>\n<p>Det har ogs\u00e5 blitt lagt merke til at Trumps venn, Italias Giorgia Meloni, har v\u00e6rt ute. Hun tror ikke USA vil bruke milit\u00e6rmakt og <a href=\"https:\/\/www.reuters.com\/world\/europe\/meloni-rules-out-us-military-move-greenland-urges-strong-nato-arctic-presence-2026-01-09\/ Teflon-Mark\" ec-id=\"https:\/\/www.reuters.com\/world\/europe\/meloni-rules-out-us-military-move-greenland-urges-strong-nato-arctic-presence-2026-01-09\/ Teflon-Mark\" ec-name=\"\u00f8nsker heller\" rel=\"nofollow noopener\" target=\"_blank\">\u00f8nsker heller <\/a>en st\u00f8rre Nato-innsats i Arktis.<\/p>\n<p>Et eventuelt initiativ fra Tyskland og Storbritannia om en Nato-styrke p\u00e5 Gr\u00f8nland, vil ogs\u00e5 veie tungt.<\/p>\n<p>Teflon-Mark<\/p>\n<p>Natos hovedkvarter ligger utenfor Brussel sentrum. Det er enormt. Det er glass og betong for milliarder. Det ser som et enormt romskip har landet.<\/p>\n<p><img decoding=\"async\"   src=\"data:image\/gif;base64,R0lGODlhAQABAIAAAAAAAP\/\/\/yH5BAEAAAAALAAAAAABAAEAAAIBRAA7\" loading=\"eager\" alt=\"Rutte if\u00f8rt hodetelefoner\" title=\"Foto: Ida Louise Rostad \/ NRK\"\/><\/p>\n<p>Foto: Ida Louise Rostad \/ NRK<\/p>\n<p>Hit blir sjefen, Mark Rutte, kj\u00f8rt i sin svarte bil hver dag. I Nederland ble han kalt teflon-Mark mens han var statsminister i fire ulike regjeringer. Problemene prellet ofte av og Mark Rutte styrte videre.<\/p>\n<p><strong>Siste ord er ikke sagt og kanskje har teflon-Mark et ess i ermet?<\/strong><\/p>\n<p>Ingenting kan ta fram ham at han landet en av de vanskeligste periodene for Nato. I Haag, hans egen hjemby, fikk han til enighet om 5 prosent-m\u00e5let i sommer. USA ble v\u00e6rende i Nato.<\/p>\n<p>Kanskje sitter teflon-Mark igjen som vinneren ogs\u00e5 n\u00e5.<\/p>\n<p>Kampen om Gr\u00f8nland.<br \/>\nTrump fortsetter jakten p\u00e5 verdens st\u00f8rste \u00f8y<\/p>\n<p>Publisert<\/p>\n<p>12.01.2026, kl. 04.50<\/p>\n","protected":false},"excerpt":{"rendered":"Alle store organisasjoner har en kaffek\u00f8. Ogs\u00e5 det enorme Nato-hovedkvarteret utenfor Brussel. Der jobber det flere tusen mennesker&hellip;\n","protected":false},"author":2,"featured_media":135112,"comment_status":"","ping_status":"","sticky":false,"template":"","format":"standard","meta":{"footnotes":""},"categories":[12],"tags":[20,21,24,25,15,22,23,13,30,28,29,14,16,26,27,42,43,44,45],"class_list":{"0":"post-135111","1":"post","2":"type-post","3":"status-publish","4":"format-standard","5":"has-post-thumbnail","7":"category-verden","8":"tag-breaking-news","9":"tag-breakingnews","10":"tag-featured-news","11":"tag-featurednews","12":"tag-headlines","13":"tag-latest-news","14":"tag-latestnews","15":"tag-news","16":"tag-no","17":"tag-norge","18":"tag-norway","19":"tag-nyheter","20":"tag-overskrifter","21":"tag-top-stories","22":"tag-topstories","23":"tag-verden","24":"tag-world","25":"tag-world-news","26":"tag-worldnews"},"share_on_mastodon":{"url":"https:\/\/pubeurope.com\/@no\/115880322810990295","error":""},"_links":{"self":[{"href":"https:\/\/www.europesays.com\/no\/wp-json\/wp\/v2\/posts\/135111","targetHints":{"allow":["GET"]}}],"collection":[{"href":"https:\/\/www.europesays.com\/no\/wp-json\/wp\/v2\/posts"}],"about":[{"href":"https:\/\/www.europesays.com\/no\/wp-json\/wp\/v2\/types\/post"}],"author":[{"embeddable":true,"href":"https:\/\/www.europesays.com\/no\/wp-json\/wp\/v2\/users\/2"}],"replies":[{"embeddable":true,"href":"https:\/\/www.europesays.com\/no\/wp-json\/wp\/v2\/comments?post=135111"}],"version-history":[{"count":0,"href":"https:\/\/www.europesays.com\/no\/wp-json\/wp\/v2\/posts\/135111\/revisions"}],"wp:featuredmedia":[{"embeddable":true,"href":"https:\/\/www.europesays.com\/no\/wp-json\/wp\/v2\/media\/135112"}],"wp:attachment":[{"href":"https:\/\/www.europesays.com\/no\/wp-json\/wp\/v2\/media?parent=135111"}],"wp:term":[{"taxonomy":"category","embeddable":true,"href":"https:\/\/www.europesays.com\/no\/wp-json\/wp\/v2\/categories?post=135111"},{"taxonomy":"post_tag","embeddable":true,"href":"https:\/\/www.europesays.com\/no\/wp-json\/wp\/v2\/tags?post=135111"}],"curies":[{"name":"wp","href":"https:\/\/api.w.org\/{rel}","templated":true}]}}