{"id":135113,"date":"2026-01-12T04:55:07","date_gmt":"2026-01-12T04:55:07","guid":{"rendered":"https:\/\/www.europesays.com\/no\/135113\/"},"modified":"2026-01-12T04:55:07","modified_gmt":"2026-01-12T04:55:07","slug":"apner-etterforskning-mot-powell","status":"publish","type":"post","link":"https:\/\/www.europesays.com\/no\/135113\/","title":{"rendered":"\u00c5pner etterforskning mot Powell"},"content":{"rendered":"<p class=\"kicker \" style=\"\">New York Times:<\/p>\n<p>    P\u00e5talemyndigheten i Washington har \u00e5pnet en strafferettslig etterforskning knyttet til USAs sentralbanksjef Jerome Powell, skriver The New York Times.<\/p>\n<p>\n    SENTRALBANKSJEF: Jerome Powell. Foto: Kevin Lamarque\/Reuters\/NTB\n  <\/p>\n<p>If\u00f8lge <a href=\"https:\/\/www.nytimes.com\/2026\/01\/11\/us\/politics\/jerome-powell-fed-inquiry-trump.html\" rel=\"nofollow noopener\" target=\"_blank\">avisa<\/a> gjelder etterforskningen angivelig to forhold:<\/p>\n<ul>\n<li class=\"lab-bodytext-line\">Oppussingen av hovedkvarteret til Federal Reserve i Washington.<\/li>\n<li class=\"lab-bodytext-line\">Om Powell villedet Kongressen om omfanget av prosjektet.<\/li>\n<\/ul>\n<p>USAs president Donald Trump har lenge v\u00e6rt sterkt kritisk til at Powell har n\u00f8lt med \u00e5 sette ned renten, fordi sentralbanksjefen mener risikoen for \u00f8kt inflasjon er for h\u00f8y. Han har i lang tid \u00f8nsket \u00e5 erstatte Powell.<\/p>\n<p>Trump sier at han ikke vet noe om etterforskningen.\u00a0<\/p>\n<p>&#8211; Jeg vet ingenting om det, men han er i hvert fall ikke s\u00e6rlig flink i sentralbanken, og han er heller ikke s\u00e6rlig flink til \u00e5 bygge bygninger, sier Trump til <a href=\"https:\/\/www.nbcnews.com\/politics\/donald-trump\/trump-denies-involvement-doj-fed-subpoena-jerome-powell-rcna253526\" rel=\"nofollow noopener\" target=\"_blank\">NBC News<\/a>.<\/p>\n<p>        <img loading=\"lazy\" decoding=\"async\" src=\"https:\/\/www.europesays.com\/no\/wp-content\/uploads\/2026\/01\/84085192.webp.webp\" width=\"667\" height=\"381\" title=\"LIKE IKKE POWELL; Donald Trump er ingen fan av USAs sentralbanksjef Jerome Powell, men sier at han ikke vet noe om etterforskningen. Foto: Julia Demaree Nikhinson \/ AP \/ NTB\" alt=\"\" class=\"\" style=\"--aspect-ratio-image: 1.75; \"\/><\/p>\n<p>\n        LIKE IKKE POWELL; Donald Trump er ingen fan av USAs sentralbanksjef Jerome Powell, men sier at han ikke vet noe om etterforskningen. Foto: Julia Demaree Nikhinson \/ AP \/ NTB\n    <\/p>\n<p>I en <a href=\"https:\/\/www.federalreserve.gov\/newsevents\/speech\/powell20260111a.htm\" rel=\"nofollow noopener\" target=\"_blank\">uttalelse<\/a> kort tid etter at The New York Times publiserte artikkelen, avviser Powell at saken i realiteten handler om byggeprosjektet eller hans forklaring til Kongressen.\u00a0<\/p>\n<p>Han mener trusselen om straffeforf\u00f8lgelse i stedet er et resultat av politisk press, etter at sentralbanken har nektet \u00e5 tilpasse pengepolitikken til presidentens \u00f8nsker.<\/p>\n<p>&#8211; Trusselen om strafferettslige anklager er en konsekvens av at Federal Reserve fastsetter renten basert p\u00e5 v\u00e5r beste vurdering av hva som tjener allmennheten, fremfor \u00e5 f\u00f8lge presidentens preferanser, heter det i uttalelsen.<\/p>\n<p>        TATT P\u00c5 SENGA: Sentralbanksjef Jerome Powell ble tatt p\u00e5 senga da president Donald Trump presenterte den endelige prislappen for den nye sentralbanken som holder p\u00e5 \u00e5 renoveres i Washington. Video: AP. Reporter: Trond Markus Gravdal<\/p>\n<p>Trump sier til NBC Newsstevningene fra Justisdepartementet ikke har noe med renteniv\u00e5et \u00e5 gj\u00f8re.<\/p>\n<p>&#8211; Nei. Jeg ville ikke engang tenke p\u00e5 \u00e5 gj\u00f8re det p\u00e5 den m\u00e5ten. Det som b\u00f8r legge press p\u00e5 ham, er at rentene er altfor h\u00f8ye. Det er det eneste presset han har. Han har skadet mange mennesker. Jeg tror offentligheten legger press p\u00e5 ham, sier Trump.\u00a0<\/p>\n<p>Det var Trump selv som nominerte Powell til rollen tilbake i 2017. Siden har forholdet mellom de to surnet. \u00c5rem\u00e5let til Powell er over i mai og Trump har allerede sagt at han har erstatteren klar.\u00a0<\/p>\n<p>Den republikanske senatoren Thom Tillis raser mot etterforskningen.\u00a0<\/p>\n<p>&#8211; Hvis det fortsatt skulle herske tvil om hvorvidt r\u00e5dgivere i Trump-administrasjonen aktivt arbeider for \u00e5 avvikle USAs sentralbanks uavhengighet, b\u00f8r den n\u00e5 v\u00e6re borte. Det er n\u00e5 Justisdepartementets uavhengighet og troverdighet som st\u00e5r p\u00e5 spill, skriver Tillis p\u00e5 X.\u00a0<\/p>\n<p>Han fortsetter:\u00a0<\/p>\n<p>&#8211; Jeg vil motsette meg bekreftelsen av enhver kandidat til sentralbanken \u2013 inkludert den kommende ledige stillingen som sentralbanksjef \u2013 inntil denne juridiske saken er fullt avklart.<\/p>\n","protected":false},"excerpt":{"rendered":"New York Times: P\u00e5talemyndigheten i Washington har \u00e5pnet en strafferettslig etterforskning knyttet til USAs sentralbanksjef Jerome Powell, skriver&hellip;\n","protected":false},"author":2,"featured_media":135114,"comment_status":"","ping_status":"","sticky":false,"template":"","format":"standard","meta":{"footnotes":""},"categories":[12],"tags":[20,21,24,25,15,22,23,13,30,28,29,14,16,3971,26,27,412,42,43,44,45],"class_list":{"0":"post-135113","1":"post","2":"type-post","3":"status-publish","4":"format-standard","5":"has-post-thumbnail","7":"category-verden","8":"tag-breaking-news","9":"tag-breakingnews","10":"tag-featured-news","11":"tag-featurednews","12":"tag-headlines","13":"tag-latest-news","14":"tag-latestnews","15":"tag-news","16":"tag-no","17":"tag-norge","18":"tag-norway","19":"tag-nyheter","20":"tag-overskrifter","21":"tag-sentralbanken","22":"tag-top-stories","23":"tag-topstories","24":"tag-utenriks","25":"tag-verden","26":"tag-world","27":"tag-world-news","28":"tag-worldnews"},"share_on_mastodon":{"url":"https:\/\/pubeurope.com\/@no\/115880350361503018","error":""},"_links":{"self":[{"href":"https:\/\/www.europesays.com\/no\/wp-json\/wp\/v2\/posts\/135113","targetHints":{"allow":["GET"]}}],"collection":[{"href":"https:\/\/www.europesays.com\/no\/wp-json\/wp\/v2\/posts"}],"about":[{"href":"https:\/\/www.europesays.com\/no\/wp-json\/wp\/v2\/types\/post"}],"author":[{"embeddable":true,"href":"https:\/\/www.europesays.com\/no\/wp-json\/wp\/v2\/users\/2"}],"replies":[{"embeddable":true,"href":"https:\/\/www.europesays.com\/no\/wp-json\/wp\/v2\/comments?post=135113"}],"version-history":[{"count":0,"href":"https:\/\/www.europesays.com\/no\/wp-json\/wp\/v2\/posts\/135113\/revisions"}],"wp:featuredmedia":[{"embeddable":true,"href":"https:\/\/www.europesays.com\/no\/wp-json\/wp\/v2\/media\/135114"}],"wp:attachment":[{"href":"https:\/\/www.europesays.com\/no\/wp-json\/wp\/v2\/media?parent=135113"}],"wp:term":[{"taxonomy":"category","embeddable":true,"href":"https:\/\/www.europesays.com\/no\/wp-json\/wp\/v2\/categories?post=135113"},{"taxonomy":"post_tag","embeddable":true,"href":"https:\/\/www.europesays.com\/no\/wp-json\/wp\/v2\/tags?post=135113"}],"curies":[{"name":"wp","href":"https:\/\/api.w.org\/{rel}","templated":true}]}}