{"id":135119,"date":"2026-01-12T05:09:10","date_gmt":"2026-01-12T05:09:10","guid":{"rendered":"https:\/\/www.europesays.com\/no\/135119\/"},"modified":"2026-01-12T05:09:10","modified_gmt":"2026-01-12T05:09:10","slug":"ukraina-kyiv-1000-boligblokker-fortsatt-uten-strom-og-oppvarming-i-kyiv","status":"publish","type":"post","link":"https:\/\/www.europesays.com\/no\/135119\/","title":{"rendered":"Ukraina, Kyiv | 1000 boligblokker fortsatt uten str\u00f8m og oppvarming i Kyiv"},"content":{"rendered":"\n<p>\u2013 Reparasjonsarbeidet p\u00e5g\u00e5r fortsatt i Kyiv etter angrepet som skjedde i forg\u00e5rs, sier president Volodymyr Zelenskyj i en videotale.<\/p>\n<p>\u2013 Hovedoppgaven er \u00e5 gjenopprette str\u00f8mforsyningen til alle bygninger, legger han til.<\/p>\n<p>Rundt 200 mannskaper jobbet s\u00f8ndag p\u00e5 spreng med \u00e5 utbedre skadene etter fredagens angrep, som foruten str\u00f8mnettet ogs\u00e5 rammet vannforsyningen.<\/p>\n<p><b>Les ogs\u00e5: <a href=\"https:\/\/www.nettavisen.no\/nyheter\/tidligere-sjef-for-den-britiske-haren-frykter-russland-kan-ga-i-opplosning\/s\/5-95-2816957\" rel=\"Follow nofollow noopener\" target=\"_blank\">Tidligere sjef for den britiske h\u00e6ren frykter Russland kan g\u00e5 i oppl\u00f8sning<\/a><\/b><\/p>\n<p>If\u00f8lge Zelenskyj har Russland angrepet Ukraina med 1100 droner, mer enn 890 flybomber og over 50 raketter den siste uka.<\/p>\n<p>Fredagens rakettangrep mot Kyiv resulterte i at praktisk talt hele byen mistet str\u00f8m og oppvarming i vinterkulden.<\/p>\n<p>(\u00a9NTB)<\/p>\n<p>    Vil du se neste video?<\/p>\n<p>    <a href=\"https:\/\/www.nettavisen.no\/nyheter\/ukrainsk-jagerfly-odelegger-for-vladimir-putin-i-pokrovsk\/v\/5-95-2807927\" class=\"recommend-poster\" data-adp-clicklabel=\"video-recommend\" data-adp-clickvalue=\"poster\" rel=\"nofollow noopener\" target=\"_blank\"><br \/>\n      <img decoding=\"async\" width=\"200\" height=\"200\" loading=\"lazy\" src=\"https:\/\/www.europesays.com\/no\/wp-content\/uploads\/2026\/01\/JAGERFLY+BREDDE.jpg\" alt=\"\" class=\"brick-c-cFOWSL\" style=\"--brick-image-ratio: 200 \/ 200;\"\/><\/p>\n<p>Nye bilder: Rammer Putin hardt0:41<\/p>\n<p>    <\/a><\/p>\n","protected":false},"excerpt":{"rendered":"\u2013 Reparasjonsarbeidet p\u00e5g\u00e5r fortsatt i Kyiv etter angrepet som skjedde i forg\u00e5rs, sier president Volodymyr Zelenskyj i en&hellip;\n","protected":false},"author":2,"featured_media":135120,"comment_status":"","ping_status":"","sticky":false,"template":"","format":"standard","meta":{"footnotes":""},"categories":[12],"tags":[20,21,24,25,15,22,23,13,30,28,29,14,16,26,27,42,43,44,45],"class_list":{"0":"post-135119","1":"post","2":"type-post","3":"status-publish","4":"format-standard","5":"has-post-thumbnail","7":"category-verden","8":"tag-breaking-news","9":"tag-breakingnews","10":"tag-featured-news","11":"tag-featurednews","12":"tag-headlines","13":"tag-latest-news","14":"tag-latestnews","15":"tag-news","16":"tag-no","17":"tag-norge","18":"tag-norway","19":"tag-nyheter","20":"tag-overskrifter","21":"tag-top-stories","22":"tag-topstories","23":"tag-verden","24":"tag-world","25":"tag-world-news","26":"tag-worldnews"},"share_on_mastodon":{"url":"https:\/\/pubeurope.com\/@no\/115880405527257554","error":""},"_links":{"self":[{"href":"https:\/\/www.europesays.com\/no\/wp-json\/wp\/v2\/posts\/135119","targetHints":{"allow":["GET"]}}],"collection":[{"href":"https:\/\/www.europesays.com\/no\/wp-json\/wp\/v2\/posts"}],"about":[{"href":"https:\/\/www.europesays.com\/no\/wp-json\/wp\/v2\/types\/post"}],"author":[{"embeddable":true,"href":"https:\/\/www.europesays.com\/no\/wp-json\/wp\/v2\/users\/2"}],"replies":[{"embeddable":true,"href":"https:\/\/www.europesays.com\/no\/wp-json\/wp\/v2\/comments?post=135119"}],"version-history":[{"count":0,"href":"https:\/\/www.europesays.com\/no\/wp-json\/wp\/v2\/posts\/135119\/revisions"}],"wp:featuredmedia":[{"embeddable":true,"href":"https:\/\/www.europesays.com\/no\/wp-json\/wp\/v2\/media\/135120"}],"wp:attachment":[{"href":"https:\/\/www.europesays.com\/no\/wp-json\/wp\/v2\/media?parent=135119"}],"wp:term":[{"taxonomy":"category","embeddable":true,"href":"https:\/\/www.europesays.com\/no\/wp-json\/wp\/v2\/categories?post=135119"},{"taxonomy":"post_tag","embeddable":true,"href":"https:\/\/www.europesays.com\/no\/wp-json\/wp\/v2\/tags?post=135119"}],"curies":[{"name":"wp","href":"https:\/\/api.w.org\/{rel}","templated":true}]}}