{"id":135131,"date":"2026-01-12T05:27:33","date_gmt":"2026-01-12T05:27:33","guid":{"rendered":"https:\/\/www.europesays.com\/no\/135131\/"},"modified":"2026-01-12T05:27:33","modified_gmt":"2026-01-12T05:27:33","slug":"sportssjefen-om-spillerjakten-hadde-vaert-respektlost-a-gjore-smp-no","status":"publish","type":"post","link":"https:\/\/www.europesays.com\/no\/135131\/","title":{"rendered":"Sports\u00adsjefen om spiller\u00adjakten: \u2013 Hadde v\u00e6rt respekt\u00adl\u00f8st \u00e5 gj\u00f8re &#8211; smp.no"},"content":{"rendered":"<ol>\n<li><a href=\"https:\/\/news.google.com\/rss\/articles\/CBMinwFBVV95cUxPSW9USzJmRGthOUgxNnJDVklDVnZ3bElBWGprdnNNbkJsMGFXRkJYZmZiSXN4eFpOS1RkYTdFN2hBaFUySFFvT1g5WWxJQ0loVDZWUTVKU1Zxeklia0pUR1FsNVB0RFI3ZWFaZ3dGaG5Pc0RGU253enlBbUZyNjNlR2k2VzZGOVdZZXI0SHBBdGhSSWVVMWJZRHRwaE1QRms?oc=5\" target=\"_blank\" rel=\"nofollow noopener\">Sports\u00adsjefen om spiller\u00adjakten: \u2013 Hadde v\u00e6rt respekt\u00adl\u00f8st \u00e5 gj\u00f8re<\/a>&nbsp;&nbsp;smp.no<\/li>\n<li><a href=\"https:\/\/news.google.com\/rss\/articles\/CBMijwFBVV95cUxQcFM2ckxOek9zTWJ3dFJsR2RuOFhWdEdLazR6NjF0Q21oU3hIZ0hyaDRGMjI1d1dVX3NERU9EQnlHdURqNFdYaF9vc1NUV1ctYnlUdlY1S3VFRjRNbEJnZUxlT3pRWU1VdVdTS2FMdFBTNHZyQ3ZTUktveUE4TEltdm0ycGRFeG8ydUdfa1Vhbw?oc=5\" target=\"_blank\" rel=\"nofollow noopener\">Sunnm\u00f8rsball direkte: Se \u00e5rets f\u00f8rste AaFK-trening<\/a>&nbsp;&nbsp;smp.no<\/li>\n<li><a href=\"https:\/\/news.google.com\/rss\/articles\/CBMivgFBVV95cUxPSF9LU3NxUExnUGI1WVNXd2QtWDZIXzhCSndHWi1iR3FiMDk1a2o4UkJ2UHByNl9vZGxnWG5MMFoyLVJvelBzLXJweTBpMEpDRlJaU0lzYXBNczRYU1RTQk5JSGxILU95SUNiZzM1TktlaDRtNUhJTFdRa1FOUVNFRjEwbDB2aFl3NWlWWE80bmJRZEVLVmxXNDRLOUN1YkxWdmZXR2FFTmVTX3ZuNEtNa09aSFJianBOaDhjeV9B?oc=5\" target=\"_blank\" rel=\"nofollow noopener\">AaFK Kvinner starta opp\u00adk\u00f8yringa til Toppserien onsdag, med nytt namn, trenar og divisjon<\/a>&nbsp;&nbsp;NRK<\/li>\n<li><a href=\"https:\/\/news.google.com\/rss\/articles\/CBMinwFBVV95cUxPRE8wWkJYMTRRNzZlc1BZb3RBZ04zMkdsd0pMeXlHTEVoRS13WHc5YS1zSXpxR0VBcGx3ZXpfT3V6b1dZZUZKRlh1YnpEVHZlbTNrS2k5WXlHQlVxRXV6bExkbEFWM1czMkR3VDJneld6eUxWeEhwMlR4RkU2cno4eVJER2JDX1lCcmFkc1AzM2FjZ3R1aTRtSjdRc1VOVUE?oc=5\" target=\"_blank\" rel=\"nofollow noopener\">Ser stor mulighet i \u00c5lesund: \u2013 Noen ganger m\u00e5 man gj\u00f8re noe nytt<\/a>&nbsp;&nbsp;smp.no<\/li>\n<li><a href=\"https:\/\/news.google.com\/rss\/articles\/CBMikAFBVV95cUxQU2F5VklRdUpuRkxCVFZkRFg3UlRGYThfQ2FhT0xBUEJIUHlkQUdNQVN5T0g1WXQ4Z0Rwc0NHcVdYZXU0RlFzTDk1dWpfWXVOY1hVODQ3aVZ6MnNPc2dsSDhaRzB2NllxZ3lybEthb0ZXc3Z6Qnl1bG1lZ2JlQ0hrR2VhbTBjLS0wczllWkpFbW4?oc=5\" target=\"_blank\" rel=\"nofollow noopener\">Hit skal AaFK p\u00e5 treningsleir<\/a>&nbsp;&nbsp;smp.no<\/li>\n<\/ol>\n","protected":false},"excerpt":{"rendered":"Sports\u00adsjefen om spiller\u00adjakten: \u2013 Hadde v\u00e6rt respekt\u00adl\u00f8st \u00e5 gj\u00f8re&nbsp;&nbsp;smp.no Sunnm\u00f8rsball direkte: Se \u00e5rets f\u00f8rste AaFK-trening&nbsp;&nbsp;smp.no AaFK Kvinner starta&hellip;\n","protected":false},"author":2,"featured_media":135132,"comment_status":"","ping_status":"","sticky":false,"template":"","format":"standard","meta":{"footnotes":""},"categories":[59],"tags":[30,28,29,83,82],"class_list":{"0":"post-135131","1":"post","2":"type-post","3":"status-publish","4":"format-standard","5":"has-post-thumbnail","7":"category-sport","8":"tag-no","9":"tag-norge","10":"tag-norway","11":"tag-sport","12":"tag-sports"},"share_on_mastodon":{"url":"https:\/\/pubeurope.com\/@no\/115880476163881028","error":""},"_links":{"self":[{"href":"https:\/\/www.europesays.com\/no\/wp-json\/wp\/v2\/posts\/135131","targetHints":{"allow":["GET"]}}],"collection":[{"href":"https:\/\/www.europesays.com\/no\/wp-json\/wp\/v2\/posts"}],"about":[{"href":"https:\/\/www.europesays.com\/no\/wp-json\/wp\/v2\/types\/post"}],"author":[{"embeddable":true,"href":"https:\/\/www.europesays.com\/no\/wp-json\/wp\/v2\/users\/2"}],"replies":[{"embeddable":true,"href":"https:\/\/www.europesays.com\/no\/wp-json\/wp\/v2\/comments?post=135131"}],"version-history":[{"count":0,"href":"https:\/\/www.europesays.com\/no\/wp-json\/wp\/v2\/posts\/135131\/revisions"}],"wp:featuredmedia":[{"embeddable":true,"href":"https:\/\/www.europesays.com\/no\/wp-json\/wp\/v2\/media\/135132"}],"wp:attachment":[{"href":"https:\/\/www.europesays.com\/no\/wp-json\/wp\/v2\/media?parent=135131"}],"wp:term":[{"taxonomy":"category","embeddable":true,"href":"https:\/\/www.europesays.com\/no\/wp-json\/wp\/v2\/categories?post=135131"},{"taxonomy":"post_tag","embeddable":true,"href":"https:\/\/www.europesays.com\/no\/wp-json\/wp\/v2\/tags?post=135131"}],"curies":[{"name":"wp","href":"https:\/\/api.w.org\/{rel}","templated":true}]}}