{"id":135139,"date":"2026-01-12T05:57:08","date_gmt":"2026-01-12T05:57:08","guid":{"rendered":"https:\/\/www.europesays.com\/no\/135139\/"},"modified":"2026-01-12T05:57:08","modified_gmt":"2026-01-12T05:57:08","slug":"apner-etterforskning-av-usas-sentralbanksjef-e24","status":"publish","type":"post","link":"https:\/\/www.europesays.com\/no\/135139\/","title":{"rendered":"\u00c5pner etterforskning av USAs sentralbanksjef \u2013 E24"},"content":{"rendered":"<p class=\"fullWidthDesktop hyperion-css-71ztg2\" data-test-tag=\"lead-text\">Powell mener etterforskningen er et resultat av at sentralbanken ikke har gjort som Trump vil. <\/p>\n<p><img decoding=\"async\" class=\"image-asset hyperion-css-u06ts1\" data-test-tag=\"image-asset\" src=\"https:\/\/www.europesays.com\/no\/wp-content\/uploads\/2026\/01\/4634d0ff-e95c-4a75-860e-3171e38a1f56.jpeg\"  alt=\"UNDER PRESS: Siden Trump p\u00e5 ny inntok Det hvite hus har han lagt betydelig press p\u00e5 Powell for \u00e5 kutte styringsrenten. Trump har blant annet kalt han \u00abdum\u00bb. \"  loading=\"eager\" fetchpriority=\"high\" style=\"aspect-ratio:1900 \/ 1320\"\/>UNDER PRESS: Siden Trump p\u00e5 ny inntok Det hvite hus har han lagt betydelig press p\u00e5 Powell for \u00e5 kutte styringsrenten. Trump har blant annet kalt han \u00abdum\u00bb. Foto: Carlos Barria \/ ReutersPublisert: <\/p>\n<p>For mindre enn 40 minutter siden<\/p>\n<p>Oppdatert n\u00e5 nettopp<\/p>\n<p>Kortversjonen<\/p>\n<ul class=\"hyperion-css-pkq1ci\" data-test-tag=\"list\">\n<li class=\"hyperion-css-12h2ush\">USAs sentralbanksjef Jerome Powell bekrefter at Fed har mottatt stevning fra en storjury, og kobler etterforskningen til press fra Trump.<\/li>\n<li class=\"hyperion-css-12h2ush\">Powell advarer om at saken kan true sentralbankens uavhengighet og pengepolitikken i USA.<\/li>\n<li class=\"hyperion-css-12h2ush\">Eksperter omtaler etterforskningen som en dramatisk opptrapping og et lavm\u00e5l i amerikansk sentralbankhistorie.<\/li>\n<\/ul>\n<p class=\"hyperion-css-10lbhat\">Oppsummeringen er laget av AI-verkt\u00f8yet ChatGPT og kvalitetssikret av E24s journalister<\/p>\n<p>Vis mer <\/p>\n<ul class=\"hyperion-css-pte5x0\">\n<li aria-label=\"link\" class=\"narrow-button hyperion-css-1sz7d3n\">Kopier lenke<\/li>\n<li aria-label=\"link\" class=\"wide-button hyperion-css-1sz7d3n\">Kopier lenke<\/li>\n<li aria-label=\"facebook\" class=\"narrow-button hyperion-css-1sz7d3n\">Del p\u00e5 Facebook<\/li>\n<li aria-label=\"facebook\" class=\"wide-button hyperion-css-1sz7d3n\">Del p\u00e5 Facebook<\/li>\n<li aria-label=\"email\" class=\"narrow-button hyperion-css-1sz7d3n\">Del med e-post<\/li>\n<li aria-label=\"email\" class=\"wide-button hyperion-css-1sz7d3n\">Del med e-post<\/li>\n<\/ul>\n<p class=\"hyperion-css-1lemvax\">Natt til mandag <a aria-label=\"bekrefter Jerome Powell\" class=\"default hyperion-css-1rezu2g\" href=\"https:\/\/www.federalreserve.gov\/newsevents\/speech\/powell20260111a.htm\" rel=\"noopener nofollow noreferrer\" data-test-tag=\"external-link\" target=\"_blank\">bekrefter Jerome Powell<\/a> at den amerikanske sentralbanken (Fed) p\u00e5 fredag mottok stevning fra en storjury. Sentralbanksjefen skriver at det er knyttet til hans \u00abvitnem\u00e5l for Senatets bankkomit\u00e9 i fjor sommer\u00bb. <\/p>\n<p class=\"hyperion-css-1lemvax\">Powell mener likevel at dette ikke handler om hans vitnem\u00e5l eller om rehabilitering av Feds bygninger, men at det m\u00e5 ses i sammenheng med presset mot sentralbanken. <\/p>\n<p class=\"hyperion-css-1lemvax\">\u2013 Trusselen om straffeforf\u00f8lgelse er en konsekvens av at Federal Reserve fastsetter rentene basert p\u00e5 v\u00e5r beste vurdering av hva som vil tjene allmennheten, i stedet for \u00e5 f\u00f8lge presidentens preferanser, sier Powell.<\/p>\n<p class=\"hyperion-css-1lemvax\">Han sier videre at saken handler om hvorvidt sentralbanken fortsatt vil kunne fastsette rentene basert p\u00e5 fakta og \u00f8konomiske forhold, eller om pengepolitikken vil bli styrt av politisk press.  <\/p>\n<p><a data-test-tag=\"teaser-small:link-internal\" href=\"https:\/\/e24.no\/boers-og-finans\/i\/bOnz9q\/oljekrisen-som-ikke-kommer\" class=\"imagePosition-top inline hyperion-css-6238vu\" rel=\"nofollow noopener\" target=\"\" aria-label=\"Oljekrisen som ikke kommer\"><\/p>\n<p>Les p\u00e5 E24+<\/p>\n<p>Oljekrisen som ikke kommer<\/p>\n<p><\/a><\/p>\n<p class=\"hyperion-css-1lemvax\">\u2013 Ingen, og i hvert fall ikke lederen for Federal Reserve, st\u00e5r over loven. Men dette tiltaket som savner sidestykke, m\u00e5 sees i en bredere sammenheng, nemlig administrasjonens trusler og p\u00e5g\u00e5ende press, uttaler Powell.<\/p>\n<p class=\"hyperion-css-1lemvax\">Hverken Det hvite hus eller USAs justisdepartement har forel\u00f8pig kommentert uttalelsene fra Powell.<\/p>\n<p>\u2013 Dramatisk opptrapping<\/p>\n<p class=\"hyperion-css-1lemvax\">\u00d8konomer har tidligere frykter at den politiske innblandingen kan <a data-test-tag=\"internal-link\" href=\"https:\/\/e24.no\/internasjonal-oekonomi\/i\/Pp7lrz\/uavhengigheten-staar-paa-spill-investorenes-tillit-vil-trolig-svekkes\" class=\"hyperion-css-1rezu2g\" rel=\"nofollow noopener\" target=\"\" aria-label=\"svekke tilliten til sentralbankens uavhengighet.\">svekke tilliten til sentralbankens uavhengighet.<\/a><\/p>\n<p class=\"hyperion-css-1lemvax\">Fed-historiker ved Universitetet i Pennsylvania kaller etterforskningen \u00abet lavm\u00e5l i Trumps presidentskap og i USAs sentralbankhistorie, skriver <a aria-label=\"Reuters\" class=\"default hyperion-css-1rezu2g\" href=\"https:\/\/www.reuters.com\/business\/finance\/trump-team-ramps-up-attack-feds-powell-with-criminal-indictment-threat-2026-01-12\/\" rel=\"noopener nofollow noreferrer\" data-test-tag=\"external-link\" target=\"_blank\">Reuters<\/a>.<\/p>\n<p class=\"hyperion-css-1lemvax\">\u2013 Dette markerer en dramatisk opptrapping i administrasjonens fors\u00f8k p\u00e5 \u00e5 undergrave Fed, og kan utl\u00f8se en rekke utilsiktede konsekvenser som g\u00e5r direkte p\u00e5 tvers av president Trumps uttalte m\u00e5l\u00bb, sier Karl Schamotta, markedsstrateg i Corpay til Reuters.<\/p>\n<p class=\"hyperion-css-1lemvax\">Siden Donald Trump ble innsatt som president har han lagt betydelig press p\u00e5 Powell for \u00e5 kutte styringsrenten. Han har blant annet kalt ham\u00a0<a data-test-tag=\"internal-link\" href=\"https:\/\/e24.no\/internasjonal-oekonomi\/i\/gwm9rA\/trump-raser-mot-usas-sentralbanksjef-igjen\" class=\"hyperion-css-1rezu2g\" rel=\"nofollow noopener\" target=\"\" aria-label=\"dum og destruktiv\">dum og destruktiv<\/a>, en\u00a0<a data-test-tag=\"internal-link\" href=\"https:\/\/e24.no\/internasjonal-oekonomi\/i\/25WObB\/trump-med-nytt-powell-angrep-hvis-han-fortsette-aa-nekte-maa-styret-ta-over-kontrollen\" class=\"hyperion-css-1rezu2g\" rel=\"nofollow noopener\" target=\"\" aria-label=\"\u00absta tulling\u00bb\">\u00absta tulling\u00bb<\/a>\u00a0og unders\u00f8kt\u00a0<a data-test-tag=\"internal-link\" href=\"https:\/\/e24.no\/internasjonal-oekonomi\/i\/4BAdXG\/raadgiver-trump-undersoeker-powell-sparking\" class=\"hyperion-css-1rezu2g\" rel=\"nofollow noopener\" target=\"\" aria-label=\"om det er mulig \u00e5 gi han sparken\">om det er mulig \u00e5 gi han sparken<\/a>.<\/p>\n<p class=\"hyperion-css-1lemvax\">Trump har ogs\u00e5 kritisert Powell for renoveringen av Fed-bygningen, som de mener er blitt altfor dyrt. If\u00f8lge\u00a0<a aria-label=\"Financial Times\" class=\"default hyperion-css-1rezu2g\" href=\"https:\/\/www.ft.com\/content\/f501de15-b2b2-4b51-80e5-4d37f18cd7d4\" rel=\"noopener nofollow noreferrer\" data-test-tag=\"external-link\" target=\"_blank\">Financial Times<\/a>\u00a0er prislappen p\u00e5 oppussingen p\u00e5 over 2,5 milliarder dollar.<\/p>\n<p>Skal snart byttes ut<\/p>\n<p class=\"hyperion-css-1lemvax\">I desember kuttet Fed <a data-test-tag=\"internal-link\" href=\"https:\/\/e24.no\/boers-og-finans\/i\/q6nk7g\/rentekutt-paa-025-prosentpoeng-i-usa\" class=\"hyperion-css-1rezu2g\" rel=\"nofollow noopener\" target=\"\" aria-label=\"renten med 0,25 prosentpoeng.\">renten med 0,25 prosentpoeng.<\/a> Dette var tredje gang USA-renten ble satt ned i fjor, til det laveste renteniv\u00e5et p\u00e5 over tre \u00e5r.<\/p>\n<p class=\"hyperion-css-1lemvax\">P\u00e5 neste rentem\u00f8te senere i desember er det imidlertid ventet en pause i rentekuttene. Samtidig har Trump gjort det klart at han mener de b\u00f8r fortsette, if\u00f8lge CNBC. <\/p>\n<p class=\"hyperion-css-1lemvax\">De store b\u00f8rsindeksene i USA falt i handelen utenom ordin\u00e6r \u00e5pningstid etter nyheten.<\/p>\n<p class=\"hyperion-css-1lemvax\">Powell skal uansett snart byttes ut. Hans periode som sentralbanksjef utl\u00f8per i mai, men han kan bli sittende i Fed-styret (og dermed rentekomiteen) frem til 2028.<\/p>\n<p class=\"hyperion-css-1lemvax\">Det er ventet at Trump vil annonsere den nye kandidaten som sentralbanksjef tidlig i 2026. Trump har sagt at hans \u00f8konomiske r\u00e5dgiver Kevin Hasset og tidligere Fed-topp Kevin Warsh leder an i konkurransen.<\/p>\n<p class=\"hyperion-css-1lemvax\">Med en ny sjef p\u00e5 plass, er sp\u00f8rsm\u00e5let\u00a0<a data-test-tag=\"internal-link\" href=\"https:\/\/e24.no\/internasjonal-oekonomi\/i\/8pmR6x\/ny-rentekomitee-i-2026-tror-ikke-powell-vil-bli\" class=\"hyperion-css-1rezu2g\" rel=\"nofollow noopener\" target=\"\" aria-label=\"om Powell vil beholde sin plass i Fed-styret.\">om Powell vil beholde sin plass i Fed-styret.<\/a><\/p>\n","protected":false},"excerpt":{"rendered":"Powell mener etterforskningen er et resultat av at sentralbanken ikke har gjort som Trump vil. UNDER PRESS: Siden&hellip;\n","protected":false},"author":2,"featured_media":135140,"comment_status":"","ping_status":"","sticky":false,"template":"","format":"standard","meta":{"footnotes":""},"categories":[12],"tags":[20,21,24,25,15,22,23,13,30,28,29,14,16,26,27,42,43,44,45],"class_list":{"0":"post-135139","1":"post","2":"type-post","3":"status-publish","4":"format-standard","5":"has-post-thumbnail","7":"category-verden","8":"tag-breaking-news","9":"tag-breakingnews","10":"tag-featured-news","11":"tag-featurednews","12":"tag-headlines","13":"tag-latest-news","14":"tag-latestnews","15":"tag-news","16":"tag-no","17":"tag-norge","18":"tag-norway","19":"tag-nyheter","20":"tag-overskrifter","21":"tag-top-stories","22":"tag-topstories","23":"tag-verden","24":"tag-world","25":"tag-world-news","26":"tag-worldnews"},"share_on_mastodon":{"url":"https:\/\/pubeurope.com\/@no\/115880594225503802","error":""},"_links":{"self":[{"href":"https:\/\/www.europesays.com\/no\/wp-json\/wp\/v2\/posts\/135139","targetHints":{"allow":["GET"]}}],"collection":[{"href":"https:\/\/www.europesays.com\/no\/wp-json\/wp\/v2\/posts"}],"about":[{"href":"https:\/\/www.europesays.com\/no\/wp-json\/wp\/v2\/types\/post"}],"author":[{"embeddable":true,"href":"https:\/\/www.europesays.com\/no\/wp-json\/wp\/v2\/users\/2"}],"replies":[{"embeddable":true,"href":"https:\/\/www.europesays.com\/no\/wp-json\/wp\/v2\/comments?post=135139"}],"version-history":[{"count":0,"href":"https:\/\/www.europesays.com\/no\/wp-json\/wp\/v2\/posts\/135139\/revisions"}],"wp:featuredmedia":[{"embeddable":true,"href":"https:\/\/www.europesays.com\/no\/wp-json\/wp\/v2\/media\/135140"}],"wp:attachment":[{"href":"https:\/\/www.europesays.com\/no\/wp-json\/wp\/v2\/media?parent=135139"}],"wp:term":[{"taxonomy":"category","embeddable":true,"href":"https:\/\/www.europesays.com\/no\/wp-json\/wp\/v2\/categories?post=135139"},{"taxonomy":"post_tag","embeddable":true,"href":"https:\/\/www.europesays.com\/no\/wp-json\/wp\/v2\/tags?post=135139"}],"curies":[{"name":"wp","href":"https:\/\/api.w.org\/{rel}","templated":true}]}}