{"id":135157,"date":"2026-01-12T06:36:19","date_gmt":"2026-01-12T06:36:19","guid":{"rendered":"https:\/\/www.europesays.com\/no\/135157\/"},"modified":"2026-01-12T06:36:19","modified_gmt":"2026-01-12T06:36:19","slug":"en-kommentar-til-gutta-i-blatt-og-morkeblatt-vol-no","status":"publish","type":"post","link":"https:\/\/www.europesays.com\/no\/135157\/","title":{"rendered":"\u00abEn kommentar til gutta i bl\u00e5tt og m\u00f8rkebl\u00e5tt\u00bb &#8211; vol.no"},"content":{"rendered":"<ol>\n<li><a href=\"https:\/\/news.google.com\/rss\/articles\/CBMijAFBVV95cUxPZ3JES1pacGRyblNSWmE5cEQwZW1FOFhxbzJBRU5DZUg3Q1RmOEtBN094NFNkWUNNd1hGb3NfaWc5Z2ZUWk1aUmdsN0ZNN3l5M1R1Zngyc0l6ZHRtTWhRbzU4eE5ZLTFNcVlDVzJPOHkwd2NzMXJuNmRmbl9UX2lIV0RsLXVXam9zaFlkWQ?oc=5\" target=\"_blank\" rel=\"nofollow noopener\">\u00abEn kommentar til gutta i bl\u00e5tt og m\u00f8rkebl\u00e5tt\u00bb<\/a>&nbsp;&nbsp;vol.no<\/li>\n<li><a href=\"https:\/\/news.google.com\/rss\/articles\/CBMiekFVX3lxTFBqOGVpZXRsQl9Pajk4WWxMMU4ycmthYVZoczIycjl4Mk5LU1RlZExjNUxMVDg4dGxWWnp0LWMxaXRQd3FoU0JoU0JreDNILU9QWWg5LWdlMHVENDN2dzRkdDEtcWhlYXdPX0lQNUdZRWUxcUVxRWQ1dDZB?oc=5\" target=\"_blank\" rel=\"nofollow noopener\">\u00abHvor er det Kjell vil hente penger til \u00e5 opprettholde og videreutvikle Kulturfabrikken?\u00bb<\/a>&nbsp;&nbsp;vol.no<\/li>\n<li><a href=\"https:\/\/news.google.com\/rss\/articles\/CBMikAFBVV95cUxQeGI5ajRodEtiZTJtTEp6bVVaV3JZZXNiZzR6eUdVTlNBLTFKeDJVSFFzaGoxU01MUGF0VGhBdHAzdnFXNV96dVVGZmxPeU8wR3BwaUxMS0xzWHd2cVY5azNQMk1mbWFQRExEdV9hbVJjXzhFLWJFZ2JuR1ZwNVVHazJCMlB6QUFNNUR0M1BsbUs?oc=5\" target=\"_blank\" rel=\"nofollow noopener\">\u00abI s\u00e5 trange \u00f8konomiske tider som vi st\u00e5r i n\u00e5, er vi n\u00f8dt til \u00e5 prioritere hardt\u00bb<\/a>&nbsp;&nbsp;vol.no<\/li>\n<li><a href=\"https:\/\/news.google.com\/rss\/articles\/CBMiZ0FVX3lxTE9pbDFMVS1fUURkYmpEbGtKaVVoVTNnNGlBcmdtRWJyaHhtcy16XzlFOU9OMWVPLS0zd3NSeUFkRWVYZkhRVXl2bzJRRVkzTjAxMVNUVV9CdzhINVROQ0NrMEdmWV9UbjA?oc=5\" target=\"_blank\" rel=\"nofollow noopener\">\u00abStarten p\u00e5 slutten?\u00bb<\/a>&nbsp;&nbsp;vol.no<\/li>\n<li><a href=\"https:\/\/news.google.com\/rss\/articles\/CBMitwFBVV95cUxNbTFrd29UMGR1dGZvWlp6TnlUX2tNN25DRFZWd2NkV0N3WUw3clN5UzNaZU5YclgzaXk3TUgxN2c2cUZlQ0V1X1dXeGNQT0gybGNSVE9ObXkyX3RveGtXS1VTMGwyRE03UVRINU43eTFUZWVMYkpYc0RDSER0dW0wS0pfUFJ4ZmltalNQVVBMSThncWVHWlpFREl3dHZNTnNDN0RnV2s1enZuRnNRUlN2ZUNzN3RwekU?oc=5\" target=\"_blank\" rel=\"nofollow noopener\">(+) Tidlig stenging av Kulturfabrikken skaper tr\u00f8bbel for Kulturskolen<\/a>&nbsp;&nbsp;vol.no<\/li>\n<\/ol>\n","protected":false},"excerpt":{"rendered":"\u00abEn kommentar til gutta i bl\u00e5tt og m\u00f8rkebl\u00e5tt\u00bb&nbsp;&nbsp;vol.no \u00abHvor er det Kjell vil hente penger til \u00e5 opprettholde&hellip;\n","protected":false},"author":2,"featured_media":135158,"comment_status":"","ping_status":"","sticky":false,"template":"","format":"standard","meta":{"footnotes":""},"categories":[10],"tags":[20,21,2812,24,25,15,6756,22,23,13,30,28,29,14,16,3673,26,27],"class_list":{"0":"post-135157","1":"post","2":"type-post","3":"status-publish","4":"format-standard","5":"has-post-thumbnail","7":"category-norge","8":"tag-breaking-news","9":"tag-breakingnews","10":"tag-budsjett","11":"tag-featured-news","12":"tag-featurednews","13":"tag-headlines","14":"tag-kulturfabrikken","15":"tag-latest-news","16":"tag-latestnews","17":"tag-news","18":"tag-no","19":"tag-norge","20":"tag-norway","21":"tag-nyheter","22":"tag-overskrifter","23":"tag-sortland","24":"tag-top-stories","25":"tag-topstories"},"share_on_mastodon":{"url":"https:\/\/pubeurope.com\/@no\/115880747477717283","error":""},"_links":{"self":[{"href":"https:\/\/www.europesays.com\/no\/wp-json\/wp\/v2\/posts\/135157","targetHints":{"allow":["GET"]}}],"collection":[{"href":"https:\/\/www.europesays.com\/no\/wp-json\/wp\/v2\/posts"}],"about":[{"href":"https:\/\/www.europesays.com\/no\/wp-json\/wp\/v2\/types\/post"}],"author":[{"embeddable":true,"href":"https:\/\/www.europesays.com\/no\/wp-json\/wp\/v2\/users\/2"}],"replies":[{"embeddable":true,"href":"https:\/\/www.europesays.com\/no\/wp-json\/wp\/v2\/comments?post=135157"}],"version-history":[{"count":0,"href":"https:\/\/www.europesays.com\/no\/wp-json\/wp\/v2\/posts\/135157\/revisions"}],"wp:featuredmedia":[{"embeddable":true,"href":"https:\/\/www.europesays.com\/no\/wp-json\/wp\/v2\/media\/135158"}],"wp:attachment":[{"href":"https:\/\/www.europesays.com\/no\/wp-json\/wp\/v2\/media?parent=135157"}],"wp:term":[{"taxonomy":"category","embeddable":true,"href":"https:\/\/www.europesays.com\/no\/wp-json\/wp\/v2\/categories?post=135157"},{"taxonomy":"post_tag","embeddable":true,"href":"https:\/\/www.europesays.com\/no\/wp-json\/wp\/v2\/tags?post=135157"}],"curies":[{"name":"wp","href":"https:\/\/api.w.org\/{rel}","templated":true}]}}