{"id":135159,"date":"2026-01-12T06:38:19","date_gmt":"2026-01-12T06:38:19","guid":{"rendered":"https:\/\/www.europesays.com\/no\/135159\/"},"modified":"2026-01-12T06:38:19","modified_gmt":"2026-01-12T06:38:19","slug":"berg-svarer-om-fremtiden-ville-vaert-respektlost","status":"publish","type":"post","link":"https:\/\/www.europesays.com\/no\/135159\/","title":{"rendered":"Berg svarer om fremtiden: &#8211; Ville v\u00e6rt respektl\u00f8st"},"content":{"rendered":"<p data-lab-font_weight=\"\">\u2013 Mye handler om \u00e5 v\u00e6re sulten nok, sier Patrick Berg til TV 2.\u00a0<\/p>\n<p>Nok en sesong har g\u00e5tt for Bod\u00f8\/Glimts kaptein.\u00a0<\/p>\n<p>Og som alltid har Berg levert varene, og kronet dermed ogs\u00e5 2025 med \u00e5 bli \u00e5rets spiller i Eliteserien.<\/p>\n<p>Men kapteinen er fortsatt ikke i tvil:<\/p>\n<p class=\"bold m-bold\" data-lab-font_weight=\"bold\">\u2013 Jeg f\u00f8ler at jeg kan bli enda bedre og utvikle meg mer som spiller.<\/p>\n<p>Berg m\u00f8ter TV 2 etter en lengre \u00f8kt med laget i Marbella. Fokuset og intensiteten er p\u00e5 et h\u00f8yt niv\u00e5 f\u00f8r m\u00f8tet med Manchester City i Champions League.<\/p>\n<p>        <img class=\"image__img lazyload\" itemprop=\"image\" title=\"Foto: Espen Myklebust Haugen \/ TV 2\" alt=\"AKSJON: Kjetil Knutsen samler spillerne til en kort pep-talk f\u00f8r de g\u00e5r ut p\u00e5 matta for ny trenings\u00f8kt. Foto: Espen Myklebust Haugen \/ TV 2\" width=\"978\" height=\"656\" bad-src=\"https:\/\/www.europesays.com\/no\/wp-content\/uploads\/2026\/01\/18449405.webp.jpeg\" fetchpriority=\"auto\" \/><\/p>\n<p>      AKSJON: Kjetil Knutsen samler spillerne til en kort pep-talk f\u00f8r de g\u00e5r ut p\u00e5 matta for ny trenings\u00f8kt.<br \/>\n         Foto: Espen Myklebust Haugen \/ TV 2<\/p>\n<p>Men mer om det senere. F\u00f8rst litt om Berg, som n\u00e5 g\u00e5r inn i 2026 med et tydelig m\u00e5l om \u00e5 ta nye steg og l\u00f8fte seg ytterligere som fotballspiller.<\/p>\n<p class=\"no_italic m-no_italic\" data-lab-italic=\"\">Det til tross for at han tidligere har forklart hvor mye som ofres for \u00e5 v\u00e6re der han er i dag.\u00a0<\/p>\n<p>    <a class=\"article__link\" data-ga-active-label=\"\" data-ga-active-label-animation=\"\" href=\"https:\/\/www.tv2.no\/sport\/det-gar-utover-mange-rundt-meg\/18346816\/\" rel=\"nofollow noopener\" target=\"_blank\"><\/p>\n<p>    <img class=\"image__img lazyload\" itemprop=\"image\" title=\"\" alt=\"\" width=\"978\" height=\"411\" bad-src=\"https:\/\/www.europesays.com\/no\/wp-content\/uploads\/2026\/01\/18346891.webp.jpeg\" fetchpriority=\"auto\" \/><\/p>\n<p>\n            \u2013 Det g\u00e5r utover mange rundt meg\n        <\/p>\n<p>    <\/a><\/p>\n<p class=\"italic m-italic\" data-lab-italic=\"italic\">\u2013 Hva er planen for \u00e5 bli enda bedre?<\/p>\n<p class=\"no_italic m-no_italic\" data-lab-italic=\"\">\u2013 Jeg tror ikke det handler om \u00e5 gj\u00f8re ting s\u00e5 veldig mye annerledes, men jeg opplever selv at jeg har en ganske god innstilling til trening og et sterkt \u00f8nske om \u00e5 bli bedre, sier Berg, og utdyper:\u00a0<\/p>\n<p>        <img class=\"image__img lazyload\" itemprop=\"image\" title=\"Foto: Espen Myklebust Haugen \/ TV 2\" alt=\"VIL BLI BEDRE: Patrick Berg forteller at han har et m\u00e5l om \u00e5 ta et nytt steg som fotballspiller i 2026. Foto: Espen Myklebust Haugen \/ TV 2\" width=\"978\" height=\"656\" bad-src=\"https:\/\/www.europesays.com\/no\/wp-content\/uploads\/2026\/01\/18449373.webp.jpeg\" fetchpriority=\"auto\" \/><\/p>\n<p>      VIL BLI BEDRE: Patrick Berg forteller at han har et m\u00e5l om \u00e5 ta et nytt steg som fotballspiller i 2026.<br \/>\n         Foto: Espen Myklebust Haugen \/ TV 2<\/p>\n<p class=\"bold m-bold\" data-lab-font_weight=\"bold\">\u2013 Jeg kommer p\u00e5 trening med et \u00f8nske om \u00e5 gj\u00f8re ting hundre prosent og bli bedre hver eneste dag. Det tror jeg man tjener mye p\u00e5 i lengden. <\/p>\n<p>Med den ambisjonen i bunn, og med det niv\u00e5et Berg har vist b\u00e5de for Glimt og landslaget, kan man trygt sl\u00e5 fast at han har mer enn nok kvalitet til \u00e5 hevde seg i utlandet.<\/p>\n<p>Sv\u00e6rt lite \u2013 n\u00e6rmest ingenting \u2013 tyder p\u00e5 at Glimt-stjernen er p\u00e5 vei bort i dette januarvinduet.<\/p>\n<p>        <img class=\"image__img lazyload\" itemprop=\"image\" title=\"Foto: Freddy Toresen\" alt=\"FORTELLER: Patrick Berg forteller om et enormt treningsengasjement. Mens TV 2 intervjuet ham, knipset Avisa Nordlands journalist Freddy Toresen noen bilder underveis i intervjuet. Foto: Freddy Toresen\" width=\"978\" height=\"656\" bad-src=\"https:\/\/www.europesays.com\/no\/wp-content\/uploads\/2026\/01\/18449376.webp.jpeg\" fetchpriority=\"auto\" \/><\/p>\n<p>      FORTELLER: Patrick Berg forteller om et enormt treningsengasjement. Mens TV 2 intervjuet ham, knipset Avisa Nordlands journalist Freddy Toresen noen bilder underveis i intervjuet.<br \/>\n         Foto: Freddy Toresen<\/p>\n<p>Likevel er det kanskje ikke helt unaturlig \u00e5 tro at landslagsspilleren en dag vil pr\u00f8ve seg ute igjen.<\/p>\n<p>\u2013 Akkurat n\u00e5 s\u00e5 har jeg det veldig, veldig fint i Bod\u00f8\/Glimt, og jeg f\u00f8ler klubben har kommet seg p\u00e5 et veldig h\u00f8yt niv\u00e5 i europeiske m\u00e5lestokk. S\u00e5 s\u00e5nn sett s\u00e5 har jeg ikke noe umiddelbart behov for stress i meg at jeg m\u00e5 finne meg noe annet for at jeg skal bli bedre som fotballspiller.\u00a0<\/p>\n<p data-lab-font_weight=\"bold\" class=\"bold m-bold\">\u2013 Jeg f\u00f8ler fortsatt at jeg kan bli bedre i Glimt. S\u00e5 lenge jeg er under kontrakt her, ville det v\u00e6rt respektl\u00f8st \u00e5 sitte og si at jeg \u00f8nsker \u00e5 v\u00e6re et annet sted. Det gj\u00f8r jeg ikke.<\/p>\n<p>Berg beskriver en kultur i Bod\u00f8\/Glimt som gj\u00f8r det enkelt \u00e5 komme p\u00e5 trening og bli bedre, s\u00e5 lenge man selv har lyst.\u00a0<\/p>\n<p>\u2013 Det er noe som er veldig givende for meg \u00e5 kjenne p\u00e5.<\/p>\n<p>\u2013 Har v\u00e6rt ute og pr\u00f8vd<\/p>\n<p>Kapteinen har allerede erfaring fra utlandet. I 2022 pr\u00f8vde han seg i franske Lens.\u00a0<\/p>\n<p>        <img class=\"image__img lazyload\" itemprop=\"image\" title=\"Foto: JEAN-PHILIPPE KSIAZEK \/ AFP \/ NTB\" alt=\"DET STORE UTLANDET: Berg spilte for franske Lens i 2022, f\u00f8r han returnerte til Bod\u00f8\/Glimt kort tid etter. Foto: JEAN-PHILIPPE KSIAZEK \/ AFP \/ NTB\" width=\"978\" height=\"695\" bad-src=\"https:\/\/www.europesays.com\/no\/wp-content\/uploads\/2026\/01\/18449691.webp.jpeg\" fetchpriority=\"auto\" \/><\/p>\n<p>      DET STORE UTLANDET: Berg spilte for franske Lens i 2022, f\u00f8r han returnerte til Bod\u00f8\/Glimt kort tid etter.<br \/>\n         Foto: JEAN-PHILIPPE KSIAZEK \/ AFP \/ NTB<\/p>\n<p>Berg er likevel langt fra den eneste Glimt-spilleren som har spilt utenlands og returnert.<\/p>\n<p>N\u00f8kkelspillere som Fredrik Bj\u00f8rkan, Jens Petter Hauge, H\u00e5kon Evjen og Nikita Haikin har ogs\u00e5 tatt steget ut i europeisk fotball.<\/p>\n<p class=\"bold m-bold\" data-lab-font_weight=\"bold\">\u2013 Mange av oss v\u00e6rt ute og pr\u00f8vd og kjent p\u00e5 andre kulturer og andre m\u00e5ter \u00e5 jobbe p\u00e5, ogs\u00e5 tror jeg nok mange har kjent p\u00e5 kroppen at de likte best m\u00e5ten vi jobbet p\u00e5 i Bod\u00f8\/Glimt, og det skj\u00f8nner jeg veldig godt.<\/p>\n<p>        <img class=\"image__img lazyload\" itemprop=\"image\" title=\"Foto: Ebrahim Noroozi \/ AP \/ NTB\" alt=\"DUELL: Patrick Berg i duell med Dortmunds Yan Couto i Champions Leauge. Foto: Ebrahim Noroozi \/ AP \/ NTB\" width=\"978\" height=\"656\" bad-src=\"https:\/\/www.europesays.com\/no\/wp-content\/uploads\/2026\/01\/18387170.webp.jpeg\" fetchpriority=\"auto\" \/><\/p>\n<p>      DUELL: Patrick Berg i duell med Dortmunds Yan Couto i Champions Leauge.<br \/>\n         Foto: Ebrahim Noroozi \/ AP \/ NTB<\/p>\n<p>\u2013 For min egen del er det \u00e5 v\u00e6re en del av kulturen vi har det som gir meg mest. Det handler hele tiden om \u00e5 kjenne p\u00e5 at laget er i konstant utvikling, og det f\u00f8ler jeg vi har v\u00e6rt, selv om vi endte med s\u00f8lv i fjor.<\/p>\n<p>\u2013 Kan kalle meg naiv<\/p>\n<p>Og n\u00e5 tilbake til det som angivelig blir det st\u00f8rste h\u00f8ydepunktet for Bod\u00f8\/Glimt denne Champions Leauge-sesongen.\u00a0<\/p>\n<p>Manchester City er utvilsomt det beste laget som har gjestet Aspmyra til n\u00e5, og kaptein Berg f\u00e5r naturligvis sp\u00f8rsm\u00e5l om hvordan de har planer om \u00e5 h\u00e5ndtere den oppgaven.<\/p>\n<p>        <img class=\"image__img lazyload\" itemprop=\"image\" title=\"Foto: Thomas Fure \/ NTB \/ Mike Egerton\/PA\" alt=\"M\u00d8TES: Patrick Berg og Bod\u00f8\/Glimt m\u00f8ter Manchester City og Erling Braut Haaland \u2013 Bergs lagkamerat p\u00e5 det norske landslaget. Foto: Thomas Fure \/ NTB \/ Mike Egerton\/PA\" width=\"675\" height=\"379\" bad-src=\"https:\/\/www.europesays.com\/no\/wp-content\/uploads\/2026\/01\/18449846.webp.jpeg\" fetchpriority=\"auto\" \/><\/p>\n<p>      M\u00d8TES: Patrick Berg og Bod\u00f8\/Glimt m\u00f8ter Manchester City og Erling Braut Haaland \u2013 Bergs lagkamerat p\u00e5 det norske landslaget.<br \/>\n         Foto: Thomas Fure \/ NTB \/ Mike Egerton\/PA<\/p>\n<p class=\"italic m-italic\" data-lab-italic=\"italic\">\u2013 Hvis du skal v\u00e6re helt \u00e6rlig, hva mener du sjansene er?\u00a0<\/p>\n<p data-lab-font_weight=\"bold\" class=\"bold m-bold\">\u2013 Man kan kanskje kalle meg naiv, men hjemme p\u00e5 Aspmyra har jeg alltid troen p\u00e5 at vi kan prestere godt mot enhver motstander. Jeg tror styrken v\u00e5r ligger i at vi hjemme har s\u00e5 stor tro p\u00e5 oss selv. Min opplevelse er at vi har ekstrem tillit til egne ferdigheter, og det gir oss troen p\u00e5 at vi kan v\u00e6re konkurransedyktige mot hvem som helst som kommer hit.<\/p>\n<p>        <img class=\"image__img lazyload\" itemprop=\"image\" title=\"Foto: Freddy Toresen\" alt=\"TROEN: Patrick Berg er fullt klar over utfordringen som venter mot Manchester City, men forteller at Glimt har en egen tro n\u00e5r de spiller p\u00e5 hjemmebane. Foto: Freddy Toresen\" width=\"978\" height=\"656\" bad-src=\"https:\/\/www.europesays.com\/no\/wp-content\/uploads\/2026\/01\/18449378.webp.jpeg\" fetchpriority=\"auto\" \/><\/p>\n<p>      TROEN: Patrick Berg er fullt klar over utfordringen som venter mot Manchester City, men forteller at Glimt har en egen tro n\u00e5r de spiller p\u00e5 hjemmebane.<br \/>\n         Foto: Freddy Toresen<\/p>\n<p>Berg forteller at de ogs\u00e5 har tatt stor l\u00e6rdom i Champions League-kampene de har spilt til n\u00e5.\u00a0<\/p>\n<p>\u2013 Det er et h\u00f8yere niv\u00e5 enn det vi vant til, men f\u00f8lelsen er ogs\u00e5 at vi klarer \u00e5 henge med, sier Berg f\u00f8r han avslutter:\u00a0<\/p>\n<p>\u2013 Manchester City er selvf\u00f8lgelig et fantastisk godt fotballag, og det tror jeg de fleste som har fulgt fotball de siste \u00e5rene er klar over. For v\u00e5r del blir det veldig morsomt \u00e5 f\u00e5 teste oss mot et s\u00e5 h\u00f8yt niv\u00e5.<\/p>\n","protected":false},"excerpt":{"rendered":"\u2013 Mye handler om \u00e5 v\u00e6re sulten nok, sier Patrick Berg til TV 2.\u00a0 Nok en sesong har&hellip;\n","protected":false},"author":2,"featured_media":135160,"comment_status":"","ping_status":"","sticky":false,"template":"","format":"standard","meta":{"footnotes":""},"categories":[59],"tags":[30,28,29,83,82],"class_list":{"0":"post-135159","1":"post","2":"type-post","3":"status-publish","4":"format-standard","5":"has-post-thumbnail","7":"category-sport","8":"tag-no","9":"tag-norge","10":"tag-norway","11":"tag-sport","12":"tag-sports"},"share_on_mastodon":{"url":"https:\/\/pubeurope.com\/@no\/115880755374161321","error":""},"_links":{"self":[{"href":"https:\/\/www.europesays.com\/no\/wp-json\/wp\/v2\/posts\/135159","targetHints":{"allow":["GET"]}}],"collection":[{"href":"https:\/\/www.europesays.com\/no\/wp-json\/wp\/v2\/posts"}],"about":[{"href":"https:\/\/www.europesays.com\/no\/wp-json\/wp\/v2\/types\/post"}],"author":[{"embeddable":true,"href":"https:\/\/www.europesays.com\/no\/wp-json\/wp\/v2\/users\/2"}],"replies":[{"embeddable":true,"href":"https:\/\/www.europesays.com\/no\/wp-json\/wp\/v2\/comments?post=135159"}],"version-history":[{"count":0,"href":"https:\/\/www.europesays.com\/no\/wp-json\/wp\/v2\/posts\/135159\/revisions"}],"wp:featuredmedia":[{"embeddable":true,"href":"https:\/\/www.europesays.com\/no\/wp-json\/wp\/v2\/media\/135160"}],"wp:attachment":[{"href":"https:\/\/www.europesays.com\/no\/wp-json\/wp\/v2\/media?parent=135159"}],"wp:term":[{"taxonomy":"category","embeddable":true,"href":"https:\/\/www.europesays.com\/no\/wp-json\/wp\/v2\/categories?post=135159"},{"taxonomy":"post_tag","embeddable":true,"href":"https:\/\/www.europesays.com\/no\/wp-json\/wp\/v2\/tags?post=135159"}],"curies":[{"name":"wp","href":"https:\/\/api.w.org\/{rel}","templated":true}]}}