{"id":135165,"date":"2026-01-12T06:44:07","date_gmt":"2026-01-12T06:44:07","guid":{"rendered":"https:\/\/www.europesays.com\/no\/135165\/"},"modified":"2026-01-12T06:44:07","modified_gmt":"2026-01-12T06:44:07","slug":"flesland-uvaer-flere-sas-flyvninger-kansellert-i-uvaeret","status":"publish","type":"post","link":"https:\/\/www.europesays.com\/no\/135165\/","title":{"rendered":"Flesland, Uv\u00e6r | Flere SAS-flyvninger kansellert i uv\u00e6ret"},"content":{"rendered":"\n<p>Mandag morgen st\u00e5r flere SAS-fly i uv\u00e6ret p\u00e5 Flesland. Flyene som skulle tatt av 0655 og 0805 til Stavanger fra Flesland vil ikke ta av mandag morgen.<\/p>\n<p>Ogs\u00e5 et Wider\u00f8e-fly fra Bergen til Flor\u00f8 som skulle ta av klokken 0810 er kansellert.<\/p>\n<p><a href=\"https:\/\/www.avinor.no\/flyplass\/bergen\/flytider\/\" rel=\"Follow nofollow noopener\" target=\"_blank\">Oversikten til Avinor<\/a> viser at det er flere fly som skulle ha landet i Bergen er kansellerte.<\/p>\n<p>Pressevakt i Avinor Karoline Pedersen opplyser at kun er SAS-flyene som er innstilt mandag morgen.<\/p>\n<p>\u2013 Det jeg kan si om v\u00e5r rolle er \u00e5 sikre l\u00f8se gjenstander \u00e5 s\u00f8rge for at fly trygt kan lande og lette p\u00e5 l\u00f8pebanen, opplyser Pedersen.<\/p>\n<p>\u2013 Det er noen SAS-modeller som har litt problemer med ekstrem sidevind, det kan v\u00e6re \u00e5rsaken, opplyser pressevakten.<\/p>\n<p>B\u00e5ter og ferger kansellert<\/p>\n<p>\u2013 Sognefjordekspressen og Hjellestad-Klokkarvik er innstilt og det er v\u00e6ret som gj\u00f8r det, sier pressekontakt i Skyss \u00d8vyind Str\u00f8mmen.<\/p>\n<p>P\u00e5 <a href=\"https:\/\/www.skyss.no\/avvik\/\" rel=\"Follow nofollow noopener\" target=\"_blank\">Skyss sine nettsider <\/a>er det meldt en rekke avvik i b\u00e5ttrafikken klokken 0700 mandag morgen.<\/p>\n<p>Ferge 1025 mellom Kinsarvik og Utne er innstilt inntil videre p\u00e5 grunn av uv\u00e6ret. Det samme gjelder 290 Sm\u00f8rhamn og B-ruten mellom Gjermundshamn og \u00c5rsnes.<\/p>\n<p>Kansellerer flyvninger fra Nordsj\u00f8en<\/p>\n<p>If\u00f8lge Heliport kanselleres alle planlagte avganger og ankomster til Nordsj\u00f8en b\u00e5de fra Flesland, og fra Flor\u00f8.<\/p>\n<p>\u2013 P\u00e5 grunn av vind og b\u00f8lgeh\u00f8yder, er dagens turer kansellert, opplyser Equinor p\u00e5 Heliport.no.<\/p>\n<p>Reisende bes f\u00f8lge med p\u00e5 MinDawinci for ny utreiseinformasjon.<\/p>\n<p>Kolonnekj\u00f8ring over Hardangervidda<\/p>\n<p>Ogs\u00e5 langs veiene merkes vinden, spesielt over fjellovergangene.<\/p>\n<p>Det ble innf\u00f8rt kolonnekj\u00f8ring over Hardangervidda klokken 0636 mandag.<\/p>\n<p>\u2013 Det er fjellovergangene som har merket vinden mest. Det drar seg til p\u00e5 fjellet, sier trafikkoperat\u00f8r Tor Evensen.<\/p>\n<p>I byen har det ikke v\u00e6rt \u00e5rsak til utfordringer s\u00e5 langt. <a href=\"https:\/\/www.vegvesen.no\/trafikk\/hvaskjer?layers=tra\" rel=\"Follow nofollow noopener\" target=\"_blank\">Statens Vegvesen oppdaterer nettsidene<\/a> sine med avviksmeldinger fortl\u00f8pende.<\/p>\n<p>Broene i byen holder \u00e5pent, og det vanlige morgenrushet tar seg opp fra vest p\u00e5 Straume mot sentrum, og p\u00e5 Ask\u00f8y mot Ask\u00f8ybroen.<\/p>\n<p>F\u00f8lg med for<a href=\"https:\/\/www.ba.no\/vis\/trafikk?p=lc-10836476-11888-bergensavisen\" rel=\"Follow nofollow noopener\" target=\"_blank\"> oppdateringer i trafikken her.<\/a><\/p>\n","protected":false},"excerpt":{"rendered":"Mandag morgen st\u00e5r flere SAS-fly i uv\u00e6ret p\u00e5 Flesland. Flyene som skulle tatt av 0655 og 0805 til&hellip;\n","protected":false},"author":2,"featured_media":135166,"comment_status":"","ping_status":"","sticky":false,"template":"","format":"standard","meta":{"footnotes":""},"categories":[10],"tags":[36,20,21,24,25,1872,15,22,23,13,30,28,29,14,16,1510,26,27,224,3230],"class_list":{"0":"post-135165","1":"post","2":"type-post","3":"status-publish","4":"format-standard","5":"has-post-thumbnail","7":"category-norge","8":"tag-art","9":"tag-breaking-news","10":"tag-breakingnews","11":"tag-featured-news","12":"tag-featurednews","13":"tag-flesland","14":"tag-headlines","15":"tag-latest-news","16":"tag-latestnews","17":"tag-news","18":"tag-no","19":"tag-norge","20":"tag-norway","21":"tag-nyheter","22":"tag-overskrifter","23":"tag-story","24":"tag-top-stories","25":"tag-topstories","26":"tag-trafikk","27":"tag-uvaer"},"share_on_mastodon":{"url":"https:\/\/pubeurope.com\/@no\/115880779132880637","error":""},"_links":{"self":[{"href":"https:\/\/www.europesays.com\/no\/wp-json\/wp\/v2\/posts\/135165","targetHints":{"allow":["GET"]}}],"collection":[{"href":"https:\/\/www.europesays.com\/no\/wp-json\/wp\/v2\/posts"}],"about":[{"href":"https:\/\/www.europesays.com\/no\/wp-json\/wp\/v2\/types\/post"}],"author":[{"embeddable":true,"href":"https:\/\/www.europesays.com\/no\/wp-json\/wp\/v2\/users\/2"}],"replies":[{"embeddable":true,"href":"https:\/\/www.europesays.com\/no\/wp-json\/wp\/v2\/comments?post=135165"}],"version-history":[{"count":0,"href":"https:\/\/www.europesays.com\/no\/wp-json\/wp\/v2\/posts\/135165\/revisions"}],"wp:featuredmedia":[{"embeddable":true,"href":"https:\/\/www.europesays.com\/no\/wp-json\/wp\/v2\/media\/135166"}],"wp:attachment":[{"href":"https:\/\/www.europesays.com\/no\/wp-json\/wp\/v2\/media?parent=135165"}],"wp:term":[{"taxonomy":"category","embeddable":true,"href":"https:\/\/www.europesays.com\/no\/wp-json\/wp\/v2\/categories?post=135165"},{"taxonomy":"post_tag","embeddable":true,"href":"https:\/\/www.europesays.com\/no\/wp-json\/wp\/v2\/tags?post=135165"}],"curies":[{"name":"wp","href":"https:\/\/api.w.org\/{rel}","templated":true}]}}