{"id":13517,"date":"2025-08-20T19:00:12","date_gmt":"2025-08-20T19:00:12","guid":{"rendered":"https:\/\/www.europesays.com\/no\/13517\/"},"modified":"2025-08-20T19:00:12","modified_gmt":"2025-08-20T19:00:12","slug":"de-har-holdt-pa-i-over-en-uke-slik-har-de-klart-det","status":"publish","type":"post","link":"https:\/\/www.europesays.com\/no\/13517\/","title":{"rendered":"De har holdt p\u00e5 i over \u00e9n uke \u2013 slik har de klart det"},"content":{"rendered":"<p>Sist onsdag startet \u00abFadderullan\u00bb p\u00e5 BI, og flere hundre studenter inntok sin nye skole p\u00e5 Bratt\u00f8ra. Siden den tid har de blant annet kost seg med silent disko, rebus, aktivitetsdag og festival.<\/p>\n<p>Ved ukeslutt er det hele over, men f\u00f8r den tid er det enda noen arrangementer igjen, som galla, fotballkamp og tivoli.<\/p>\n<p>  Fadderullan Vis mer \u2193 <\/p>\n<p>Fadderullan er BIs fadderuke, som arrangeres av Biso, skolens studentorganisasjon.<\/p>\n<p>Arrangementet startet onsdag 13. august og er ferdig l\u00f8rdag 23. august.<\/p>\n<p>Det er om lag 850 nye studenter som har begynt p\u00e5 BI Trondheim i h\u00f8st.<\/p>\n<p>If\u00f8lge faddersjef Theodor Engeland har arrangementet blitt planlagt helt siden forrige utgave var ferdig, i 2024.<\/p>\n<p> <a href=\"https:\/\/trdby.adressa.no\/aktuelt\/i\/bmpdVq\/her-finner-du-studentrabatter-i-trondheim\" rel=\"nofollow noopener\" target=\"_blank\"> <img decoding=\"async\" src=\"data:image\/gif;base64,R0lGODlhEAAJAIAAAP\/\/\/wAAACH5BAEAAAAALAAAAAAQAAkAAAIKhI+py+0Po5yUFQA7\" alt=\"\"\/>   Her finner du studentrabatter i Trondheim  <\/a> \u2013 Reparerings!<\/p>\n<p>Onsdag ble det arrangert idrettsdag p\u00e5 Lade Kunstgressbane, med s\u00e5pefotball, dragkamp, straffesparkkonkurranse og \u00abstiv heks\u00bb-lek.<\/p>\n<p>En av de som stilte opp p\u00e5 idrettsdagen var fadderbarn Henrik Moksnes. Han g\u00e5r rett p\u00e5 sak i sp\u00f8rsm\u00e5l om hva som har v\u00e6rt det beste i fadderuka.<\/p>\n<p>\u2013 Drikkingen og vors, svarer han og tilf\u00f8yer at det \u00e5 bli kjent med de andre ogs\u00e5 har v\u00e6rt bra.<\/p>\n<p><img decoding=\"async\" src=\"data:image\/gif;base64,R0lGODlhEAAJAIAAAP\/\/\/wAAACH5BAEAAAAALAAAAAAQAAkAAAIKhI+py+0Po5yUFQA7\" alt=\"\"\/><br \/>\n  Henrik Moksnes synes det beste arrangementet i fadderuken har v\u00e6rt festivalen p\u00e5 Kristiansten Festning.<br \/>\n  <strong>Foto:<\/strong> Aksel Oliver Egge<\/p>\n<p>Selv om det har v\u00e6rt mye aktivitet den siste tiden er han ikke sliten, og hvordan han har opprettholdt den gode formen?<\/p>\n<p>\u2013 Reparerings-pils!, forteller Moksnes.<\/p>\n<p>  <video playsinline=\"\" muted=\"muted\" loop=\"loop\" preload=\"metadata\" crossorigin=\"anonymous\" poster=\"https:\/\/images.stream.schibsted.media\/users\/adressa\/images\/1d5b68e3f3c58fd63a898dd0179302af.jpg?t[]=1080q80\"> <\/video>  \u2013 Powerade<\/p>\n<p>Jonathan Egle Hansen og Kasper Berg har nylig flyttet til byen fra henholdsvis Moss og Lofoten.<\/p>\n<p>\u2013 Jeg er for s\u00e5 vidt kjent med v\u00e6ret, det som er her i Trondheim er ingenting, sier lofotv\u00e6ringen Berg.<\/p>\n<p>Selv om drikking og vorspiel er noe begge har satt pris p\u00e5, s\u00e5 er det samholdet rundt som har v\u00e6rt det beste.<\/p>\n<p>\u2013 Det har v\u00e6rt veldig g\u00f8y \u00e5 bli kjent med gjengen, vi kom godt overens ganske kjapt, og vi har hatt mange morsomme kvelder, sier Hansen.<\/p>\n<p><img decoding=\"async\" src=\"data:image\/gif;base64,R0lGODlhEAAJAIAAAP\/\/\/wAAACH5BAEAAAAALAAAAAAQAAkAAAIKhI+py+0Po5yUFQA7\" alt=\"\"\/><br \/>\n  Hansen og Berg ser frem til \u00e5 \u00abknuse\u00bb de andre i de forskjellige aktivitetene p\u00e5 idrettsdagen.<br \/>\n  <strong>Foto:<\/strong> Aksel Oliver Egge<\/p>\n<p>\u2013 Den beste var toga party med silent disko. Vi endte opp med \u00e5 g\u00e5 og bade etterp\u00e5, i togakl\u00e6rne, som var veldig g\u00f8y, sier Berg.<\/p>\n<p><strong>\u2013 Har dere g\u00e5tt p\u00e5 noen bommerter i oppstarten i ny by?<\/strong><\/p>\n<p>\u2013 Jeg gikk p\u00e5 feil buss p\u00e5 vei til skolen og m\u00e5tte g\u00e5 i en halv time for \u00e5 komme frem, den var litt lei, svarer Berg.<\/p>\n<p>Herrenes tips for \u00e5 overleve fadderuken er \u00e5 bruke hviledagene godt.<\/p>\n<p>\u2013 I tillegg m\u00e5 man f\u00e5 i seg mat, sier Berg.<\/p>\n<p>\u2013 Mitt tips er \u00e5 drikke en Powerade p\u00e5 vors, \u00e9n f\u00f8r man legger seg og \u00e9n om morgenen, sier Hansen.<\/p>\n<p><strong>Student? Les flere studentsaker fra Adresseavisen <a href=\"https:\/\/www.adressa.no\/tag\/student\/\" rel=\"noopener nofollow\" target=\"_blank\">her<\/a><\/strong><\/p>\n<p>  <video playsinline=\"\" muted=\"muted\" loop=\"loop\" preload=\"metadata\" crossorigin=\"anonymous\" poster=\"https:\/\/images.stream.schibsted.media\/users\/adressa\/images\/27f32c458806b06db4293d82bad8098d.jpg?t[]=1080q80\"> <\/video>  <a href=\"https:\/\/trdby.adressa.no\/aktuelt\/i\/B08Mov\/haakon-21-pakket-sakene-sine-og-flyttet-til-ny-by-droemmer-om-aa-aapne-galleri\" rel=\"nofollow noopener\" target=\"_blank\"> <img decoding=\"async\" src=\"data:image\/gif;base64,R0lGODlhEAAJAIAAAP\/\/\/wAAACH5BAEAAAAALAAAAAAQAAkAAAIKhI+py+0Po5yUFQA7\" alt=\"\"\/>   H\u00e5kon (21) pakket sakene sine og flyttet til ny by: \u2013 Dr\u00f8mmer om \u00e5 \u00e5pne galleri  <\/a> \u2013 Jeg tok to dager pause og kom tilbake sterkere enn noen gang<\/p>\n<p>Martine Henriksen Rekdal og Rita Janovski er begge fra Trondheim og har nylig begynt p\u00e5 BI. Deres favorittminne fra fadderuken er da alle ble samlet for f\u00f8rste gang.<\/p>\n<p>\u2013 Jeg kjente ingen, var veldig spent og tenkte \u00abhva i alle dager er det jeg g\u00e5r til\u00bb. Det var deilig \u00e5 kunne senke skuldrene da vi begynte med det f\u00f8rste opplegget v\u00e5rt.<\/p>\n<p><img decoding=\"async\" src=\"data:image\/gif;base64,R0lGODlhEAAJAIAAAP\/\/\/wAAACH5BAEAAAAALAAAAAAQAAkAAAIKhI+py+0Po5yUFQA7\" alt=\"\"\/><br \/>\n  Martine Henriksen Rekdal og Rita Janovski studerer organisasjonspsykologi, HR og ledelse.<br \/>\n  <strong>Foto:<\/strong> Aksel Oliver Egge<\/p>\n<p><strong>\u2013 Er dere slitne?<\/strong><\/p>\n<p>\u2013 Ja litt, svarer de.<\/p>\n<p><strong>\u2013 Har dere noen tips til \u00e5 overleve fadderuka?<\/strong><\/p>\n<p>\u2013 Ta en god pause n\u00e5r man trenger det. Jeg tok to dager uten \u00e5 drikke og kom tilbake sterkere enn noen gang, flirer Rekdal.<\/p>\n<p>  <video playsinline=\"\" muted=\"muted\" loop=\"loop\" preload=\"metadata\" crossorigin=\"anonymous\" poster=\"https:\/\/images.stream.schibsted.media\/users\/adressa\/images\/24476c5cd8e953cd02824d66326b4662.jpg?t[]=1080q80\"> <\/video>  \u2013 Sp\u00f8r om hjelp<\/p>\n<p>Berit L\u00f8vseth og Runa Skjolden er begge i fadderstyret og forteller at de syns fadderuken har v\u00e6rt veldig fin.<\/p>\n<p>\u2013 Fadderne har v\u00e6rt utrolig flinke og inkluderende, s\u00e5 vi er veldig forn\u00f8yde, svarer de.<\/p>\n<p><img decoding=\"async\" src=\"data:image\/gif;base64,R0lGODlhEAAJAIAAAP\/\/\/wAAACH5BAEAAAAALAAAAAAQAAkAAAIKhI+py+0Po5yUFQA7\" alt=\"\"\/><br \/>\n  Berit L\u00f8vseth og Runa Skjolden forteller at ogs\u00e5 de, som er i fadderledelsen, blir slitne av fadderuke.<br \/>\n  <strong>Foto:<\/strong> Aksel Oliver Egge<\/p>\n<p><strong>\u2013 Hva er trikset for \u00e5 overleve fadderuka?<\/strong><\/p>\n<p>\u2013 Drikk med m\u00e5te, sier Skjolden.<\/p>\n<p>\u2013 Nattmat er viktig. Sp\u00f8r ogs\u00e5 fadderne dine om hjelp, hvis du trenger det, svarer L\u00f8vseth.<\/p>\n<p><img decoding=\"async\" src=\"data:image\/gif;base64,R0lGODlhEAAJAIAAAP\/\/\/wAAACH5BAEAAAAALAAAAAAQAAkAAAIKhI+py+0Po5yUFQA7\" alt=\"\"\/><br \/>\n  Mange<br \/>\n  <strong>Foto:<\/strong> Aksel Egge<a href=\"https:\/\/trdby.adressa.no\/aktuelt\/i\/dR33Mz\/troender-med-i-tredje-utgave-av-spillet-jeg-har-et-knallhardt-pokerfjes\" rel=\"nofollow noopener\" target=\"_blank\"> <img decoding=\"async\" src=\"data:image\/gif;base64,R0lGODlhEAAJAIAAAP\/\/\/wAAACH5BAEAAAAALAAAAAAQAAkAAAIKhI+py+0Po5yUFQA7\" alt=\"\"\/>   Lotte er med i tredje utgave av \u00abSpillet\u00bb: \u2013 Jeg har et knallhardt pokerfjes  <\/a> <a href=\"https:\/\/trdby.adressa.no\/aktuelt\/i\/nyzoOn\/carina-dahl-med-paa-skal-vi-danse\" rel=\"nofollow noopener\" target=\"_blank\"> <img decoding=\"async\" src=\"data:image\/gif;base64,R0lGODlhEAAJAIAAAP\/\/\/wAAACH5BAEAAAAALAAAAAAQAAkAAAIKhI+py+0Po5yUFQA7\" alt=\"\"\/>   Carina Dahl klar for Skal vi danse  <\/a> <\/p>\n","protected":false},"excerpt":{"rendered":"Sist onsdag startet \u00abFadderullan\u00bb p\u00e5 BI, og flere hundre studenter inntok sin nye skole p\u00e5 Bratt\u00f8ra. Siden den&hellip;\n","protected":false},"author":2,"featured_media":13518,"comment_status":"","ping_status":"","sticky":false,"template":"","format":"standard","meta":{"footnotes":""},"categories":[58],"tags":[601,2630,71,2629,30,28,29,1330,2631,72],"class_list":{"0":"post-13517","1":"post","2":"type-post","3":"status-publish","4":"format-standard","5":"has-post-thumbnail","7":"category-underholdning","8":"tag-arrangement","9":"tag-bi","10":"tag-entertainment","11":"tag-fadderuke","12":"tag-no","13":"tag-norge","14":"tag-norway","15":"tag-student","16":"tag-studentliv","17":"tag-underholdning"},"share_on_mastodon":{"url":"","error":""},"_links":{"self":[{"href":"https:\/\/www.europesays.com\/no\/wp-json\/wp\/v2\/posts\/13517","targetHints":{"allow":["GET"]}}],"collection":[{"href":"https:\/\/www.europesays.com\/no\/wp-json\/wp\/v2\/posts"}],"about":[{"href":"https:\/\/www.europesays.com\/no\/wp-json\/wp\/v2\/types\/post"}],"author":[{"embeddable":true,"href":"https:\/\/www.europesays.com\/no\/wp-json\/wp\/v2\/users\/2"}],"replies":[{"embeddable":true,"href":"https:\/\/www.europesays.com\/no\/wp-json\/wp\/v2\/comments?post=13517"}],"version-history":[{"count":0,"href":"https:\/\/www.europesays.com\/no\/wp-json\/wp\/v2\/posts\/13517\/revisions"}],"wp:featuredmedia":[{"embeddable":true,"href":"https:\/\/www.europesays.com\/no\/wp-json\/wp\/v2\/media\/13518"}],"wp:attachment":[{"href":"https:\/\/www.europesays.com\/no\/wp-json\/wp\/v2\/media?parent=13517"}],"wp:term":[{"taxonomy":"category","embeddable":true,"href":"https:\/\/www.europesays.com\/no\/wp-json\/wp\/v2\/categories?post=13517"},{"taxonomy":"post_tag","embeddable":true,"href":"https:\/\/www.europesays.com\/no\/wp-json\/wp\/v2\/tags?post=13517"}],"curies":[{"name":"wp","href":"https:\/\/api.w.org\/{rel}","templated":true}]}}