{"id":135172,"date":"2026-01-12T06:50:08","date_gmt":"2026-01-12T06:50:08","guid":{"rendered":"https:\/\/www.europesays.com\/no\/135172\/"},"modified":"2026-01-12T06:50:08","modified_gmt":"2026-01-12T06:50:08","slug":"vil-sikre-familiesamfunnet-pa-svalbard-skaper-en-usikkerhet","status":"publish","type":"post","link":"https:\/\/www.europesays.com\/no\/135172\/","title":{"rendered":"Vil sikre familiesamfunnet p\u00e5 Svalbard: \u2013 Skaper en usikkerhet"},"content":{"rendered":"\n<ul class=\"_list_o9xde_3 _list_64s2r_85 _unordered_o9xde_106 text-sans-m\">\n<li class=\"_item_o9xde_30\">Terje Aunevik mener Svalbard trenger et l\u00f8ft for \u00e5 gj\u00f8re \u00f8ya mer attraktiv for norske familier.<\/li>\n<li class=\"_item_o9xde_30\">Aunevik frykter ikke Russland etter Trumps Gr\u00f8nland-trusler. <\/li>\n<li class=\"_item_o9xde_30\">Han understreker likevel \u00f8yas strategiske viktighet for Norge. <\/li>\n<\/ul>\n<p>Vis mer <\/p>\n<p class=\"_paragraph_o9xde_4 _paragraph_xtcu6_10 layout-component text-serif-m layout-normal text-serif-m layout-padded\">Trumps gjentatte Gr\u00f8nland-trusler har <a href=\"https:\/\/radio.nrk.no\/podkast\/kommentert\/l_d53b17c0-d958-46e8-bb17-c0d95856e8c8\" class=\"_link_o9xde_39\" rel=\"nofollow noopener\" target=\"_blank\">reist sp\u00f8rsm\u00e5l om Svalbards fremtid<\/a>. Kan Putin ta mer kontroll over den norske \u00f8ygruppen dersom Trump tar Gr\u00f8nland?<\/p>\n<p class=\"_paragraph_o9xde_4 _paragraph_xtcu6_10 layout-component text-serif-m layout-normal text-serif-m layout-padded\">\u2013 Der er jeg ganske trygg, sier leder for lokalstyret p\u00e5 <a href=\"https:\/\/www.vg.no\/tag\/svalbard?utm_source=vg-article&amp;utm_medium=auto-tagger&amp;utm_campaign=6qjl23\" class=\"_link_o9xde_39\" rel=\"nofollow noopener\" target=\"_blank\">Svalbard<\/a>, Terje Aunevik (V). <\/p>\n<p>Frykter ikke Russland <\/p>\n<p class=\"_paragraph_o9xde_4 _paragraph_xtcu6_10 layout-component text-serif-m layout-normal text-serif-m layout-padded\">Norges m\u00e5l er stabil og forutsigbar forvaltning av Svalbard, noe Aunevik mener Norge lykkes med. <\/p>\n<p class=\"_paragraph_o9xde_4 _paragraph_xtcu6_10 layout-component text-serif-m layout-normal text-serif-m layout-padded\">\u2013 Det handler om ansvarlig norsk tilstedev\u00e6relse med familiesamfunn og ikke milit\u00e6rbaser, som er tilfellet rundt oss. B\u00e5de russisk og gr\u00f8nlandsk side er sterkt militarisert, at Norge klarer \u00e5 holde ro og stabilitet, mener jeg er ganske forbilledlig, sier han og fortsetter:<\/p>\n<p class=\"_paragraph_o9xde_4 _paragraph_xtcu6_10 layout-component text-serif-m layout-normal text-serif-m layout-padded\"><strong class=\"_strong_o9xde_25\">\u2013 Likevel er jeg opptatt av hvor viktig det er \u00e5 sikre familiesamfunnet og infrastrukturen p\u00e5 Svalbard. Vi lever i en urolig tid, ikke drevet av uro i Arktis, men krig i Europa som har sitt utspring i en uforutsigbar nabo.<\/strong><\/p>\n<p class=\"_paragraph_o9xde_4 _paragraph_xtcu6_10 layout-component text-serif-m layout-normal text-serif-m layout-padded\">B\u00e5de Gr\u00f8nland og Svalbard er strategisk viktig p\u00e5 grunn av sin beliggenhet i Arktis:<\/p>\n<p>Kroatia ber Trump se mot Svalbard<\/p>\n<p class=\"_paragraph_o9xde_4 _paragraph_xtcu6_10 layout-component text-serif-m layout-normal text-serif-m layout-padded\">For to dager siden kommenterte Kroatias president Zolan Milanovi\u0107, if\u00f8lge den <a href=\"https:\/\/www.jutarnji.hr\/vijesti\/svijet\/milanovic-kaze-da-bi-trump-umjesto-grenlanda-trebao-na-karti-naci-svalbard-rusi-su-na-njega-vec-bacili-oko-evo-zasto-15660400\" class=\"_link_o9xde_39\" rel=\"nofollow noopener\" target=\"_blank\">kroatiske avisen Jutarnji<\/a>, at Donald Trump heller burde se mot Svalbard enn Gr\u00f8nland. <\/p>\n<p class=\"_paragraph_o9xde_4 _paragraph_xtcu6_10 layout-component text-serif-m layout-normal text-serif-m layout-padded\">Milanovi\u0107 mener at Gr\u00f8nland er \u00abubrukelig\u00bb sammenlignet med \u00f8ygruppen, og at Svalbard tilbyr et st\u00f8rre strategisk potensial. <\/p>\n<p class=\"_paragraph_o9xde_4 _paragraph_xtcu6_10 layout-component text-serif-m layout-normal text-serif-m layout-padded\">\u2013 Hva tenker du om dette? <\/p>\n<p class=\"_paragraph_o9xde_4 _paragraph_xtcu6_10 layout-component text-serif-m layout-normal text-serif-m layout-padded\"><strong class=\"_strong_o9xde_25\">\u2013 Jeg tenker at det er en forskrudd id\u00e9. Svalbard er uomtvistelig del av Norge. Juridisk er det helt avklart. Dette er helt spesielt og ikke noe man kan ta seri\u00f8st. Jeg er overrasket over at Kroatias president har fremst\u00e5tt som en slags arktisk kjenner, sier Aunevik. <\/strong><\/p>\n<p class=\"_paragraph_o9xde_4 _paragraph_xtcu6_10 layout-component text-serif-m layout-normal text-serif-m layout-padded\">\u2013 Det blir som \u00e5 si at han har f\u00e5tt en rar tanke om \u00e5 vurdere \u00e5 overta Norge. Det er norsk suverenitet, udiskutabel, og har v\u00e6rt det i over 100 \u00e5r \u2013 og vil v\u00e6re det i de neste 100 \u00e5rene ogs\u00e5. <\/p>\n<p><img alt=\"Kroatias president Zoran Milanovi\u0107 vil at Trump heller ser mot Norge og Svalbard.  Foto: David Jerkovic\/PIXSELL \/ Pa Photos \/ NTB\" class=\"_image_qp4xg_65 layout-component layout-normal\" data-fullscreen- data-track-element-type=\"Article image fullscreen\" data-track-name=\"ImageFullscreen\" decoding=\"async\" loading=\"lazy\" height=\"2666\" itemprop=\"image\"  src=\"https:\/\/www.europesays.com\/no\/wp-content\/uploads\/2026\/01\/104b35e2-c239-426d-9653-617ae6bbebee.jpeg\"  style=\"object-position:0% 0%\" width=\"3992\"\/>Kroatias president Zoran Milanovi\u0107 vil at Trump heller ser mot Norge og Svalbard.  Foto: David Jerkovic\/PIXSELL \/ Pa Photos \/ NTBM\u00e5 prioriteres mer<\/p>\n<p class=\"_paragraph_o9xde_4 _paragraph_xtcu6_10 layout-component text-serif-m layout-normal text-serif-m layout-padded\">Da <a href=\"https:\/\/www.vg.no\/nyheter\/i\/o3gjaj\/hvor-lenge-blir-du\" data-track-element-type=\"Link\" data-track-id=\"link:o3gjaj\" class=\"_link_o9xde_39\" rel=\"nofollow noopener\" target=\"_blank\">VG<\/a> bes\u00f8kte Longyearbyen i fjor sommer viste Aunevik frem hvilke utfordringer de har knyttet til energiforsyning, drikkevann og boliger som m\u00e5 rives. <\/p>\n<p class=\"_paragraph_o9xde_4 _paragraph_xtcu6_10 layout-component text-serif-m layout-normal text-serif-m layout-padded\"><strong class=\"_strong_o9xde_25\">\u2013 Summen av dette skaper en usikkerhet som ikke n\u00f8dvendigvis gj\u00f8r det attraktivt for norske familier \u00e5 flytte hit. Vi m\u00e5 v\u00e6re s\u00e5pass \u00e6rlig \u00e5 si at dette ikke har v\u00e6rt tilstrekkelig prioritert lokalt eller i Oslo, sier Aunevik. <\/strong><\/p>\n<p><img alt=\"Longyearbyen sentrum.   Foto: Helge Mikalsen \/ VG\" class=\"_image_qp4xg_65 layout-component layout-normal\" data-fullscreen- data-track-element-type=\"Article image fullscreen\" data-track-name=\"ImageFullscreen\" decoding=\"async\" loading=\"lazy\" height=\"5504\" itemprop=\"image\"  src=\"https:\/\/www.europesays.com\/no\/wp-content\/uploads\/2026\/01\/8aff6392-6223-4e65-afbc-19cc4ae174ff.jpeg\"  style=\"object-position:0% 0%\" width=\"8256\"\/>Longyearbyen sentrum.   Foto: Helge Mikalsen \/ VG<\/p>\n<p class=\"_paragraph_o9xde_4 _paragraph_xtcu6_10 layout-component text-serif-m layout-normal text-serif-m layout-padded\">\u2013 Jeg har alltid ment at Svalbard er noe av det viktigste Norge holder p\u00e5 med. At det f\u00e5r oppmerksomhet politisk er et gode, men jeg synes det er synd at det kommer som en konsekvens av et pussig utspill fra Trump om Gr\u00f8nland, legger han til. <\/p>\n<p class=\"_paragraph_o9xde_4 _paragraph_xtcu6_10 layout-component text-serif-m layout-normal text-serif-m layout-padded\">N\u00e5 opplever han \u00e5 f\u00e5 st\u00f8rre geh\u00f8r b\u00e5de p\u00e5 Stortinget og i regjeringen. <\/p>\n<p class=\"_paragraph_o9xde_4 _paragraph_xtcu6_10 layout-component text-serif-m layout-normal text-serif-m layout-padded\">\u2013 Vi er i ferd med \u00e5 f\u00e5 orden p\u00e5 energiforsyningen, vi har store utfordringer p\u00e5 vann, avl\u00f8p og bolig. Der er vi ikke i m\u00e5l. Og selv om jeg synes regjeringen og Stortinget er opptatt av det, er det s\u00e5 viktig at jeg vil gjenta det til det kjedsommelige, sier Aunevik.<\/p>\n<p>F\u00e6rre nordmenn<\/p>\n<p class=\"_paragraph_o9xde_4 _paragraph_xtcu6_10 layout-component text-serif-m layout-normal text-serif-m layout-padded\">Den norske gruvedriften p\u00e5 Svalbard la ned i fjor. Dermed flyttet ogs\u00e5 en rekke norske statsborgere fra \u00f8ygruppen, noe som fikk flere til \u00e5<a href=\"https:\/\/www.vg.no\/nyheter\/i\/MnQXoM\/svalbardloven-100-aar-hva-naa-jonas\" data-track-element-type=\"Link\" data-track-id=\"link:MnQXoM\" class=\"_link_o9xde_39\" rel=\"nofollow noopener\" target=\"_blank\"> frykte for den norske tilstedev\u00e6relsen.<\/a><\/p>\n<p class=\"_paragraph_o9xde_4 _paragraph_xtcu6_10 layout-component text-serif-m layout-normal text-serif-m layout-padded\">Selv om antallet innbyggere i Longyearbyen \u00f8ker, g\u00e5r andelen norske statsborgere ned. <\/p>\n<p><img alt=\"Statsminister Jonas Gahr St\u00f8re ble m\u00f8tt av gruvearbeider og hovedtillitsvalgt for gruveklubben, Rune Mjelde, da han markerte at svalbardloven var 100 \u00e5r i fjor sommer.   Foto: Helge Mikalsen \/ VG\" class=\"_image_qp4xg_65 layout-component layout-normal\" data-fullscreen- data-track-element-type=\"Article image fullscreen\" data-track-name=\"ImageFullscreen\" decoding=\"async\" loading=\"lazy\" height=\"5504\" itemprop=\"image\"  src=\"https:\/\/www.europesays.com\/no\/wp-content\/uploads\/2026\/01\/27878b41-330b-4afd-b4a4-fdf10cf8db51.jpeg\"  style=\"object-position:0% 0%\" width=\"8256\"\/>Statsminister Jonas Gahr St\u00f8re ble m\u00f8tt av gruvearbeider og hovedtillitsvalgt for gruveklubben, Rune Mjelde, da han markerte at svalbardloven var 100 \u00e5r i fjor sommer.   Foto: Helge Mikalsen \/ VG<\/p>\n<p class=\"_paragraph_o9xde_4 _paragraph_xtcu6_10 layout-component text-serif-m layout-normal text-serif-m layout-padded\">\u2013 Bekymrer det deg?<\/p>\n<p class=\"_paragraph_o9xde_4 _paragraph_xtcu6_10 layout-component text-serif-m layout-normal text-serif-m layout-padded\">\u2013 Jeg er opptatt av det. S\u00e5 m\u00e5 vi lage en politikk som gj\u00f8r at det ikke blir en videre utvikling. Det er helt \u00e5penbart at vi m\u00e5 endre trenden, og det opplever jeg at Stortinget og regjeringen er opptatt av, sier Aunevik. <\/p>\n<p class=\"_paragraph_o9xde_4 _paragraph_xtcu6_10 layout-component text-serif-m layout-normal text-serif-m layout-padded\">Den sikkerhetspolitiske situasjonen gj\u00f8r det enda viktigere \u00e5 ha et trygt og stabilt familiesamfunn p\u00e5 Svalbard, mener han. <\/p>\n<p class=\"_paragraph_o9xde_4 _paragraph_xtcu6_10 layout-component text-serif-m layout-normal text-serif-m layout-padded\">\u2013 Vi m\u00e5 ha steinkontroll p\u00e5 vann, energi og bolig. Det m\u00e5 v\u00e6re p\u00e5 plass og der er staten en viktig akt\u00f8r, s\u00e5 vi m\u00e5 holde trykket oppe, legger han til og p\u00e5peker at Svalbard ikke har noen nabokommuner \u00e5 st\u00f8tte seg p\u00e5. <\/p>\n<p class=\"_paragraph_o9xde_4 _paragraph_xtcu6_10 layout-component text-serif-m layout-normal text-serif-m layout-padded\"><strong class=\"_strong_o9xde_25\">\u2013 For \u00e5 sette det p\u00e5 spissen: Vi er mutters alene i en steinr\u00f8ys nesten p\u00e5 nordpolen, s\u00e5 disse tingene m\u00e5 v\u00e6re p\u00e5 plass. <\/strong><\/p>\n<p class=\"_paragraph_o9xde_4 _paragraph_xtcu6_10 layout-component text-serif-m layout-normal text-serif-m layout-padded\">Onsdag spurte <a href=\"https:\/\/www.vg.no\/nyheter\/i\/M7ROXo\/stoere-advart-av-frederiksen-det-er-alvor-naa-jonas\" data-track-element-type=\"Link\" data-track-id=\"link:M7ROXo\" class=\"_link_o9xde_39\" rel=\"nofollow noopener\" target=\"_blank\">VG<\/a> statsminister Jonas Gahr St\u00f8re (Ap) om Trumps Venezuela-angrep og Gr\u00f8nland-trusler kan legitimere at Russland presser Norge p\u00e5 kontroll over Svalbard. <\/p>\n<p class=\"_paragraph_o9xde_4 _paragraph_xtcu6_10 layout-component text-serif-m layout-normal text-serif-m layout-padded\">\u2013 Jeg mener at det ikke kan anvendes til det. Det er uakseptabelt. Det er v\u00e5r holdning. Men hver gang folkeretten ikke blir fulgt, s\u00e5 er det ikke bra. Det svekker troverdigheten, svarte St\u00f8re. <\/p>\n","protected":false},"excerpt":{"rendered":"Terje Aunevik mener Svalbard trenger et l\u00f8ft for \u00e5 gj\u00f8re \u00f8ya mer attraktiv for norske familier. Aunevik frykter&hellip;\n","protected":false},"author":2,"featured_media":135173,"comment_status":"","ping_status":"","sticky":false,"template":"","format":"standard","meta":{"footnotes":""},"categories":[12],"tags":[20,21,55,24,25,2112,15,15538,22,23,1645,13,30,28,29,14,16,188,1644,26,27,42,43,44,45],"class_list":{"0":"post-135172","1":"post","2":"type-post","3":"status-publish","4":"format-standard","5":"has-post-thumbnail","7":"category-verden","8":"tag-breaking-news","9":"tag-breakingnews","10":"tag-donald-trump","11":"tag-featured-news","12":"tag-featurednews","13":"tag-gronland","14":"tag-headlines","15":"tag-kroatia","16":"tag-latest-news","17":"tag-latestnews","18":"tag-longyearbyen","19":"tag-news","20":"tag-no","21":"tag-norge","22":"tag-norway","23":"tag-nyheter","24":"tag-overskrifter","25":"tag-russland","26":"tag-svalbard","27":"tag-top-stories","28":"tag-topstories","29":"tag-verden","30":"tag-world","31":"tag-world-news","32":"tag-worldnews"},"share_on_mastodon":{"url":"https:\/\/pubeurope.com\/@no\/115880802642162474","error":""},"_links":{"self":[{"href":"https:\/\/www.europesays.com\/no\/wp-json\/wp\/v2\/posts\/135172","targetHints":{"allow":["GET"]}}],"collection":[{"href":"https:\/\/www.europesays.com\/no\/wp-json\/wp\/v2\/posts"}],"about":[{"href":"https:\/\/www.europesays.com\/no\/wp-json\/wp\/v2\/types\/post"}],"author":[{"embeddable":true,"href":"https:\/\/www.europesays.com\/no\/wp-json\/wp\/v2\/users\/2"}],"replies":[{"embeddable":true,"href":"https:\/\/www.europesays.com\/no\/wp-json\/wp\/v2\/comments?post=135172"}],"version-history":[{"count":0,"href":"https:\/\/www.europesays.com\/no\/wp-json\/wp\/v2\/posts\/135172\/revisions"}],"wp:featuredmedia":[{"embeddable":true,"href":"https:\/\/www.europesays.com\/no\/wp-json\/wp\/v2\/media\/135173"}],"wp:attachment":[{"href":"https:\/\/www.europesays.com\/no\/wp-json\/wp\/v2\/media?parent=135172"}],"wp:term":[{"taxonomy":"category","embeddable":true,"href":"https:\/\/www.europesays.com\/no\/wp-json\/wp\/v2\/categories?post=135172"},{"taxonomy":"post_tag","embeddable":true,"href":"https:\/\/www.europesays.com\/no\/wp-json\/wp\/v2\/tags?post=135172"}],"curies":[{"name":"wp","href":"https:\/\/api.w.org\/{rel}","templated":true}]}}