{"id":135180,"date":"2026-01-12T06:55:09","date_gmt":"2026-01-12T06:55:09","guid":{"rendered":"https:\/\/www.europesays.com\/no\/135180\/"},"modified":"2026-01-12T06:55:09","modified_gmt":"2026-01-12T06:55:09","slug":"garmin-lanserer-en-ny-fargevariant-av-den-populaere-venu-x1-klokken","status":"publish","type":"post","link":"https:\/\/www.europesays.com\/no\/135180\/","title":{"rendered":"Garmin lanserer en ny fargevariant av den popul\u00e6re Venu X1-klokken"},"content":{"rendered":"<ul id=\"e9e8f4c0-ab34-47ed-bac0-8d51f4fa753e\">\n<li><strong>Garmin Venu X1 f\u00e5r en ny Soft Gold-farge<\/strong><\/li>\n<li><strong>Leveres med en ny fransk gr\u00e5 nylonrem og beholder titankassen<\/strong><\/li>\n<li><strong>Prisen starter p\u00e5 9 859 kroner<\/strong><\/li>\n<\/ul>\n<p id=\"b959adb6-4d9e-4917-b98d-e2aa0b36d37e\"><a data-analytics-id=\"inline-link\" href=\"https:\/\/global.techradar.com\/no-no\/health-fitness\/smartwatches\/test-garmin-venu-x1\" target=\"_blank\" data-url=\"https:\/\/global.techradar.com\/no-no\/health-fitness\/smartwatches\/test-garmin-venu-x1\" data-hl-processed=\"none\" data-mrf-recirculation=\"inline-link\" data-before-rewrite-localise=\"https:\/\/global.techradar.com\/no-no\/health-fitness\/smartwatches\/test-garmin-venu-x1\" rel=\"nofollow noopener\">Garmins Venu X1<\/a> var en av v\u00e5re absolutte favorittklokker fra i fjor, fordi den faktisk f\u00f8ltes som noe nytt \u2013 det stikk motsatte av Garmins vanlige designfilosofi. Der mange av <a data-analytics-id=\"inline-link\" href=\"https:\/\/global.techradar.com\/no-no\/best\/beste-garmin-klokke\" target=\"_blank\" data-url=\"https:\/\/global.techradar.com\/no-no\/best\/beste-garmin-klokke\" data-hl-processed=\"none\" data-mrf-recirculation=\"inline-link\" data-before-rewrite-localise=\"https:\/\/global.techradar.com\/no-no\/best\/beste-garmin-klokke\" rel=\"nofollow noopener\">de beste Garmin-klokkene<\/a> er runde og solide, er Venu X1 firkantet, ekstremt tynn og utstyrt med en uvanlig lyssterk skjerm. Samtidig f\u00e5r du titankasse, LED-lys, h\u00f8yttaler, mikrofon, GPS og de avanserte helse- og treningsfunksjonene <a data-analytics-id=\"inline-link\" href=\"https:\/\/global.techradar.com\/no-no\/tag\/garmin\" data-auto-tag-linker=\"true\" data-url=\"https:\/\/global.techradar.com\/no-no\/tag\/garmin\" data-hl-processed=\"none\" data-mrf-recirculation=\"inline-link\" data-before-rewrite-localise=\"https:\/\/global.techradar.com\/no-no\/tag\/garmin\" rel=\"nofollow noopener\" target=\"_blank\">Garmin<\/a> er kjent for.<\/p>\n<p>Det gjorde den til en virkelig sterk konkurrent til <a data-analytics-id=\"inline-link\" href=\"https:\/\/global.techradar.com\/no-no\/health-fitness\/smartwatches\/test-apple-watch-ultra-3\" target=\"_blank\" data-url=\"https:\/\/global.techradar.com\/no-no\/health-fitness\/smartwatches\/test-apple-watch-ultra-3\" data-hl-processed=\"none\" data-mrf-recirculation=\"inline-link\" data-before-rewrite-localise=\"https:\/\/global.techradar.com\/no-no\/health-fitness\/smartwatches\/test-apple-watch-ultra-3\" rel=\"nofollow noopener\">Apple Watch Ultra 3<\/a>, b\u00e5de n\u00e5r det gjelder design og ytelse. Kort sagt ga vi den 4,5 av 5 i testen v\u00e5r og kalte den \u00abGarmins mest innovative klokke p\u00e5 mange \u00e5r\u00bb.<\/p>\n<p><a id=\"elk-seasonal\" class=\"paywall\" aria-hidden=\"true\" data-url=\"\" href=\"\" target=\"_blank\" referrerpolicy=\"no-referrer-when-downgrade\" data-hl-processed=\"none\"\/><\/p>\n<p id=\"b959adb6-4d9e-4917-b98d-e2aa0b36d37e-2\">N\u00e5, mindre enn to uker inn i det nye \u00e5ret, lanserer Garmin en ny versjon av Venu X1 \u2013 selv om det denne gangen \u00abbare\u00bb handler om en ny farge snarere enn en fullverdig oppf\u00f8lger.<\/p>\n<p>Du liker kanskje<\/p>\n<p>Den nye Soft Gold-fargen videref\u00f8rer Venu-seriens balanse mellom kraftig treningsklokke og stilig smartklokke. Fargen kombinerer en lysegr\u00e5 polymerkasse med gullfargede knapper og spenne, samt en titanbakside. Alt kompletteres av en fransk gr\u00e5 borrel\u00e5srem som gir klokken et mer elegant uttrykk.<\/p>\n<p>Prisen er den samme som for andre Venu X1-modeller: 9 859 kroner, og den nye fargen er allerede tilgjengelig for kj\u00f8p direkte fra Garmin.<\/p>\n<p><a id=\"elk-02e55253-3adf-4a32-8bd0-ba06e786d6a5\" class=\"paywall\" aria-hidden=\"true\" data-url=\"\" href=\"\" target=\"_blank\" referrerpolicy=\"no-referrer-when-downgrade\" data-hl-processed=\"none\"\/>Et tegn p\u00e5 hva vi har i vente?<\/p>\n<p class=\"vanilla-image-block\" style=\"padding-top:56.33%;\">\n<p><img decoding=\"async\" src=\"https:\/\/www.europesays.com\/no\/wp-content\/uploads\/2026\/01\/74auM5zuJP3HBb8yAnpmF8.jpg\" alt=\"Garmin Venu X1 Soft Gold\"   loading=\"lazy\" data-new-v2-image=\"true\" data-original-mos=\"https:\/\/www.europesays.com\/no\/wp-content\/uploads\/2026\/01\/74auM5zuJP3HBb8yAnpmF8.jpg\" data-pin-media=\"https:\/\/www.europesays.com\/no\/wp-content\/uploads\/2026\/01\/74auM5zuJP3HBb8yAnpmF8.jpg\" class=\"inline\"\/>\n<\/p>\n<p>(Image credit: Garmin)<\/p>\n<p id=\"e7638e12-4e61-4f28-a323-f64d934280f4\">Garmin lanserte en rekke klokker i fjor, og oppdaterte i hovedsak hele sortimentet sitt. Da CES 2026 gikk uten noen nye Garmin-klokker \u2013 bortsett fra <a data-analytics-id=\"inline-link\" href=\"https:\/\/www.techradar.com\/health-fitness\/garmin-has-a-new-plan-to-improve-your-fitness-using-your-food-intake-if-you-pay-for-connect\" target=\"_blank\" data-mrf-recirculation=\"inline-link\" rel=\"nofollow noopener\">en ny funksjon for sporing av ern\u00e6ring i Connect+<\/a> \u2013 fikk vi f\u00f8lelsen av at dette kan v\u00e6re et tegn p\u00e5 hvordan 2026 vil se ut.<\/p>\n<p>Vi venter oss f\u00e6rre helt nye modeller og flere mindre oppdateringer til eksisterende klokker, som denne fargevarianten. Samtidig ville vi blitt overrasket om Garmin ikke gjorde et unntak for sitt neste store flaggskip.<\/p>\n<p class=\"newsletter-form__strapline\">Registrer deg for siste nytt, anmeldelser, meninger, toppteknologiske tilbud og mer.<\/p>\n<p><a data-analytics-id=\"inline-link\" href=\"https:\/\/www.techradar.com\/health-fitness\/garmin-fenix-8-recension-robust-dyr-perfektion\" target=\"_blank\" data-url=\"https:\/\/www.techradar.com\/health-fitness\/garmin-fenix-8-recension-robust-dyr-perfektion\" data-hl-processed=\"none\" data-mrf-recirculation=\"inline-link\" data-before-rewrite-localise=\"https:\/\/global.techradar.com\/sv-se\/health-fitness\/garmin-fenix-8-recension-robust-dyr-perfektion\" rel=\"nofollow noopener\">Garmin Fenix 8<\/a> ble lansert i september 2024, etterfulgt av Fenix \u200b\u200b8 Pro med MicroLED-skjerm og satellittfunksjoner. Hvis vi skulle gjette, ville vi trodd at en Garmin Fenix \u200b\u200b9 ville dukke opp mot slutten av \u00e5ret, med en Fenix \u200b\u200b9 Pro en gang i 2027.<\/p>\n<p><a id=\"elk-a90c9cce-5d19-49bb-af37-ca68e2ba863e\" class=\"paywall\" aria-hidden=\"true\" data-url=\"\" href=\"\" target=\"_blank\" referrerpolicy=\"no-referrer-when-downgrade\" data-hl-processed=\"none\"\/><\/p>\n<p>Dagens beste tilbud p\u00e5 Garmin Venu X1<\/p>\n","protected":false},"excerpt":{"rendered":"Garmin Venu X1 f\u00e5r en ny Soft Gold-farge Leveres med en ny fransk gr\u00e5 nylonrem og beholder titankassen&hellip;\n","protected":false},"author":2,"featured_media":135181,"comment_status":"","ping_status":"","sticky":false,"template":"","format":"standard","meta":{"footnotes":""},"categories":[57],"tags":[30,28,29,65,63,64,66,70,69,67,68],"class_list":{"0":"post-135180","1":"post","2":"type-post","3":"status-publish","4":"format-standard","5":"has-post-thumbnail","7":"category-vitenskap-og-teknologi","8":"tag-no","9":"tag-norge","10":"tag-norway","11":"tag-science","12":"tag-science-and-technology","13":"tag-scienceandtechnology","14":"tag-technology","15":"tag-teknologi","16":"tag-vitenskap","17":"tag-vitenskap-og-teknologi","18":"tag-vitenskapteknologi"},"share_on_mastodon":{"url":"https:\/\/pubeurope.com\/@no\/115880822259328218","error":""},"_links":{"self":[{"href":"https:\/\/www.europesays.com\/no\/wp-json\/wp\/v2\/posts\/135180","targetHints":{"allow":["GET"]}}],"collection":[{"href":"https:\/\/www.europesays.com\/no\/wp-json\/wp\/v2\/posts"}],"about":[{"href":"https:\/\/www.europesays.com\/no\/wp-json\/wp\/v2\/types\/post"}],"author":[{"embeddable":true,"href":"https:\/\/www.europesays.com\/no\/wp-json\/wp\/v2\/users\/2"}],"replies":[{"embeddable":true,"href":"https:\/\/www.europesays.com\/no\/wp-json\/wp\/v2\/comments?post=135180"}],"version-history":[{"count":0,"href":"https:\/\/www.europesays.com\/no\/wp-json\/wp\/v2\/posts\/135180\/revisions"}],"wp:featuredmedia":[{"embeddable":true,"href":"https:\/\/www.europesays.com\/no\/wp-json\/wp\/v2\/media\/135181"}],"wp:attachment":[{"href":"https:\/\/www.europesays.com\/no\/wp-json\/wp\/v2\/media?parent=135180"}],"wp:term":[{"taxonomy":"category","embeddable":true,"href":"https:\/\/www.europesays.com\/no\/wp-json\/wp\/v2\/categories?post=135180"},{"taxonomy":"post_tag","embeddable":true,"href":"https:\/\/www.europesays.com\/no\/wp-json\/wp\/v2\/tags?post=135180"}],"curies":[{"name":"wp","href":"https:\/\/api.w.org\/{rel}","templated":true}]}}