{"id":135184,"date":"2026-01-12T06:58:08","date_gmt":"2026-01-12T06:58:08","guid":{"rendered":"https:\/\/www.europesays.com\/no\/135184\/"},"modified":"2026-01-12T06:58:08","modified_gmt":"2026-01-12T06:58:08","slug":"store-om-iran-alvorlig-og-urovekkende","status":"publish","type":"post","link":"https:\/\/www.europesays.com\/no\/135184\/","title":{"rendered":"St\u00f8re om Iran: \u2013 Alvorlig og urovekkende"},"content":{"rendered":"\n<p class=\"_lead_o9xde_2 _lead_xtcu6_50 layout-component text-serif-m layout-normal text-serif-l layout-component layout-wide layout-padded _wide_17hqh_1 layout-padded\">Hundrevis av mennesker meldes drept i de voldsomme protestene i Iran. Norge ford\u00f8mmer myndighetens maktbruk, sier statsminister Jonas Gahr St\u00f8re (Ap).<\/p>\n<p><img alt=\"Statsminister Jonas Gahr St\u00f8re (Ap) sier situasjonen i Iran er alvorlig, og at rapportene om et h\u00f8yt antall drepte er urovekkende.  Foto: Javad Parsa \/ NTB\" class=\"_image_qp4xg_65 layout-component layout-wide\" data-fullscreen- data-track-element-type=\"Article image fullscreen\" data-track-name=\"ImageFullscreen\" fetchpriority=\"high\" decoding=\"sync\" loading=\"eager\" height=\"4188\" itemprop=\"image\"  src=\"https:\/\/www.europesays.com\/no\/wp-content\/uploads\/2026\/01\/2afe8eb7-3adf-4984-8cad-0f49182e9a56.jpeg\"  style=\"object-position:0% 0%\" width=\"6282\"\/>Statsminister Jonas Gahr St\u00f8re (Ap) sier situasjonen i Iran er alvorlig, og at rapportene om et h\u00f8yt antall drepte er urovekkende.  Foto: Javad Parsa \/ NTB<\/p>\n<ul aria-hidden=\"true\" class=\"_images_ntbth_112\">\n<li><a class=\"_link_ntbth_117\" href=\"https:\/\/www.vg.no\/forfatter\/ntb\" style=\"z-index:1\" title=\"NTB\" rel=\"nofollow noopener\" target=\"_blank\"><img alt=\"Bilde av NTB\" class=\"_image_ntbth_93\" fetchpriority=\"low\" loading=\"lazy\" decoding=\"async\" itemprop=\"image\"  src=\"https:\/\/www.europesays.com\/no\/wp-content\/uploads\/2026\/01\/1768201088_726_c33980b0-5d07-4027-84a1-813f90a7c8d6.png\"  width=\"480\"\/><\/a><\/li>\n<\/ul>\n<p> Oppdatert mandag 12. januar kl. 07:28     <\/p>\n<p class=\"_paragraph_o9xde_4 _paragraph_xtcu6_10 layout-component text-serif-m layout-normal text-serif-m layout-padded\">\u2013 Situasjonen i <a href=\"https:\/\/www.vg.no\/tag\/iran?utm_source=vg-article&amp;utm_medium=auto-tagger&amp;utm_campaign=K8y8rM\" class=\"_link_o9xde_39\" rel=\"nofollow noopener\" target=\"_blank\">Iran<\/a> er alvorlig, og rapportene om et h\u00f8yt antall drepte er urovekkende. Norge ford\u00f8mmer den grove og uforholdsmessige bruken av makt fra myndighetenes side. En ytterligere eskalering vil v\u00e6re farlig og kan f\u00e5 alvorlige konsekvenser for sivile og for regional stabilitet, sier St\u00f8re i en uttalelse til NTB.<\/p>\n<p class=\"_paragraph_o9xde_4 _paragraph_xtcu6_10 layout-component text-serif-m layout-normal text-serif-m layout-padded\">Over 500 mennesker skal v\u00e6re drept og 10.000 skal v\u00e6re fengslet under protestene i Iran de siste to ukene, if\u00f8lge en USA-basert menneskerettsgruppe.<\/p>\n<p><img alt=\"Demonstranter danser rundt et b\u00e5l p\u00e5 dette bildet, som er tatt fra en video lagt ut i sosiale medier. Videoen skal v\u00e6re filmet under en demonstrasjon i Irans hovedstad Teheran f\u00f8r helgen.   Foto: UGC \/ AP \/ NTB\" class=\"_image_qp4xg_65 layout-component layout-normal\" data-fullscreen- data-track-element-type=\"Article image fullscreen\" data-track-name=\"ImageFullscreen\" decoding=\"async\" loading=\"lazy\" height=\"4000\" itemprop=\"image\"  src=\"https:\/\/www.europesays.com\/no\/wp-content\/uploads\/2026\/01\/28850b97-3408-451b-9aa6-036459a96e55.jpeg\"  style=\"object-position:0% 0%\" width=\"6000\"\/>Demonstranter danser rundt et b\u00e5l p\u00e5 dette bildet, som er tatt fra en video lagt ut i sosiale medier. Videoen skal v\u00e6re filmet under en demonstrasjon i Irans hovedstad Teheran f\u00f8r helgen.   Foto: UGC \/ AP \/ NTB<\/p>\n<p class=\"_paragraph_o9xde_4 _paragraph_xtcu6_10 layout-component text-serif-m layout-normal text-serif-m layout-padded\"> Tallet er ikke verifisert, og den Oslo-baserte menneskerettsgruppen Iran Human Rights (IHR) oppga s\u00f8ndag at minst 192 demonstranter var drept.<\/p>\n<p class=\"_paragraph_o9xde_4 _paragraph_xtcu6_10 layout-component text-serif-m layout-normal text-serif-m layout-padded\">\u2013 Iranske myndigheter kan ikke ignorere befolkningens tydelige krav. Likevel ser vi et regime som sl\u00e5r ned p\u00e5 demonstrantene og innskrenker grunnleggende rettigheter som informasjon, ytrings- og forsamlingsfrihet, sier St\u00f8re.<\/p>\n<p class=\"_paragraph_o9xde_4 _paragraph_xtcu6_10 layout-component text-serif-m layout-normal text-serif-m layout-padded\">\u2013 Norge oppfordrer Iran til \u00e5 respektere menneskerettighetene, sikre ytringsfrihet og garantere fri og uhindret tilgang til informasjon.<\/p>\n","protected":false},"excerpt":{"rendered":"Hundrevis av mennesker meldes drept i de voldsomme protestene i Iran. Norge ford\u00f8mmer myndighetens maktbruk, sier statsminister Jonas&hellip;\n","protected":false},"author":2,"featured_media":135185,"comment_status":"","ping_status":"","sticky":false,"template":"","format":"standard","meta":{"footnotes":""},"categories":[12],"tags":[20,21,24,25,15,3228,201,22,23,13,30,28,29,14,16,26,27,42,43,44,45],"class_list":{"0":"post-135184","1":"post","2":"type-post","3":"status-publish","4":"format-standard","5":"has-post-thumbnail","7":"category-verden","8":"tag-breaking-news","9":"tag-breakingnews","10":"tag-featured-news","11":"tag-featurednews","12":"tag-headlines","13":"tag-iran","14":"tag-jonas-gahr-store","15":"tag-latest-news","16":"tag-latestnews","17":"tag-news","18":"tag-no","19":"tag-norge","20":"tag-norway","21":"tag-nyheter","22":"tag-overskrifter","23":"tag-top-stories","24":"tag-topstories","25":"tag-verden","26":"tag-world","27":"tag-world-news","28":"tag-worldnews"},"share_on_mastodon":{"url":"https:\/\/pubeurope.com\/@no\/115880834131032737","error":""},"_links":{"self":[{"href":"https:\/\/www.europesays.com\/no\/wp-json\/wp\/v2\/posts\/135184","targetHints":{"allow":["GET"]}}],"collection":[{"href":"https:\/\/www.europesays.com\/no\/wp-json\/wp\/v2\/posts"}],"about":[{"href":"https:\/\/www.europesays.com\/no\/wp-json\/wp\/v2\/types\/post"}],"author":[{"embeddable":true,"href":"https:\/\/www.europesays.com\/no\/wp-json\/wp\/v2\/users\/2"}],"replies":[{"embeddable":true,"href":"https:\/\/www.europesays.com\/no\/wp-json\/wp\/v2\/comments?post=135184"}],"version-history":[{"count":0,"href":"https:\/\/www.europesays.com\/no\/wp-json\/wp\/v2\/posts\/135184\/revisions"}],"wp:featuredmedia":[{"embeddable":true,"href":"https:\/\/www.europesays.com\/no\/wp-json\/wp\/v2\/media\/135185"}],"wp:attachment":[{"href":"https:\/\/www.europesays.com\/no\/wp-json\/wp\/v2\/media?parent=135184"}],"wp:term":[{"taxonomy":"category","embeddable":true,"href":"https:\/\/www.europesays.com\/no\/wp-json\/wp\/v2\/categories?post=135184"},{"taxonomy":"post_tag","embeddable":true,"href":"https:\/\/www.europesays.com\/no\/wp-json\/wp\/v2\/tags?post=135184"}],"curies":[{"name":"wp","href":"https:\/\/api.w.org\/{rel}","templated":true}]}}