{"id":135190,"date":"2026-01-12T07:06:07","date_gmt":"2026-01-12T07:06:07","guid":{"rendered":"https:\/\/www.europesays.com\/no\/135190\/"},"modified":"2026-01-12T07:06:07","modified_gmt":"2026-01-12T07:06:07","slug":"politiet-ma-tilbake-til-bydelene-i-trondheim","status":"publish","type":"post","link":"https:\/\/www.europesays.com\/no\/135190\/","title":{"rendered":"Politiet m\u00e5 tilbake til bydelene i Trondheim"},"content":{"rendered":"\n<p>Bendik F. L\u00f8kken   Leder Trondheim Unge Venstre<\/p>\n<p>Publisert:<br \/>\n  12. januar 2026 kl. 06:44<br \/>\n  Oppdatert:<br \/>\n  12. januar 2026 kl. 06:44\n <\/p>\n<p>Dette er et debattinnlegg. Det gir uttrykk for debattantens egen holdning.<\/p>\n<p><strong>Det starter sjelden<\/strong> med noe alvorlig. En konflikt. Litt h\u00e6rverk. En kveld som sklir ut. Men n\u00e5r ingen voksne er til stede, n\u00e5r ingen griper inn tidlig, kan sm\u00e5 hendelser bli til noe langt st\u00f8rre.<\/p>\n<p>Jeg snakker med ungdommer som ikke t\u00f8r \u00e5 m\u00f8te jevnaldrende p\u00e5 vei fra skolen. Med ten\u00e5ringer som ikke ringer politiet n\u00e5r noe skjer, fordi de kommer ikke uansett.<\/p>\n<p>Men utviklingen g\u00e5r virkelig feil vei n\u00e5r jeg h\u00f8rer m\u00f8dre si at de ikke vil la barna sine vokse opp i byen. N\u00e5r foreldre mister tilliten til at n\u00e6rmilj\u00f8et er trygt nok for barna deres, da har vi et alvorlig samfunnsproblem.<\/p>\n<p><strong>Jeg har tidligere<\/strong> <a href=\"https:\/\/www.adressa.no\/debatt\/i\/rP794R\/hvor-skal-ungdommen-vaere\" rel=\"noopener nofollow\" target=\"_blank\">skrevet og engasjert meg for ungdomsklubber<\/a>. De er viktige. De gir fellesskap, mestring og trygge rammer. Men vi m\u00e5 v\u00e6re \u00e6rlige: Ungdomsklubber alene l\u00f8ser ikke problemet. N\u00e5r ungdom g\u00e5r hjem fra klubben, tar bussen, henger ute eller beveger seg gjennom byen, er de fortsatt avhengige av at voksne er til stede ogs\u00e5 utenfor klubbens vegger.<\/p>\n<p>Dette handler om frav\u00e6r. Om tomrommet som har oppst\u00e5tt etter at politiet i stadig st\u00f8rre grad er blitt samlet i sentrum, mens den lokale tilstedev\u00e6relsen i bydelene har forsvunnet. N\u00e5r politiet f\u00f8rst og fremst blir noe man m\u00f8ter etter at noe har g\u00e5tt galt, ikke f\u00f8r, har vi mistet et avgj\u00f8rende forebyggende verkt\u00f8y.<\/p>\n<p><a href=\"https:\/\/www.adressa.no\/debatt\/i\/RzyoKx\/er-trondheim-virkelig-en-by-for-alle\" rel=\"nofollow noopener\" target=\"_blank\"> <img decoding=\"async\" src=\"data:image\/gif;base64,R0lGODlhEAAJAIAAAP\/\/\/wAAACH5BAEAAAAALAAAAAAQAAkAAAIKhI+py+0Po5yUFQA7\" alt=\"\"\/>   Er Trondheim virkelig en by for alle?  <\/a> <a href=\"https:\/\/www.adressa.no\/debatt\/i\/m06Lb4\/er-dette-fett\" rel=\"nofollow noopener\" target=\"_blank\"> <img decoding=\"async\" src=\"data:image\/gif;base64,R0lGODlhEAAJAIAAAP\/\/\/wAAACH5BAEAAAAALAAAAAAQAAkAAAIKhI+py+0Po5yUFQA7\" alt=\"\"\/>   Er dette fett?  <\/a> <\/p>\n<p><strong>Trondheim hadde<\/strong> tidligere politiposter i flere bydeler, som p\u00e5 By\u00e5sen og p\u00e5 Ranheim. Det ga politiet lokalkunnskap, relasjoner og tillit. Politiet kjente ungdommene, familiene og n\u00e6rmilj\u00f8ene. I dag er mye av denne n\u00e6rheten borte, og det merkes, s\u00e6rlig blant dem som trenger trygghet aller mest.<\/p>\n<p>N\u00e5r politiet er til stede i bydelene, styrkes ogs\u00e5 samarbeidet med skolene. Lokalt politi kjenner skolemilj\u00f8ene, l\u00e6rerne og utfordringene i hverdagen. Det gj\u00f8r det enklere \u00e5 dele bekymringer tidlig, f\u00f8lge opp konflikter f\u00f8r de eskalerer og m\u00f8te ungdom p\u00e5 arenaer der de allerede er. N\u00e5r politiet ikke er i n\u00e6rmilj\u00f8ene, blir ogs\u00e5 dette samarbeidet svakere og mer tilfeldig.<\/p>\n<p><strong>Ungdom trenger<\/strong> ikke bare fritidstilbud og gode intensjoner. De trenger voksne som er til stede i hverdagen. De trenger trygghet p\u00e5 vei hjem fra skolen, p\u00e5 bussen, utenfor butikken og i n\u00e6rmilj\u00f8et sitt.<\/p>\n<p>N\u00e5r politiet er synlig i bydelene, blir de en del av fellesskapet, ikke bare en fjern instans man m\u00f8ter n\u00e5r noe allerede har g\u00e5tt galt. Det gir tryggere ungdom, tryggere foreldre og sterkere lokalsamfunn.<\/p>\n<p><strong>Hvis vi vil <\/strong>at flere foreldre skal si ja til \u00e5 la barna sine vokse opp i Trondheim, hvis vi vil at ungdom skal t\u00f8rre \u00e5 v\u00e6re ute sammen, og hvis vi vil snu utviklingen f\u00f8r flere faller utenfor, m\u00e5 vi ta n\u00e6rhet p\u00e5 alvor.<\/p>\n<p><strong>Hva mener du? Send inn din tekst til\u00a0<a href=\"https:\/\/www.adressa.no\/debatt\/i\/XMgxvB\/mailto:debatt@adresseavisen.no\" rel=\"noopener nofollow\" target=\"_blank\">debatt@adresseavisen.no<\/a>\u00a0eller delta i debatten i kommentarfeltet nederst \u2013 og husk fullt navn!<\/strong><\/p>\n","protected":false},"excerpt":{"rendered":"Bendik F. L\u00f8kken Leder Trondheim Unge Venstre Publisert: 12. januar 2026 kl. 06:44 Oppdatert: 12. januar 2026 kl.&hellip;\n","protected":false},"author":2,"featured_media":135191,"comment_status":"","ping_status":"","sticky":false,"template":"","format":"standard","meta":{"footnotes":""},"categories":[10],"tags":[1301,20,21,37,24,25,2758,15,22,23,2862,13,30,28,29,14,16,254,26,27,596,15159],"class_list":{"0":"post-135190","1":"post","2":"type-post","3":"status-publish","4":"format-standard","5":"has-post-thumbnail","7":"category-norge","8":"tag-barn","9":"tag-breaking-news","10":"tag-breakingnews","11":"tag-debatt","12":"tag-featured-news","13":"tag-featurednews","14":"tag-haerverk","15":"tag-headlines","16":"tag-latest-news","17":"tag-latestnews","18":"tag-lokalsamfunn","19":"tag-news","20":"tag-no","21":"tag-norge","22":"tag-norway","23":"tag-nyheter","24":"tag-overskrifter","25":"tag-politi","26":"tag-top-stories","27":"tag-topstories","28":"tag-trondheim","29":"tag-ungdomsklubb"},"share_on_mastodon":{"url":"https:\/\/pubeurope.com\/@no\/115880865451923121","error":""},"_links":{"self":[{"href":"https:\/\/www.europesays.com\/no\/wp-json\/wp\/v2\/posts\/135190","targetHints":{"allow":["GET"]}}],"collection":[{"href":"https:\/\/www.europesays.com\/no\/wp-json\/wp\/v2\/posts"}],"about":[{"href":"https:\/\/www.europesays.com\/no\/wp-json\/wp\/v2\/types\/post"}],"author":[{"embeddable":true,"href":"https:\/\/www.europesays.com\/no\/wp-json\/wp\/v2\/users\/2"}],"replies":[{"embeddable":true,"href":"https:\/\/www.europesays.com\/no\/wp-json\/wp\/v2\/comments?post=135190"}],"version-history":[{"count":0,"href":"https:\/\/www.europesays.com\/no\/wp-json\/wp\/v2\/posts\/135190\/revisions"}],"wp:featuredmedia":[{"embeddable":true,"href":"https:\/\/www.europesays.com\/no\/wp-json\/wp\/v2\/media\/135191"}],"wp:attachment":[{"href":"https:\/\/www.europesays.com\/no\/wp-json\/wp\/v2\/media?parent=135190"}],"wp:term":[{"taxonomy":"category","embeddable":true,"href":"https:\/\/www.europesays.com\/no\/wp-json\/wp\/v2\/categories?post=135190"},{"taxonomy":"post_tag","embeddable":true,"href":"https:\/\/www.europesays.com\/no\/wp-json\/wp\/v2\/tags?post=135190"}],"curies":[{"name":"wp","href":"https:\/\/api.w.org\/{rel}","templated":true}]}}