{"id":135195,"date":"2026-01-12T07:16:12","date_gmt":"2026-01-12T07:16:12","guid":{"rendered":"https:\/\/www.europesays.com\/no\/135195\/"},"modified":"2026-01-12T07:16:12","modified_gmt":"2026-01-12T07:16:12","slug":"medier-solskjaer-ikke-lenger-united-favoritt","status":"publish","type":"post","link":"https:\/\/www.europesays.com\/no\/135195\/","title":{"rendered":"Medier: Solskj\u00e6r ikke lenger United-favoritt"},"content":{"rendered":"<p>\nVendingen skal ha skjedd etter at begge har v\u00e6rt gjennom en intervjurunde i l\u00f8pet av de siste dagene.\u00a0<\/p>\n<p>Det f\u00e5r <a href=\"https:\/\/www.theguardian.com\/football\/2026\/jan\/11\/darren-fletcher-in-dark-over-his-future-after-manchester-uniteds-cup-exit?CMP=Share_iOSApp_Other&amp;utm_source=sdrn%3Avg%3Aarticle%3AGxayLB\" target=\"_blank\" rel=\"nofollow noopener\">The Guardians<\/a> United-korrespondent Jamie Jackson opplyst fra flere kilder.<\/p>\n<p>Carrick, som hadde en lysende karriere p\u00e5 Old Trafford mellom 2006 og 2018, var Solskj\u00e6rs assistent da nordmannen tidligere ledet laget.<\/p>\n<p>Daily Telegraph og Daily Mail sitter p\u00e5 de samme opplysningene.<\/p>\n<blockquote class=\"twitter-tweet\">\n<p lang=\"en\" dir=\"ltr\">\ud83d\udea8 Michael Carrick had positive contact with INEOS and Man United management, advancing to become the new interim manager.<\/p>\n<p>Man Utd will announce new coach this week and Carrick is hopeful to get the job.<\/p>\n<p>Solskj\u00e6r, waiting for club\u2019s decision.<\/p>\n<p>\ud83c\udfa5 <a href=\"https:\/\/t.co\/db5zGPd80F\" rel=\"nofollow\">https:\/\/t.co\/db5zGPd80F<\/a> <a href=\"https:\/\/t.co\/hZoDiqYZvO\" rel=\"nofollow\">pic.twitter.com\/hZoDiqYZvO<\/a><\/p>\n<p>\u2014 Fabrizio Romano (@FabrizioRomano) <a href=\"https:\/\/twitter.com\/FabrizioRomano\/status\/2010537519604007196?ref_src=twsrc%5Etfw\" rel=\"nofollow noopener\" target=\"_blank\">January 12, 2026<\/a><\/p><\/blockquote>\n<p>Beslutning ventet mandag<\/p>\n<p>Carrick skal ha imponert klubbdirekt\u00f8r Omar Berrada og fotballdirekt\u00f8r Jason Wilcox. Ingen avgj\u00f8relse er tatt, men den er ventet \u00e5 bli truffet mandag.<\/p>\n<p>Solskj\u00e6r ble pekt som en klar favoritt i dagene etter at Ruben Amorim fikk sparken for en uke siden. Kristiansunderen tok over som midlertidig manager i Manchester United etter Jos\u00e9 Mourinho p\u00e5 tampen av 2018, og etter mange sterke resultater fikk han jobben permanent.<\/p>\n<p>Han ledet storklubben til 3.- og 2.-plass i Premier League i sine to fulle sesonger p\u00e5 Old Trafford, men etter en svak h\u00f8st i 2021 fikk Solskj\u00e6r sparken. <\/p>\n<p>Carrick var en del av nordmannens trenerstab, og han ledet Manchester United i tre kamper som vikarmanager i ukene som fulgte etter at Solskj\u00e6r m\u00e5tte g\u00e5.<\/p>\n<p>Senere tok han over Middlesbrough p\u00e5 niv\u00e5 to. Der var han fra h\u00f8sten 2022 til sommeren 2025.<\/p>\n<p>Ny Fletcher-nedtur<\/p>\n<p>Uavhengig av hvem som overtar sjefsstolen p\u00e5 Old Trafford, er det klart at vedkommende f\u00e5r en stor jobb med \u00e5 snu stemningen p\u00e5 \u00abDr\u00f8mmenes teater\u00bb.<\/p>\n<p>S\u00f8ndag forsvant laget ut av FA-cupen ved f\u00f8rste hinder.<\/p>\n<p>1-2-tapet hjemme mot Brighton gj\u00f8r at laget allerede i januar er ute av begge de to engelske cupene, og uten spill i Europa er United i praksis ute av kampen om trof\u00e9er allerede denne sesongen.<\/p>\n<p>Darren Fletcher, Carrick og Solskj\u00e6rs tidligere lagkamerat, har hatt ansvaret for Manchester United den siste uken.\u00a0<\/p>\n<p>I den f\u00f8rste kampen ble det 2-2 mot Burnley i Premier League, mens det alts\u00e5 exit hjemme mot Brighton i FA-cupen s\u00f8ndag.<\/p>\n<p>\u2013 Jeg m\u00e5 m\u00f8te opp p\u00e5 Carrington (Uniteds treningsanlegg, journ. anm.). i morgen tidlig, det er alt jeg vet, sa Fletcher etter Brighton-kampen.<\/p>\n<p>(\u00a9NTB)<\/p>\n<p><script async src=\"https:\/\/platform.twitter.com\/widgets.js\" charset=\"utf-8\"><\/script><\/p>\n","protected":false},"excerpt":{"rendered":"Vendingen skal ha skjedd etter at begge har v\u00e6rt gjennom en intervjurunde i l\u00f8pet av de siste dagene.\u00a0&hellip;\n","protected":false},"author":2,"featured_media":135196,"comment_status":"","ping_status":"","sticky":false,"template":"","format":"standard","meta":{"footnotes":""},"categories":[59],"tags":[30,28,29,83,82],"class_list":{"0":"post-135195","1":"post","2":"type-post","3":"status-publish","4":"format-standard","5":"has-post-thumbnail","7":"category-sport","8":"tag-no","9":"tag-norge","10":"tag-norway","11":"tag-sport","12":"tag-sports"},"share_on_mastodon":{"url":"https:\/\/pubeurope.com\/@no\/115880904782191651","error":""},"_links":{"self":[{"href":"https:\/\/www.europesays.com\/no\/wp-json\/wp\/v2\/posts\/135195","targetHints":{"allow":["GET"]}}],"collection":[{"href":"https:\/\/www.europesays.com\/no\/wp-json\/wp\/v2\/posts"}],"about":[{"href":"https:\/\/www.europesays.com\/no\/wp-json\/wp\/v2\/types\/post"}],"author":[{"embeddable":true,"href":"https:\/\/www.europesays.com\/no\/wp-json\/wp\/v2\/users\/2"}],"replies":[{"embeddable":true,"href":"https:\/\/www.europesays.com\/no\/wp-json\/wp\/v2\/comments?post=135195"}],"version-history":[{"count":0,"href":"https:\/\/www.europesays.com\/no\/wp-json\/wp\/v2\/posts\/135195\/revisions"}],"wp:featuredmedia":[{"embeddable":true,"href":"https:\/\/www.europesays.com\/no\/wp-json\/wp\/v2\/media\/135196"}],"wp:attachment":[{"href":"https:\/\/www.europesays.com\/no\/wp-json\/wp\/v2\/media?parent=135195"}],"wp:term":[{"taxonomy":"category","embeddable":true,"href":"https:\/\/www.europesays.com\/no\/wp-json\/wp\/v2\/categories?post=135195"},{"taxonomy":"post_tag","embeddable":true,"href":"https:\/\/www.europesays.com\/no\/wp-json\/wp\/v2\/tags?post=135195"}],"curies":[{"name":"wp","href":"https:\/\/api.w.org\/{rel}","templated":true}]}}