{"id":135199,"date":"2026-01-12T07:24:08","date_gmt":"2026-01-12T07:24:08","guid":{"rendered":"https:\/\/www.europesays.com\/no\/135199\/"},"modified":"2026-01-12T07:24:08","modified_gmt":"2026-01-12T07:24:08","slug":"finaledommere-nachevski-og-nikolov-utestengt-fra-handball-em","status":"publish","type":"post","link":"https:\/\/www.europesays.com\/no\/135199\/","title":{"rendered":"Finaledommere Nachevski og Nikolov utestengt fra h\u00e5ndball-EM"},"content":{"rendered":"\n<p class=\"_lead_o9xde_2 _lead_xtcu6_50 layout-component text-serif-m layout-normal text-serif-l layout-component layout-wide layout-padded _wide_17hqh_1 layout-padded\">Stjernedommerne Gjorgji Nachevski og Slave Nikolov f\u00e5r ikke d\u00f8mme i meterskapet i Norge, Sverige og Danmark de neste ukene.<\/p>\n<p><img alt=\"I HARDT V\u00c6R: Gjorgji Nachevski under h\u00e5ndball-VM for tre \u00e5r siden. Foto: Johan Nilsson\/TT \/ TT Nyhetsbyr\u00e5n \/ NTB\" class=\"_image_qp4xg_65 layout-component layout-wide\" data-fullscreen- data-track-element-type=\"Article image fullscreen\" data-track-name=\"ImageFullscreen\" fetchpriority=\"high\" decoding=\"sync\" loading=\"eager\" height=\"4997\" itemprop=\"image\"  src=\"https:\/\/www.europesays.com\/no\/wp-content\/uploads\/2026\/01\/ade02209-ffbb-427a-9c6f-8157a7c2268e.jpeg\"  style=\"object-position:0% 0%\" width=\"7809\"\/>I HARDT V\u00c6R: Gjorgji Nachevski under h\u00e5ndball-VM for tre \u00e5r siden. Foto: Johan Nilsson\/TT \/ TT Nyhetsbyr\u00e5n \/ NTB<\/p>\n<ul aria-hidden=\"true\" class=\"_images_ntbth_112\">\n<li><a class=\"_link_ntbth_117\" href=\"https:\/\/www.vg.no\/forfatter\/jostein-overvik\" style=\"z-index:1\" title=\"Jostein Overvik\" rel=\"nofollow noopener\" target=\"_blank\"><img alt=\"Bilde av Jostein Overvik\" class=\"_image_ntbth_93\" fetchpriority=\"low\" loading=\"lazy\" decoding=\"async\" itemprop=\"image\"  src=\"https:\/\/www.europesays.com\/no\/wp-content\/uploads\/2026\/01\/1768202648_75_9167fa6a-7320-4d6f-b3c9-6c4ecb8beb8c.jpeg\"  width=\"480\"\/><\/a><\/li>\n<\/ul>\n<p> Oppdatert mandag 12. januar kl. 07:58    <\/p>\n<ul class=\"_list_o9xde_3 _list_64s2r_85 _unordered_o9xde_106 text-sans-m\">\n<li class=\"_item_o9xde_30\">H\u00e5ndballdommerne Gjorgji Nachevski og Slave Nikolov f\u00e5r ikke d\u00f8mme i EM etter mistanke om manipulering av videoopptak.<\/li>\n<li class=\"_item_o9xde_30\">EHF har trukket tilbake nomineringen etter analyser av Fitgood Pro og Sportradar.<\/li>\n<li class=\"_item_o9xde_30\">Saken er en belastning for h\u00e5ndballen, og juridiske prosedyrer kan bli tatt i bruk.<\/li>\n<li class=\"_item_o9xde_30\">Randi Gustad, styrmedlem i EHF, kommenterer forel\u00f8pig  ikke saken.<\/li>\n<\/ul>\n<p>Vis mer <\/p>\n<p class=\"_paragraph_o9xde_4 _paragraph_xtcu6_10 layout-component text-serif-m layout-normal text-serif-m layout-padded\">Det melder det europeiske h\u00e5ndballforbundet EHF i en <a href=\"https:\/\/www.eurohandball.com\/en\/news\/en\/men-s-ehf-euro-2026-refereeing-update\/\" class=\"_link_o9xde_39\" rel=\"nofollow noopener\" target=\"_blank\">pressemelding<\/a>. Norge starter EM mot Ukraina p\u00e5 hjemmebane p\u00e5 Fornebu torsdag.<\/p>\n<p class=\"_paragraph_o9xde_4 _paragraph_xtcu6_10 layout-component text-serif-m layout-normal text-serif-m layout-padded\">EHF har trukket tilbake nomineringen av de to dommerne fra Nord-Makedonia. De er et av verdens mest meriterte dommerpar i internasjonal h\u00e5ndball for menn.<\/p>\n<p class=\"_paragraph_o9xde_4 _paragraph_xtcu6_10 layout-component text-serif-m layout-normal text-serif-m layout-padded\">Nachevski og Nikolov har de siste \u00e5rene d\u00f8mt Champions League-finalen 2024, VM-finalen 2023, OL-finalen 2021 og EM-finalen 2020.<\/p>\n<p class=\"_paragraph_o9xde_4 _paragraph_xtcu6_10 layout-component text-serif-m layout-normal text-serif-m layout-padded\">Dommerparet nektes deltagelse i EM etter at videoer fra fysiske tester de sendte inn kan ha blitt manipulert, if\u00f8lge EHF.<\/p>\n<p class=\"_paragraph_o9xde_4 _paragraph_xtcu6_10 layout-component text-serif-m layout-normal text-serif-m layout-padded\"><strong class=\"_strong_o9xde_25\">VG har ikke sette grunnlagsmaterialet for utestengelsen \u2013 og kan ikke g\u00e5 god for den.<\/strong><\/p>\n<p class=\"_paragraph_o9xde_4 _paragraph_xtcu6_10 layout-component text-serif-m layout-normal text-serif-m layout-padded\">\u2013 Dette er en EHF-sak. Jeg har forel\u00f8pig f\u00e5tt veldig begrenset informasjon og kan ikke uttale meg, sier dommersjefen i det internasjonale h\u00e5ndballforbundet, Per Morten S\u00f8dal, til VG. Han har v\u00e6rt p\u00e5 reise den siste tiden.<\/p>\n<p>Norges gruppespill<\/p>\n<p class=\"_paragraph_o9xde_4 _paragraph_xtcu6_10 _paragraph_16v91_10 layout-component text-serif-m layout-normal text-sans-m layout-padded\">15. januar kl. 20.30: Norge \u2013 Ukraina (Unity Arena).<\/p>\n<p class=\"_paragraph_o9xde_4 _paragraph_xtcu6_10 _paragraph_16v91_10 layout-component text-serif-m layout-normal text-sans-m layout-padded\">17. januar kl. 20.30: Tsjekkia \u2013 Norge (Unity Arena).<\/p>\n<p class=\"_paragraph_o9xde_4 _paragraph_xtcu6_10 _paragraph_16v91_10 layout-component text-serif-m layout-normal text-sans-m layout-padded\">19. januar kl. 20.30: Frankrike \u2013 Norge (Unity Arena).<\/p>\n<p class=\"_paragraph_o9xde_4 _paragraph_xtcu6_10 _paragraph_16v91_10 layout-component text-serif-m layout-normal text-sans-m layout-padded\"><a href=\"https:\/\/ehfeuro.eurohandball.com\/men\/2026\/\" class=\"_link_o9xde_39\" rel=\"nofollow noopener\" target=\"_blank\">Hele kampprogrammet finner du her.<\/a><\/p>\n<p>Vis mer<\/p>\n<p class=\"_paragraph_o9xde_4 _paragraph_xtcu6_10 layout-component text-serif-m layout-normal text-serif-m layout-padded\">Alle dommerpar m\u00e5 gjennomf\u00f8re obligatorisk kondisjonstrening og fysiske tester f\u00f8r et EM. De m\u00e5 laste opp to videoopptak av en s\u00e5kalt \u00abMultistage Fitness Test\u00bb \u2013 ett fra \u00e5tte uker f\u00f8r og ett fra fire uker f\u00f8r mesterskapet.<\/p>\n<p class=\"_paragraph_o9xde_4 _paragraph_xtcu6_10 layout-component text-serif-m layout-normal text-serif-m layout-padded\">I slutten av desember ble EHF varslet om at videoene fra Nikolov og Nachevski kunne v\u00e6re endret og ikke representere et n\u00f8yaktig opptak av hele testen.<\/p>\n<p class=\"_paragraph_o9xde_4 _paragraph_xtcu6_10 layout-component text-serif-m layout-normal text-serif-m layout-padded\">Forbundet opplyser at de lot eksperter fra Fitgood Pro og integritetspartneren Sportradar analysere materialet grundig.<\/p>\n<p class=\"_paragraph_o9xde_4 _paragraph_xtcu6_10 layout-component text-serif-m layout-normal text-serif-m layout-padded\"><strong class=\"_strong_o9xde_25\">\u2013 Den dyptg\u00e5ende analysen avsl\u00f8rte bevis for at det er stor sannsynlighet for at videoene har blitt manipulert, skriver EHF i pressemeldingen.<\/strong><\/p>\n<p class=\"_paragraph_o9xde_4 _paragraph_xtcu6_10 layout-component text-serif-m layout-normal text-serif-m layout-padded\">For \u00e5 beskytte integriteten til EM har forbundet derfor trukket tilbake nomineringen av paret.<\/p>\n<p class=\"_paragraph_o9xde_4 _paragraph_xtcu6_10 layout-component text-serif-m layout-normal text-serif-m layout-padded\">H\u00e5ndballpresident Randi Gustad er styremedlem i EHF, men vil heller ikke kommentere utestengelsen. Hun sier at saken behandles p\u00e5 administrativt niv\u00e5 i det europeiske h\u00e5ndballforbundet.<\/p>\n<p class=\"_paragraph_o9xde_4 _paragraph_xtcu6_10 layout-component text-serif-m layout-normal text-serif-m layout-padded\">EHF forbeholder seg retten til \u00e5 innlede juridiske prosedyrer i saken.<\/p>\n<p class=\"_paragraph_o9xde_4 _paragraph_xtcu6_10 layout-component text-serif-m layout-normal text-serif-m layout-padded\">Gjorgji Nachevski og Slave Nikolov ble i 2023 koblet til kampfiksing av analyseselskapet Sportradar, men har inntil n\u00e5 fortsatt \u00e5 d\u00f8mme kamper p\u00e5 internasjonalt niv\u00e5.<\/p>\n<p><img alt=\"Dragan Nachevski.  Foto: Slavko Midzor\/PIXSELL \/ Pa Photos \/ NTB\" class=\"_image_qp4xg_65 layout-component layout-normal\" data-fullscreen- data-track-element-type=\"Article image fullscreen\" data-track-name=\"ImageFullscreen\" decoding=\"async\" loading=\"lazy\" height=\"2577\" itemprop=\"image\"  src=\"https:\/\/www.europesays.com\/no\/wp-content\/uploads\/2026\/01\/495d162a-ad9e-4e25-8ce6-0c1bdfa2c9b0.jpeg\"  style=\"object-position:0% 0%\" width=\"3866\"\/>Dragan Nachevski.  Foto: Slavko Midzor\/PIXSELL \/ Pa Photos \/ NTB<\/p>\n<p class=\"_paragraph_o9xde_4 _paragraph_xtcu6_10 layout-component text-serif-m layout-normal text-serif-m layout-padded\"><a href=\"https:\/\/www.vg.no\/sport\/i\/EQ5g55\/dommersjef-utestengt-fra-haandball-som-et-sjokk\" data-track-element-type=\"Link\" data-track-id=\"link:EQ5g55\" class=\"_link_o9xde_39\" rel=\"nofollow noopener\" target=\"_blank\">For tre \u00e5r siden ble ogs\u00e5 Gjorgji Nachevskis far, Dragan Nachevski, utestengt av EHF. <\/a>Nordmakedoneren var da dommersjef i EHF og medlem av dommerkomiteen i det internasjonale h\u00e5ndballforbundet.<\/p>\n<p class=\"_paragraph_o9xde_4 _paragraph_xtcu6_10 layout-component text-serif-m layout-normal text-serif-m layout-padded\">I januar 2020 valgte dansk TV 2 \u00e5 g\u00e5 \u00abundercover\u00bb i et m\u00f8te med Dragan Nachevski p\u00e5 et hotell i Sverige. De hyret en skuespiller til \u00e5 agere en kinesisk forretningsmann, som gjerne ville ha kinesisk h\u00e5ndball med i den \u00f8steuropeiske SEHA-ligaen.<\/p>\n<p class=\"_paragraph_o9xde_4 _paragraph_xtcu6_10 layout-component text-serif-m layout-normal text-serif-m layout-padded\">I en skriftlig forklaring til det europeiske forbundet skrev Dragan Nachevski at han aldri har v\u00e6rt i noen type kampfiksing. EHF opplyste at mannen fra Nord-Makedonia i TV-opptaket flere ganger avviser \u00e5 delta i kampfiksing, men at han ikke distanserer seg helt fra det og derfor sender feil signaler i den rollen han har.<\/p>\n","protected":false},"excerpt":{"rendered":"Stjernedommerne Gjorgji Nachevski og Slave Nikolov f\u00e5r ikke d\u00f8mme i meterskapet i Norge, Sverige og Danmark de neste&hellip;\n","protected":false},"author":2,"featured_media":135200,"comment_status":"","ping_status":"","sticky":false,"template":"","format":"standard","meta":{"footnotes":""},"categories":[59],"tags":[105,13991,30,28,29,83,82],"class_list":{"0":"post-135199","1":"post","2":"type-post","3":"status-publish","4":"format-standard","5":"has-post-thumbnail","7":"category-sport","8":"tag-handball","9":"tag-handball-em","10":"tag-no","11":"tag-norge","12":"tag-norway","13":"tag-sport","14":"tag-sports"},"share_on_mastodon":{"url":"https:\/\/pubeurope.com\/@no\/115880936281732277","error":""},"_links":{"self":[{"href":"https:\/\/www.europesays.com\/no\/wp-json\/wp\/v2\/posts\/135199","targetHints":{"allow":["GET"]}}],"collection":[{"href":"https:\/\/www.europesays.com\/no\/wp-json\/wp\/v2\/posts"}],"about":[{"href":"https:\/\/www.europesays.com\/no\/wp-json\/wp\/v2\/types\/post"}],"author":[{"embeddable":true,"href":"https:\/\/www.europesays.com\/no\/wp-json\/wp\/v2\/users\/2"}],"replies":[{"embeddable":true,"href":"https:\/\/www.europesays.com\/no\/wp-json\/wp\/v2\/comments?post=135199"}],"version-history":[{"count":0,"href":"https:\/\/www.europesays.com\/no\/wp-json\/wp\/v2\/posts\/135199\/revisions"}],"wp:featuredmedia":[{"embeddable":true,"href":"https:\/\/www.europesays.com\/no\/wp-json\/wp\/v2\/media\/135200"}],"wp:attachment":[{"href":"https:\/\/www.europesays.com\/no\/wp-json\/wp\/v2\/media?parent=135199"}],"wp:term":[{"taxonomy":"category","embeddable":true,"href":"https:\/\/www.europesays.com\/no\/wp-json\/wp\/v2\/categories?post=135199"},{"taxonomy":"post_tag","embeddable":true,"href":"https:\/\/www.europesays.com\/no\/wp-json\/wp\/v2\/tags?post=135199"}],"curies":[{"name":"wp","href":"https:\/\/api.w.org\/{rel}","templated":true}]}}