{"id":135207,"date":"2026-01-12T07:37:07","date_gmt":"2026-01-12T07:37:07","guid":{"rendered":"https:\/\/www.europesays.com\/no\/135207\/"},"modified":"2026-01-12T07:37:07","modified_gmt":"2026-01-12T07:37:07","slug":"fleire-stengde-vegar-og-innstilte-ferjer-nrk-vestland","status":"publish","type":"post","link":"https:\/\/www.europesays.com\/no\/135207\/","title":{"rendered":"Fleire stengde vegar og innstilte ferjer \u2013 NRK Vestland"},"content":{"rendered":"<p><a href=\"https:\/\/www.nrk.no\/buskerud\/det-kan-komme-opp-mot-40-cm-sno-i-agder-1.17722824\" ec-id=\"pp:article:1.17722824\" ec-name=\"Den sterke vinden og det gule farevarselet\" rel=\"nofollow noopener\" target=\"_blank\">Den sterke vinden og det gule farevarselet <\/a>skaper utfordringar p\u00e5 vegane, seier trafikkoperat\u00f8r Rolf Einar V\u00e5gheim til NRK m\u00e5ndag morgon.<\/p>\n<p><strong>Det har g\u00e5tt ein sn\u00f8skred i Lodalen over vegen, like f\u00f8r B\u00f8dalen.<\/strong><\/p>\n<p>\u2013 Vegen er stengt akkurat no. Entrepren\u00f8r er p\u00e5 veg ut, seier V\u00e5gheim til NRK 07.15.<\/p>\n<p>Han har ikkje informasjon per no om kor stort raset er.<\/p>\n<p>Kolonne og stengte vegar<\/p>\n<p>Det er sendt ut gult farevarsel om sterk vind. Mellom anna blei det p\u00e5 Folgefonna i natt m\u00e5lt orkan i kasta med over 50 m\/s, melder <a href=\"https:\/\/www.hardanger-folkeblad.no\/her-blaser-det-meste-akkurat-na\/s\/5-22-747446\" ec-id=\"https:\/\/www.hardanger-folkeblad.no\/her-blaser-det-meste-akkurat-na\/s\/5-22-747446\" ec-name=\"Hardanger Folkeblad.\" rel=\"nofollow noopener\" target=\"_blank\">Hardanger Folkeblad. <\/a><\/p>\n<p>Hardangerbrua og Sotrabrua i fare for \u00e5 stenge p\u00e5 morgonkvisten grunna sterk vind.<\/p>\n<p><img decoding=\"async\"   src=\"data:image\/gif;base64,R0lGODlhAQABAIAAAAAAAP\/\/\/yH5BAEAAAAALAAAAAABAAEAAAIBRAA7\" loading=\"eager\" alt=\"veg og bru \" title=\"Foto: Webkamera Statens vegvesen\"\/><\/p>\n<p class=\"\">Sotrabrua utanfor Bergen st\u00e5r i fare for \u00e5 stenge m\u00e5ndag morgon grunna sterk vind. <\/p>\n<p>Foto: Webkamera Statens vegvesen<\/p>\n<p>P\u00e5 Hardangerbrua rv. 13 i Ulvik\/Eidfjord er det no stiv kuling med sterk kuling i kasta.<\/p>\n<p><strong>Fleire fjellovergangar er r\u00e5ka av v\u00earet. <\/strong><\/p>\n<p>Rv. 13 Vikafjellet er stengt.<\/p>\n<p>Fv. 50 Hol \u2013 Aurland er ogs\u00e5 stengt.<\/p>\n<p>Over E134 Haukelifjell er det kolonnek\u00f8yring.<\/p>\n<p>Det same gjeld for alle k\u00f8yret\u00f8y p\u00e5 riksveg 7 Hardangervidda ved Hol\/Eidfjord.<\/p>\n<p>Innstilte ferjer<\/p>\n<p>Det er ogs\u00e5 fleire innstilte ferjer p\u00e5 Vestlandet.<\/p>\n<ul>\n<li>Gjermundshamn \u2013 Varalds\u00f8y \u2013 \u00c5rsnes.<\/li>\n<li>Mortavika-Arsv\u00e5gen E39- sambandet. To av tre ferjer innstilt. Den siste g\u00e5r til Hanasand i staden for Mortavika p\u00e5 grunn av uv\u00earet.<\/li>\n<li>Hjellestad \u2013 Klokkarvik \u2013 Bjelkar\u00f8y- Ler\u00f8y: Rundtur med avgang klokka 06:05 fr\u00e5 Klokkarvik er innstilt. Ny vurdering klokka 08:00.<\/li>\n<li>Hurtigb\u00e5ten mellom Flor\u00f8 og M\u00e5l\u00f8y g\u00e5r ikkje til kai i Sm\u00f8rhamn p\u00e5 morgonkvisten. Det kan verte forseinkingar.<\/li>\n<li>Ferjesambandet St\u00e5rheim-Isane innstilt. Fr\u00e5 St\u00e5rheim gjeld dette avgangen 06:00 og 06:45. Fr\u00e5 Isane 06:20 og 07:05, melder Fjord1.<\/li>\n<li>Hjelmeland, Nesvik og Skipavik er innstilt inntil vidare.<\/li>\n<li>B\u00e5tane til Utsira, R\u00f8v\u00e6r og Fe\u00f8y innstilt.<\/li>\n<li>Ferja mellom Lauvik og Oanes er innstilt.<\/li>\n<li>Over Boknafjorden er anl\u00f8pa flytta fr\u00e5 Mortavika til Hanasand p\u00e5 grunn av v\u00earforholda, noko som medf\u00f8rer lengre reisetid. Avgangane p\u00e5 strekninga er ogs\u00e5 reduserte.<\/li>\n<li>Skal du til eller fr\u00e5 Kvits\u00f8y, m\u00e5 du nytte ferje, d\u00e5 hurtigb\u00e5ten er tatt ut av drift.<\/li>\n<\/ul>\n<p>Flytrafikken r\u00e5ka<\/p>\n<p>Ogs\u00e5 flytrafikken er r\u00e5ka av den sterke vinden.<\/p>\n<p>Equinor melder om forseinkingar i helikoptertrafikken ut i Nordsj\u00f8en grunna utfordrande v\u00earforhold. Selskapet ber likevel alle passasjerar om \u00e5 m\u00f8te opp til vanleg tid.<\/p>\n<p>P\u00e5 grunn av vind og b\u00f8lgeh\u00f8gder er dagens turar fr\u00e5 Flesland kansellerte, melder <a href=\"https:\/\/heliport.no.\/\" ec-id=\"https:\/\/heliport.no.\/\" ec-name=\"Heliport\" rel=\"nofollow noopener\" target=\"_blank\">Heliport<\/a>. Ogs\u00e5 fleire av turane fr\u00e5 Flor\u00f8 er kansellerte.<\/p>\n<p><img decoding=\"async\"   src=\"data:image\/gif;base64,R0lGODlhAQABAIAAAAAAAP\/\/\/yH5BAEAAAAALAAAAAABAAEAAAIBRAA7\" loading=\"eager\" alt=\"Bergen lufthavn Flesland\" title=\"Foto: Simon Skjelvik Brandseth \/ NRK\"\/><\/p>\n<p class=\"\">P\u00e5 Bergen lufthavn Flesland er fleire fly innstilte.<\/p>\n<p>Foto: Simon Skjelvik Brandseth \/ NRK<\/p>\n<p>P\u00e5 Flesland er to SAS-avgangar fr\u00e5 Bergen til Stavanger innstilt. Det er ogs\u00e5 fleire fly som er forsinka.<\/p>\n<p>Fleire fly til Bergen er ogs\u00e5 innstilt, mellom<a href=\"https:\/\/www.nrk.no\/rogaland\/fleire-flyavgangar-kansellerte-pa-sola-mandag-morgon-1.17723381\" ec-id=\"pp:article:1.17723381\" ec-name=\"anna tre fly fr\u00e5 Stavanger.\" rel=\"nofollow noopener\" target=\"_blank\"> anna tre fly fr\u00e5 Stavanger. <\/a><\/p>\n<p>P\u00e5 Sogndal lufthamn er det s\u00e5 langt registrert to forseinkingar. Dette gjeld flyet til Bergen som skulle ha g\u00e5tt klokka 06.45. Det er utsett til 08.05, if\u00f8lge <a href=\"https:\/\/www.avinor.no\/flyplass\/sogndal\/flytider\/#departure\" ec-id=\"https:\/\/www.avinor.no\/flyplass\/sogndal\/flytider\/\" ec-name=\"Avinor\" rel=\"nofollow noopener\" target=\"_blank\">Avinor<\/a>.<\/p>\n<p>Den same avgangen skulle ogs\u00e5 ha g\u00e5tt til Flor\u00f8, men blir utsett til klokka 08.20.<\/p>\n<p>Flyet fr\u00e5 Bergen som skulle landa 08.45 er kansellert.<\/p>\n<p>Fr\u00e5 kystbyen Flor\u00f8 er avgangen til Bergen klokka 09.25 kansellert. Avgangen til Bergen som skulle ha vore i lufta klokka 07.25, er utsett til klokka 10.25.<\/p>\n<p>Vinden skal halde p\u00e5 utover dagen, og Vegtrafikksentralen trur det vil kome inn end\u00e5 fleire meldingar.<\/p>\n<p>Dei ber folk vere ekstra varsame og f\u00f8lge godt med.<\/p>\n<p>\u2013 Sj\u00f8lv om det er plussgrader, kan det framleis vere glatt, minner trafikkoperat\u00f8r Rolf Einar V\u00e5gheim om.<\/p>\n<p>Her kan du sjekke <a href=\"https:\/\/www.vegvesen.no\/trafikk\/hvaskjer?lat=60.38667&amp;lng=5.33256&amp;zoom=6\" ec-id=\"https:\/\/www.vegvesen.no\/trafikk\/hvaskjer\" ec-name=\"oppdatert status p\u00e5 vegane.\" rel=\"nofollow noopener\" target=\"_blank\">oppdatert status p\u00e5 vegane.<\/a><\/p>\n<p>Vinden vil halde fram utover dagen<\/p>\n<p>Statsmeteorolog Leonidas Tsopouridis seier den sterke vinden vil halde fram.<\/p>\n<p>\u2013 No bles det opp i s\u00f8raustleg liten storm p\u00e5 kysten, full storm utsette stader i fjellet. I fjellomr\u00e5de i indre str\u00f8k er det stader som f\u00e5r over 30 meter i sekundet, seier han.<\/p>\n<p>Mellom anna bles det 28\u201330 meter i sekundet p\u00e5 Kr\u00e5kenes og Ytter\u00f8yane fyr.<\/p>\n<p>\u2013 Og det vil halde fram med \u00e5 bl\u00e5se utover dagen, til det roar seg i ettermiddag, seier Tsopouridis.<\/p>\n<p>Men utover kvelden vil vinden ta seg opp att med sterk kuling utsette stader.<\/p>\n<p>Farevarsla om sv\u00e6rt kraftige vindkast gjer til at BKK har skjerpa beredskapen sin for \u00e5 ta hand om eventuelle tre eller andre gjenstandar som kan bl\u00e5se over straumlinjer.<\/p>\n<p>\u2013 Dei f\u00f8rebelse v\u00earvarsla tyder ikkje p\u00e5 like sterk vind som kva vi opplevde under Amy, men vindretninga er den same, seier Henrik Wiedswang Horjen, kommunikasjonsr\u00e5dgivar i BKK i ei pressemelding.<\/p>\n<p>Publisert<\/p>\n<p>12.01.2026, kl. 07.10<\/p>\n<p>Oppdatert<\/p>\n<p>12.01.2026, kl. 08.32<\/p>\n","protected":false},"excerpt":{"rendered":"Den sterke vinden og det gule farevarselet skaper utfordringar p\u00e5 vegane, seier trafikkoperat\u00f8r Rolf Einar V\u00e5gheim til NRK&hellip;\n","protected":false},"author":2,"featured_media":135208,"comment_status":"","ping_status":"","sticky":false,"template":"","format":"standard","meta":{"footnotes":""},"categories":[5],"tags":[20,21,24,25,15,19,22,23,17,18,13,30,28,29,14,16,26,27],"class_list":{"0":"post-135207","1":"post","2":"type-post","3":"status-publish","4":"format-standard","5":"has-post-thumbnail","7":"category-overskrifter","8":"tag-breaking-news","9":"tag-breakingnews","10":"tag-featured-news","11":"tag-featurednews","12":"tag-headlines","13":"tag-hovedoppslag","14":"tag-latest-news","15":"tag-latestnews","16":"tag-main-news","17":"tag-mainnews","18":"tag-news","19":"tag-no","20":"tag-norge","21":"tag-norway","22":"tag-nyheter","23":"tag-overskrifter","24":"tag-top-stories","25":"tag-topstories"},"share_on_mastodon":{"url":"https:\/\/pubeurope.com\/@no\/115880987404040458","error":""},"_links":{"self":[{"href":"https:\/\/www.europesays.com\/no\/wp-json\/wp\/v2\/posts\/135207","targetHints":{"allow":["GET"]}}],"collection":[{"href":"https:\/\/www.europesays.com\/no\/wp-json\/wp\/v2\/posts"}],"about":[{"href":"https:\/\/www.europesays.com\/no\/wp-json\/wp\/v2\/types\/post"}],"author":[{"embeddable":true,"href":"https:\/\/www.europesays.com\/no\/wp-json\/wp\/v2\/users\/2"}],"replies":[{"embeddable":true,"href":"https:\/\/www.europesays.com\/no\/wp-json\/wp\/v2\/comments?post=135207"}],"version-history":[{"count":0,"href":"https:\/\/www.europesays.com\/no\/wp-json\/wp\/v2\/posts\/135207\/revisions"}],"wp:featuredmedia":[{"embeddable":true,"href":"https:\/\/www.europesays.com\/no\/wp-json\/wp\/v2\/media\/135208"}],"wp:attachment":[{"href":"https:\/\/www.europesays.com\/no\/wp-json\/wp\/v2\/media?parent=135207"}],"wp:term":[{"taxonomy":"category","embeddable":true,"href":"https:\/\/www.europesays.com\/no\/wp-json\/wp\/v2\/categories?post=135207"},{"taxonomy":"post_tag","embeddable":true,"href":"https:\/\/www.europesays.com\/no\/wp-json\/wp\/v2\/tags?post=135207"}],"curies":[{"name":"wp","href":"https:\/\/api.w.org\/{rel}","templated":true}]}}