{"id":135211,"date":"2026-01-12T07:43:11","date_gmt":"2026-01-12T07:43:11","guid":{"rendered":"https:\/\/www.europesays.com\/no\/135211\/"},"modified":"2026-01-12T07:43:11","modified_gmt":"2026-01-12T07:43:11","slug":"jordmor-granskes-for-andre-gang-etter-hjemmefodsler-nrk-sorlandet-lokale-nyheter-tv-og-radio","status":"publish","type":"post","link":"https:\/\/www.europesays.com\/no\/135211\/","title":{"rendered":"Jordmor granskes for andre gang etter hjemmef\u00f8dsler \u2013 NRK S\u00f8rlandet \u2013 Lokale nyheter, TV og radio"},"content":{"rendered":"<p>Saken oppsummert: <\/p>\n<p>\u2022 Statsforvalteren i Agder har opprettet en ny tilsynssak mot ei jordmor p\u00e5 S\u00f8rlandet, som risikerer \u00e5 miste autorisasjonen.<br \/>\u2022 Begge tilsynssakene gjelder hjemmef\u00f8dsler i privat regi, der den f\u00f8rste saken fra 2020 konkluderte med uforsvarlig behandling.<br \/>\u2022 I saken fra 2020 skal jordmora ha ventet flere timer med \u00e5 sende en f\u00f8dende kvinne til sykehus, noe som utsatte kvinnen for alvorlig risiko.<br \/>\u2022 Jordmora f\u00e5r ogs\u00e5 kritikk for \u00e5 ha kj\u00f8rt egen bil i stedet for \u00e5 f\u00f8lge ambulansen, og for ikke \u00e5 ha sikret n\u00f8dvendig medisinsk tilgang under transporten.<br \/>\u2022 S\u00f8rlandet sykehus sendte bekymringsmelding etter en ny hjemmef\u00f8dsel i april i fjor, noe som f\u00f8rte til den siste tilsynssaken.<br \/>\u2022 Jordmora har sagt opp sin stilling ved sykehuset og slettet sin Facebook-side, men driver fortsatt sitt private firma som hjemmejordmor.<\/p>\n<p>Oppsummeringen er laget av en KI-tjeneste fra OpenAI. Innholdet er kvalitetssikret av NRKs journalister f\u00f8r publisering.<\/p>\n<p>Statsforvalteren i Agder har for andre gang oppretta tilsynssak mot ei jordmor p\u00e5 S\u00f8rlandet.<\/p>\n<p>Hun kan ende med \u00e5 miste autorisasjonen.<\/p>\n<p><strong>Jordmora har i flere \u00e5r jobbet ved S\u00f8rlandet sykehus. <\/strong><\/p>\n<p><strong>I tillegg har hun hatt sitt eget firma som hjemmejordmor.<\/strong><\/p>\n<p><strong>Begge tilsynssakene er knytta til assisterte hjemmef\u00f8dsler i privat regi. <\/strong><\/p>\n<p>I den f\u00f8rste saken fra 2020 var konklusjonen at hun ikke ga forsvarlig behandling til den f\u00f8dende.<\/p>\n<p>Den andre tilsynssaken er ikke avsluttet.<\/p>\n<p>NRK har v\u00e6rt i kontakt med jordmora, som holder til i Lister, og forelagt henne kritikken.<\/p>\n<p>Hun \u00f8nsker ikke \u00e5 uttale seg.\n<\/p>\n<p><img decoding=\"async\"   src=\"data:image\/gif;base64,R0lGODlhAQABAIAAAAAAAP\/\/\/yH5BAEAAAAALAAAAAABAAEAAAIBRAA7\" loading=\"eager\" alt=\"jordmor dok\" title=\"Foto: Kari Jeppest\u00f8l Arntzen\"\/><\/p>\n<p class=\"\">I den f\u00f8rste tilsynssaken som ble avgjort i 2020, skriver Statsforvalteren at jordmora ikke f\u00f8lger de nasjonale retningslinjene. <\/p>\n<p>Foto: Kari Jeppest\u00f8l Arntzen<\/p>\n<p>Satte kvinnen i fare<\/p>\n<p>Papirene i den nye saken er i stor grad sladdet.<\/p>\n<p>Statsforvalteren \u00f8nsker forel\u00f8pig ikke \u00e5 uttale seg om hva som har skjedd siden den er under behandling.<\/p>\n<p>I saken fra 2020 endte den f\u00f8dende kvinnen p\u00e5 sykehuset med komplikasjoner.<\/p>\n<p>Konklusjonen var at jordmora ikke fulgte reglene for hjemmef\u00f8dsel, og satte den f\u00f8dende kvinnen i fare.<\/p>\n<p><img decoding=\"async\"   src=\"data:image\/gif;base64,R0lGODlhAQABAIAAAAAAAP\/\/\/yH5BAEAAAAALAAAAAABAAEAAAIBRAA7\" loading=\"eager\" alt=\"Flekkefjord sykehus inngangspartiet\" title=\"Foto: Per-K\u00e5re Sandbakk \/ NRK\"\/><\/p>\n<p class=\"\">Jordmora har frem til november i fjor jobbet ved f\u00f8deavdelingen i Flekkefjord i tillegg til \u00e5 ha sitt private firma som hjemmejordmor. <\/p>\n<p>Foto: Per-K\u00e5re Sandbakk \/ NRK<\/p>\n<p>Venta i flere timer med sykehus<\/p>\n<p><strong>Morkaka l\u00f8sna ikke, men jordmora valgte \u00e5 vente flere timer f\u00f8r hun sendte kvinnen til sykehuset. <\/strong><\/p>\n<p>If\u00f8lge den nasjonale veilederen skal det ikke g\u00e5 mer enn 60 minutter, siden dette kan v\u00e6re kritisk med tanke p\u00e5 bl\u00f8dninger.<\/p>\n<p>Statsforvalteren skriver:<\/p>\n<p><strong>\u00abDin h\u00e5ndtering utsatte kvinnen for en forh\u00f8yet risiko for post partum bl\u00f8dning som kunne ha f\u00e5tt alvorlige konsekvenser for henne.\u00bb <\/strong><\/p>\n<p>Etter det NRK kjenner til, skal det ha g\u00e5tt bra med kvinnen etter at hun kom p\u00e5 sykehuset.<strong> <\/p>\n<p> <\/strong><\/p>\n<p>Kj\u00f8rte egen bil<\/p>\n<p><strong>If\u00f8lge tilsynssaken fra 2020 hadde jordmora tenkt \u00e5 frakte den f\u00f8dende kvinnen og barnet til sykehuset i sin egen bil.<\/strong><\/p>\n<p>Dette nektet sykehuset, og sendte ambulanse.<\/p>\n<p>Da ambulansen kom, valgte jordmora \u00e5 kj\u00f8re etter i sin privatbil.<\/p>\n<p>Underveis begynte kvinnen \u00e5 f\u00e5 bl\u00f8dninger. Ambulansen m\u00e5tte stanse, og jordmora m\u00e5tte bist\u00e5.<\/p>\n<p>Hun f\u00e5r ogs\u00e5 kritikk for at hun ikke hadde lagt inn veneflon p\u00e5 kvinnen.<\/p>\n<p><strong>\u00abDu sikret ikke forholdene under transporten i og med at du selv mente at du kunne kj\u00f8re i egen bil. Du sikret heller ikke ven\u00f8s tilgang f\u00f8r transporten..\u00bb<\/strong><\/p>\n<p>I dokumentene kommer det frem at jordmora har tatt selvkritikk p\u00e5 at hun ikke fulgte med i ambulansen.<strong> <\/p>\n<p><\/strong><\/p>\n<p>Sjokk<\/p>\n<p>Helsepersonellet som tok imot kvinnen p\u00e5 sykehuset mente hun var i sjokk da hun ankom.<\/p>\n<p><strong>Det var jordmora ikke enig i, if\u00f8lge dokumentene.<\/strong><\/p>\n<p>Konklusjonen i tilsynssaken var at jordmora ikke fulgte nasjonale veiledere for hjemmef\u00f8dsel, men gjorde som hun selv mente var best.<\/p>\n<p>Hun burde sendt kvinnen til sykehuset tidligere, og hun burde v\u00e6rt med i ambulansen, if\u00f8lge Statsforvalteren.<\/p>\n<p>De skriver:<\/p>\n<p><strong>\u00abDu f\u00f8lger ikke fastlagte prosedyrer ved hjemmef\u00f8dsler, men vurderer hver enkelt ut ifra faglig skj\u00f8nn&#8230;\u00bb <\/p>\n<p><\/strong><\/p>\n<p>Sykehuset sendte bekymringsmelding<\/p>\n<p>I den siste saken var det S\u00f8rlandet sykehus som selv sendte en bekymringsmelding til helsemyndighetene.<\/p>\n<p>Det skjedde i april i fjor &#8211; etter nok en hjemmef\u00f8dsel.<\/p>\n<p>Statsforvalteren valgte \u00e5 opprette ny tilsynssak.<\/p>\n<p>I brevet til jordmora st\u00e5r det at den forrige saken vil ha betydning.<\/p>\n<p><strong>\u00abStatsforvalteren vil ogs\u00e5 se denne saken i sammenheng med tidligere tilsynssaker hos oss eller andre Statsforvaltere. Statsforvalteren skal unders\u00f8ke om det, p\u00e5 bakgrunn av denne og tidligere tilsynssaker, kan v\u00e6re grunnlag for \u00e5 be Statens helsetilsyn vurdere en administrativ reaksjon.\u00bb<\/strong><\/p>\n<p>En administrativ reaksjon vil si at hun kan ende med \u00e5 miste retten til \u00e5 jobbe som jordmor, eller f\u00e5 begrensninger.<\/p>\n<p>Har sagt opp<\/p>\n<p>Jordmora hadde ikke f\u00e5tt noen restriksjoner knytta til jobben ved sykehuset etter den f\u00f8rste tilsynssaken.<\/p>\n<p>Men etter den siste saken har hun ikke jobbet selvstendig, sier klinikkdirekt\u00f8r ved S\u00f8rlandet sykehus Flekkefjord, Jorunn Sandvik.<\/p>\n<p>Kvinnen sa opp stillingen ved sykehuset i november 2025.<\/p>\n<p><strong>\u2013 Det er grunnet andre omstendigheter, som ikke har \u00e5 gj\u00f8re med tilsynssaken eller hennes utf\u00f8relse av arbeidet som jordmor her. <\/strong><\/p>\n<p>Sletta facebook-side<\/p>\n<p>Jordmora har inntil nylig hatt en facebookside knytta til sitt eget firma.<\/p>\n<p>Hun er ivrig forkjemper for hjemmef\u00f8dsler, og har lagt ut innlegg som promoterer dette &#8211; ogs\u00e5 mens den siste tilsynssaken mot henne behandles.<\/p>\n<p>Siden var operativ like f\u00f8r jul, men er n\u00e5 sletta.<\/p>\n<p>Jordmora har fremdeles enkeltpersonforetaket, og er finne p\u00e5 nettsider der gravide kan kontakte private jordm\u00f8dre for hjemmef\u00f8dsel.<\/p>\n<p>Den siste tilsynssaken blir trolig avgjort i l\u00f8pet av ny\u00e5ret, if\u00f8lge Statsforvalteren.<\/p>\n<p>Publisert<\/p>\n<p>12.01.2026, kl. 05.06<\/p>\n","protected":false},"excerpt":{"rendered":"Saken oppsummert: \u2022 Statsforvalteren i Agder har opprettet en ny tilsynssak mot ei jordmor p\u00e5 S\u00f8rlandet, som risikerer&hellip;\n","protected":false},"author":2,"featured_media":135212,"comment_status":"","ping_status":"","sticky":false,"template":"","format":"standard","meta":{"footnotes":""},"categories":[10],"tags":[20,21,24,25,15,22,23,13,30,28,29,14,16,26,27],"class_list":{"0":"post-135211","1":"post","2":"type-post","3":"status-publish","4":"format-standard","5":"has-post-thumbnail","7":"category-norge","8":"tag-breaking-news","9":"tag-breakingnews","10":"tag-featured-news","11":"tag-featurednews","12":"tag-headlines","13":"tag-latest-news","14":"tag-latestnews","15":"tag-news","16":"tag-no","17":"tag-norge","18":"tag-norway","19":"tag-nyheter","20":"tag-overskrifter","21":"tag-top-stories","22":"tag-topstories"},"share_on_mastodon":{"url":"https:\/\/pubeurope.com\/@no\/115881011258901543","error":""},"_links":{"self":[{"href":"https:\/\/www.europesays.com\/no\/wp-json\/wp\/v2\/posts\/135211","targetHints":{"allow":["GET"]}}],"collection":[{"href":"https:\/\/www.europesays.com\/no\/wp-json\/wp\/v2\/posts"}],"about":[{"href":"https:\/\/www.europesays.com\/no\/wp-json\/wp\/v2\/types\/post"}],"author":[{"embeddable":true,"href":"https:\/\/www.europesays.com\/no\/wp-json\/wp\/v2\/users\/2"}],"replies":[{"embeddable":true,"href":"https:\/\/www.europesays.com\/no\/wp-json\/wp\/v2\/comments?post=135211"}],"version-history":[{"count":0,"href":"https:\/\/www.europesays.com\/no\/wp-json\/wp\/v2\/posts\/135211\/revisions"}],"wp:featuredmedia":[{"embeddable":true,"href":"https:\/\/www.europesays.com\/no\/wp-json\/wp\/v2\/media\/135212"}],"wp:attachment":[{"href":"https:\/\/www.europesays.com\/no\/wp-json\/wp\/v2\/media?parent=135211"}],"wp:term":[{"taxonomy":"category","embeddable":true,"href":"https:\/\/www.europesays.com\/no\/wp-json\/wp\/v2\/categories?post=135211"},{"taxonomy":"post_tag","embeddable":true,"href":"https:\/\/www.europesays.com\/no\/wp-json\/wp\/v2\/tags?post=135211"}],"curies":[{"name":"wp","href":"https:\/\/api.w.org\/{rel}","templated":true}]}}