{"id":135219,"date":"2026-01-12T07:57:06","date_gmt":"2026-01-12T07:57:06","guid":{"rendered":"https:\/\/www.europesays.com\/no\/135219\/"},"modified":"2026-01-12T07:57:06","modified_gmt":"2026-01-12T07:57:06","slug":"skolebuss-involvert-i-ulykke-i-flakstad-nrk-nordland","status":"publish","type":"post","link":"https:\/\/www.europesays.com\/no\/135219\/","title":{"rendered":"Skolebuss involvert i ulykke i Flakstad \u2013 NRK Nordland"},"content":{"rendered":"<p>Politiet sier til NRK at det skal v\u00e6re snakk om lag seks passasjerer om bord i bussen.<\/p>\n<p>\u2013 Det er ungdommer i bussen som fremst\u00e5r som lettere skadd. Det fremst\u00e5r ikke som en alvorlig ulykke, sier operasjonsleder Thomas Jarn\u00e6s Coe til NRK.<\/p>\n<p>Brannvesenet har startet med \u00e5 f\u00e5 ut passasjerer, som slet med \u00e5 komme seg ut da bussen stod delvis ute i dr\u00f8fta, if\u00f8lge politiet.<\/p>\n<p>Politiet dirigerer trafikken forbi ulykkesstedet. Vegtrafikksentralen melder at ett kj\u00f8refelt er p\u00e5virket og at veien kan bli stengt ved B\u00f8osen.<\/p>\n<p>Mye vind og sv\u00e6rt glatt<\/p>\n<p>Politiet er akkurat fremme p\u00e5 stedet sammen med flere ambulanser.<\/p>\n<p>Helsepersonell er p\u00e5 stedet og f\u00e5r oversikt over skadeomfanget. Ingen skal v\u00e6re alvorlig skadet. En person blir fraktet til sykehus for videre unders\u00f8kelser<\/p>\n<p>If\u00f8lge politiet skal det v\u00e6re mye vind p\u00e5 stedet.<\/p>\n<p>\u2013 Det er sv\u00e6rt glatt p\u00e5 stedet og det kommer sterke vindkast. Det fremst\u00e5r som at vinden kan ha for\u00e5rsaket at bussen ble presset ut i gr\u00f8fta.<\/p>\n<p><img decoding=\"async\"   src=\"data:image\/gif;base64,R0lGODlhAQABAIAAAAAAAP\/\/\/yH5BAEAAAAALAAAAAABAAEAAAIBRAA7\" loading=\"eager\" alt=\"Farevarsel for kraftige vindkast\" title=\"Foto: Meteorologisk institutt\"\/><\/p>\n<p class=\"\">Lokalt kan vindkastene komme opp i 27 til 37 m\/s.\n<\/p>\n<p>Foto: Meteorologisk institutt<\/p>\n<p>Meteorologisk institutt har sendt ut et <a href=\"https:\/\/www.nrk.no\/nordland\/gult-farevarsel-i-nord-_-periodevis-full-storm-1.17723391\" ec-id=\"pp:article:1.17723391\" ec-name=\"gult farevarsel for kraftige vindkast\" rel=\"nofollow noopener\" target=\"_blank\">gult farevarsel for kraftige vindkast<\/a>. Det ventes s\u00f8r\u00f8stlig liten og periodevis full storm utsatte steder.<\/p>\n<p>Flere <a href=\"https:\/\/www.nrk.no\/nordland\/kansellering-og-vaerforbehold-for-fergesamband-mandag-1.17723132\" ec-id=\"pp:article:1.17723132\" ec-name=\"ferger og hurtigb\u00e5ter tar v\u00e6rforbehold\" rel=\"nofollow noopener\" target=\"_blank\">ferger og hurtigb\u00e5ter tar v\u00e6rforbehold<\/a> i dag p\u00e5 grunn av den sterke vinden.<\/p>\n<p><a class=\"login-banner-hack\" href=\"https:\/\/www.nrk.no\/logginn?context=article-plug\" style=\"padding: 0; border: none; display: none\" rel=\"nofollow noopener\" target=\"_blank\"><\/p>\n<p>            <img decoding=\"async\"   src=\"data:image\/gif;base64,R0lGODlhAQABAIAAAAAAAP\/\/\/yH5BAEAAAAALAAAAAABAAEAAAIBRAA7\" alt=\"Oppfordring til \u00e5 logge p\u00e5 NRKs tjenester\" title=\"Foto: Odd Arne Olderbakk\"\/><\/p>\n<p>            <img decoding=\"async\"   src=\"data:image\/gif;base64,R0lGODlhAQABAIAAAAAAAP\/\/\/yH5BAEAAAAALAAAAAABAAEAAAIBRAA7\" alt=\"Oppfordring til \u00e5 logge p\u00e5 NRKs tjenester\" title=\"Foto: Odd Arne Olderbakk\"\/><\/p>\n<p><\/a><\/p>\n<p>Publisert<\/p>\n<p>12.01.2026, kl. 08.05<\/p>\n<p>Oppdatert<\/p>\n<p>12.01.2026, kl. 08.41<\/p>\n","protected":false},"excerpt":{"rendered":"Politiet sier til NRK at det skal v\u00e6re snakk om lag seks passasjerer om bord i bussen. \u2013&hellip;\n","protected":false},"author":2,"featured_media":135220,"comment_status":"","ping_status":"","sticky":false,"template":"","format":"standard","meta":{"footnotes":""},"categories":[10],"tags":[20,21,24,25,15,22,23,13,30,28,29,14,16,26,27],"class_list":{"0":"post-135219","1":"post","2":"type-post","3":"status-publish","4":"format-standard","5":"has-post-thumbnail","7":"category-norge","8":"tag-breaking-news","9":"tag-breakingnews","10":"tag-featured-news","11":"tag-featurednews","12":"tag-headlines","13":"tag-latest-news","14":"tag-latestnews","15":"tag-news","16":"tag-no","17":"tag-norge","18":"tag-norway","19":"tag-nyheter","20":"tag-overskrifter","21":"tag-top-stories","22":"tag-topstories"},"share_on_mastodon":{"url":"https:\/\/pubeurope.com\/@no\/115881066175265592","error":""},"_links":{"self":[{"href":"https:\/\/www.europesays.com\/no\/wp-json\/wp\/v2\/posts\/135219","targetHints":{"allow":["GET"]}}],"collection":[{"href":"https:\/\/www.europesays.com\/no\/wp-json\/wp\/v2\/posts"}],"about":[{"href":"https:\/\/www.europesays.com\/no\/wp-json\/wp\/v2\/types\/post"}],"author":[{"embeddable":true,"href":"https:\/\/www.europesays.com\/no\/wp-json\/wp\/v2\/users\/2"}],"replies":[{"embeddable":true,"href":"https:\/\/www.europesays.com\/no\/wp-json\/wp\/v2\/comments?post=135219"}],"version-history":[{"count":0,"href":"https:\/\/www.europesays.com\/no\/wp-json\/wp\/v2\/posts\/135219\/revisions"}],"wp:featuredmedia":[{"embeddable":true,"href":"https:\/\/www.europesays.com\/no\/wp-json\/wp\/v2\/media\/135220"}],"wp:attachment":[{"href":"https:\/\/www.europesays.com\/no\/wp-json\/wp\/v2\/media?parent=135219"}],"wp:term":[{"taxonomy":"category","embeddable":true,"href":"https:\/\/www.europesays.com\/no\/wp-json\/wp\/v2\/categories?post=135219"},{"taxonomy":"post_tag","embeddable":true,"href":"https:\/\/www.europesays.com\/no\/wp-json\/wp\/v2\/tags?post=135219"}],"curies":[{"name":"wp","href":"https:\/\/api.w.org\/{rel}","templated":true}]}}