{"id":135221,"date":"2026-01-12T07:58:46","date_gmt":"2026-01-12T07:58:46","guid":{"rendered":"https:\/\/www.europesays.com\/no\/135221\/"},"modified":"2026-01-12T07:58:46","modified_gmt":"2026-01-12T07:58:46","slug":"antiklimaks","status":"publish","type":"post","link":"https:\/\/www.europesays.com\/no\/135221\/","title":{"rendered":"Antiklimaks"},"content":{"rendered":"<p class=\"kicker \" style=\"\">Slal\u00e5m i Abelboden<\/p>\n<p>    Henrik Kristoffersen og Atle Lie McGrath ledet etter 1. omgang i Abelboden, men klarte bare nesten \u00e5 f\u00f8lge opp.<\/p>\n<p>\n    NESTEN: Henrik Kristoffersen ledet, men seieren glapp igjen. Foto: Christian Hartmann \/ Reuters \/ NTB\n  <\/p>\n<ul>\n<li class=\"lab-bodytext-line font-weight-bold m-font-weight-bold\" data-lab-font_weight=\"font-weight-bold\">Slal\u00e5m verdenscup, Abelboden<\/li>\n<\/ul>\n<p class=\"font-weight-bold m-font-weight-bold\" data-lab-font_weight=\"font-weight-bold\">Det ble at aldri s\u00e5 lite antiklimaks for nordmennene p\u00e5 p\u00e5 slal\u00e5men i Abelboden. Atle Lie McGrath tok andreplassen, mens Henrik Kristoffersen endte p\u00e5 den siste pallplassen.<\/p>\n<p class=\"font-weight-bold m-font-weight-bold\" data-lab-font_weight=\"font-weight-bold\"> Henrik Kristoffersen og Atle Lie McGrath l\u00e5 p\u00e5 f\u00f8rste- og andreplass etter f\u00f8rsteomgang i Abelboden, men begge gjorde noen sm\u00e5 feil i den avgj\u00f8rende omgangen. Det gjorde at seieren glapp.<\/p>\n<p data-lab-font_weight=\"\">Lucas Pinheiro Braathen kj\u00f8rte inn til ledelse fra sin sjuendeplass i andreomgang, 0,02 sekunder foran Manuel Feller, men endte utenfor pallen.\u00a0<\/p>\n<p>    <a itemprop=\"url\" href=\"https:\/\/www.dagbladet.no\/sport\/norsk-jubel-i-ellevilt-drama\/84083252\" rel=\"nofollow noopener\" target=\"_blank\"><\/p>\n<p>        <img loading=\"lazy\" decoding=\"async\" src=\"https:\/\/www.europesays.com\/no\/wp-content\/uploads\/2026\/01\/84083517.webp.webp\" width=\"980\" height=\"441\" title=\"Norsk jubel i ellevilt drama\" alt=\"\" class=\"lazyload\" style=\"--aspect-ratio-image: 2.22; \"\/><\/p>\n<p>        Norsk jubel i ellevilt drama<\/p>\n<p>    <\/a><\/p>\n<p>Kristoffersen har ikke vunnet i verdenscupen i vinter, mens McGrath har \u00e9n seier.<\/p>\n<p>Kristoffersen hadde 28 hundredeler ned til McGrath etter f\u00f8rsteomgang.<\/p>\n<p class=\"font-weight-bold m-font-weight-bold\" data-lab-font_weight=\"font-weight-bold\">&#8211; Jeg gjorde egentlig ikke noe spesielt, men pr\u00f8vde \u00e5 komme OK i gang og kj\u00f8re smart. Hadde jeg hatt ordentlig selvtillit og v\u00e6rt i flyten, kunne jeg ha kj\u00f8rt et halvt sekund eller et sekund fortere, sa han til Viaplay etter f\u00f8rsteomgangen.<\/p>\n<p>    <a itemprop=\"url\" href=\"https:\/\/www.dagbladet.no\/sport\/darlig-handverk\/84082960\" rel=\"nofollow noopener\" target=\"_blank\"><\/p>\n<p>        <img loading=\"lazy\" decoding=\"async\" src=\"https:\/\/www.europesays.com\/no\/wp-content\/uploads\/2026\/01\/1768204726_812_84083133.webp.webp\" width=\"980\" height=\"441\" title=\"- D\u00e5rlig h\u00e5ndverk\" alt=\"\" class=\"lazyload\" style=\"--aspect-ratio-image: 2.22; \"\/><\/p>\n<p>        &#8211; D\u00e5rlig h\u00e5ndverk<\/p>\n<p>    <\/a><\/p>\n<p> Kristoffersen vant slal\u00e5men i Adelboden i 2016 og 2017. Han har tatt tolv pallplasser p\u00e5 det tradisjonsrike alpinstedet i Sveits, og det er bare Marcel Hirscher (16) som st\u00e5r med flere. <\/p>\n<p> Forrige norske seier i Adelboden kom da Lucas Braathen lyktes, men siden den gang har han meldt overgang til Brasil. <\/p>\n","protected":false},"excerpt":{"rendered":"Slal\u00e5m i Abelboden Henrik Kristoffersen og Atle Lie McGrath ledet etter 1. omgang i Abelboden, men klarte bare&hellip;\n","protected":false},"author":2,"featured_media":135222,"comment_status":"","ping_status":"","sticky":false,"template":"","format":"standard","meta":{"footnotes":""},"categories":[5],"tags":[20,21,24,25,15,9794,19,22,23,17,18,13,30,28,29,14,16,15541,83,26,27],"class_list":{"0":"post-135221","1":"post","2":"type-post","3":"status-publish","4":"format-standard","5":"has-post-thumbnail","7":"category-overskrifter","8":"tag-breaking-news","9":"tag-breakingnews","10":"tag-featured-news","11":"tag-featurednews","12":"tag-headlines","13":"tag-henrik-kristoffersen","14":"tag-hovedoppslag","15":"tag-latest-news","16":"tag-latestnews","17":"tag-main-news","18":"tag-mainnews","19":"tag-news","20":"tag-no","21":"tag-norge","22":"tag-norway","23":"tag-nyheter","24":"tag-overskrifter","25":"tag-slalam","26":"tag-sport","27":"tag-top-stories","28":"tag-topstories"},"share_on_mastodon":{"url":"https:\/\/pubeurope.com\/@no\/115881069978469410","error":""},"_links":{"self":[{"href":"https:\/\/www.europesays.com\/no\/wp-json\/wp\/v2\/posts\/135221","targetHints":{"allow":["GET"]}}],"collection":[{"href":"https:\/\/www.europesays.com\/no\/wp-json\/wp\/v2\/posts"}],"about":[{"href":"https:\/\/www.europesays.com\/no\/wp-json\/wp\/v2\/types\/post"}],"author":[{"embeddable":true,"href":"https:\/\/www.europesays.com\/no\/wp-json\/wp\/v2\/users\/2"}],"replies":[{"embeddable":true,"href":"https:\/\/www.europesays.com\/no\/wp-json\/wp\/v2\/comments?post=135221"}],"version-history":[{"count":0,"href":"https:\/\/www.europesays.com\/no\/wp-json\/wp\/v2\/posts\/135221\/revisions"}],"wp:featuredmedia":[{"embeddable":true,"href":"https:\/\/www.europesays.com\/no\/wp-json\/wp\/v2\/media\/135222"}],"wp:attachment":[{"href":"https:\/\/www.europesays.com\/no\/wp-json\/wp\/v2\/media?parent=135221"}],"wp:term":[{"taxonomy":"category","embeddable":true,"href":"https:\/\/www.europesays.com\/no\/wp-json\/wp\/v2\/categories?post=135221"},{"taxonomy":"post_tag","embeddable":true,"href":"https:\/\/www.europesays.com\/no\/wp-json\/wp\/v2\/tags?post=135221"}],"curies":[{"name":"wp","href":"https:\/\/api.w.org\/{rel}","templated":true}]}}