{"id":135225,"date":"2026-01-12T08:03:14","date_gmt":"2026-01-12T08:03:14","guid":{"rendered":"https:\/\/www.europesays.com\/no\/135225\/"},"modified":"2026-01-12T08:03:14","modified_gmt":"2026-01-12T08:03:14","slug":"rikke-whelan-de-langes-inspirerende-kamp-mot-brystkreft","status":"publish","type":"post","link":"https:\/\/www.europesays.com\/no\/135225\/","title":{"rendered":"Rikke Whelan de Langes inspirerende kamp mot brystkreft"},"content":{"rendered":"<p class=\"kicker \" style=\"\">Rikke Whelan de Lange:<\/p>\n<p>    Truls mistet stores\u00f8steren til brystkreft. N\u00e5 deles hennes historie.<\/p>\n<p>\n    BROR OG S\u00d8STER: S\u00f8sknene Truls og Rikke de Lange hadde et n\u00e6rt forhold. Her fra en familietur til Kypros i 2016. Foto: Privat\n  <\/p>\n<p><a href=\"https:\/\/www.seher.no\/kjendis\/shit-jeg-skal-do\/84079198\" rel=\"nofollow noopener\" target=\"_blank\">Rikke Whelan de Lange<\/a> var 26 \u00e5r da hun f\u00f8rst oppdaget at noe ikke var som det skulle v\u00e6re. Diagnosen var brystkreft, og spredningen kom raskt. Til skjelett, hode og lever.<\/p>\n<p>Rikke rakk akkurat \u00e5 fylle 32 \u00e5r f\u00f8r hun d\u00f8de.\u00a0<\/p>\n<p>    <a itemprop=\"url\" href=\"https:\/\/www.seher.no\/kjendis\/shit-jeg-skal-do\/84079198\" rel=\"nofollow noopener\" target=\"_blank\"><\/p>\n<p>        <img loading=\"lazy\" decoding=\"async\" src=\"https:\/\/www.europesays.com\/no\/wp-content\/uploads\/2026\/01\/1768204989_552_84079020.webp.webp\" width=\"980\" height=\"441\" title=\"\u00abShit, jeg skal d\u00f8\u00bb\" alt=\"\" class=\"lazyload\" style=\"--aspect-ratio-image: 2.22; \"\/><\/p>\n<p>        \u00abShit, jeg skal d\u00f8\u00bb<\/p>\n<p>    <\/a><\/p>\n<p>I NRK-programmet\u00a0\u00abTabu\u00bb delte hun sin historie &#8211; noe blant andre programleder Lars Berrum (39) har beskrevet som\u00a0\u00abveldig sterkt\u00bb. Komikeren har ogs\u00e5 fortalt at Rikke hadde en ekstrem livsgnist.<\/p>\n<p>Det er det flere som kan skrive under p\u00e5.<\/p>\n<p>        KREFTSYK: Bare fire m\u00e5neder etter hun giftet seg d\u00f8de Rikke (32) av brystkreft. Video: \u00abTabu\u00bb\/ NRK TV\/ R\u00f8d L\u00f8per<\/p>\n<p>Se og H\u00f8r har v\u00e6rt i kontakt med Rikkes lillebror, Truls (28). Han forteller hvordan det har v\u00e6rt \u00e5 f\u00f8lge sin kreftsyke stores\u00f8ster og hennes kamp mot sykdommen.<\/p>\n<p>&#8211; Et unikum\t<\/p>\n<p>Truls var 22 \u00e5r da s\u00f8steren ble diagnostisert med kreft. Han beskriver \u00e5ra etter som b\u00e5de tunge, og inspirerende.<\/p>\n<p>    <a itemprop=\"url\" href=\"https:\/\/www.seher.no\/kjendis\/redd-barna-skal-arve-av-meg\/84081317\" rel=\"nofollow noopener\" target=\"_blank\"><\/p>\n<p>        <img loading=\"lazy\" decoding=\"async\" src=\"https:\/\/www.europesays.com\/no\/wp-content\/uploads\/2026\/01\/84081003.webp.webp\" width=\"147\" height=\"98\" title=\"- Redd barna skal arve av meg\" alt=\"\" class=\"lazyload\" style=\"--aspect-ratio-image: 1.50; \"\/><\/p>\n<p>        &#8211; Redd barna skal arve av meg<\/p>\n<p>    <\/a><\/p>\n<p>&#8211;\u00a0 Det har v\u00e6rt en sv\u00e6rt lang prosess, som har endret seg veldig gradvis &#8211; og aller raskest de siste par m\u00e5nedene. For det meste har det v\u00e6rt inspirerende. Hun har jo v\u00e6rt prakteksempelet p\u00e5 hvordan man kan trosse egen sykdom for \u00e5 f\u00e5 til ting man vil og brenner for uansett.\u00a0<\/p>\n<p class=\"font-weight-bold m-font-weight-bold\" data-lab-font_weight=\"font-weight-bold\">&#8211; Men det har ogs\u00e5 v\u00e6rt trist \u00e5 se hvordan et s\u00e5 ungt og livsglad menneske gradvis blir frar\u00f8vet deler av livet og seg selv, helt til man ikke makter \u00e5 puste mer.\u00a0<\/p>\n<p>        Under middagen i \u00abMesternes mester\u00bb blir det en emosjonell samtale for skihopper Daniel-Andr\u00e9 Tande n\u00e5r han forteller om lillebrorens selvmord.<\/p>\n<p>Han legger til at s\u00f8sterens sykdom den siste tiden ogs\u00e5 hadde en samlende effekt for familie og venner.<\/p>\n<p>&#8211; Hun trengte s\u00e5 mye hjelp og samlet derfor s\u00e5 mange n\u00e6re rundt seg, som var der helt til siste slutt.<\/p>\n<p>        <img loading=\"lazy\" decoding=\"async\" src=\"https:\/\/www.europesays.com\/no\/wp-content\/uploads\/2026\/01\/84083750.webp.webp\" width=\"686\" height=\"515\" title=\"S\u00d8SKENFLOKK: Rikke og Truls holdt tale i konfirmasjonen til s\u00f8steren Helene. Foto: Privat\" alt=\"\" class=\"\" style=\"--aspect-ratio-image: 1.33; \"\/><\/p>\n<p>\n        S\u00d8SKENFLOKK: Rikke og Truls holdt tale i konfirmasjonen til s\u00f8steren Helene. Foto: Privat\n    <\/p>\n<p>\u00c5 samle folk, var noe Rikke likte godt. Det kommer ogs\u00e5 godt frem i \u00abTabu\u00bb. Noe av det siste hun gjorde var \u00e5 arrangere en\u00a0\u00abfuneral\u00bb &#8211; en fargerik, glad og s\u00e5r fest. Typisk Rikke, med andre ord.<\/p>\n<p>&#8211; Hun var et unikum. Beinhard, b\u00e5de i diskusjoner og i jobb, og utrolig flink til \u00e5 skape \u00e5pne og inkluderende settinger hvor folk kunne samles og bli kjent p\u00e5 tvers av mer eller mindre l\u00f8se bekjentskaper, minnes broren.\u00a0<\/p>\n<p>        \u00abHVER GANG VI M\u00d8TES\u00bb: Espen Lind overrasker Marit Larsen med en helt spesiell gjest. Video: \u00abHver gang vi m\u00f8tes\u00bb\/TV 2, R\u00f8d L\u00f8per\/Nora Skavhaug<\/p>\n<p class=\"font-weight-bold m-font-weight-bold\" data-lab-font_weight=\"font-weight-bold\">&#8211; Hun var utrolig inkluderende. Og hadde en latter du h\u00f8rte p\u00e5 flere kilometers avstand, og som ga deg tinnitus om du satt for n\u00e6r. Veldig inspirerende, og utrolig irriterende \u00e5 bli fanget i diskusjoner med, om sm\u00e5 eller store ting hun hadde bestemt seg for \u00e5 bli veldig opphengt i, forteller han, mens s\u00f8skenkj\u00e6rligheten lyser gjennom.<\/p>\n<p>&#8211; Elsket nye og spennende ting\t<\/p>\n<p>At Rikke takket ja til \u00e5 v\u00e6re med i \u00abTabu\u00bb, kom p\u00e5 ingen m\u00e5te som en overraskelse p\u00e5 Truls. Snarere tvert imot.<\/p>\n<p>    <a itemprop=\"url\" href=\"https:\/\/www.seher.no\/kjendis\/hastet-til-sykehus-hadde-englevakt\/84081596\" rel=\"nofollow noopener\" target=\"_blank\"><\/p>\n<p>        <img loading=\"lazy\" decoding=\"async\" src=\"https:\/\/www.europesays.com\/no\/wp-content\/uploads\/2026\/01\/1768204992_667_84081459.webp.webp\" width=\"980\" height=\"441\" title=\"Hastet til sykehus: - Hadde englevakt\" alt=\"\" class=\"lazyload\" style=\"--aspect-ratio-image: 2.22; \"\/><\/p>\n<p>        Hastet til sykehus: &#8211; Hadde englevakt <\/p>\n<p>    <\/a><\/p>\n<p>&#8211; Vel, hun hoppet jo p\u00e5 det aller meste av det hun syntes h\u00f8rtes artig ut. Og n\u00e5r det i tillegg kan v\u00e6re med p\u00e5 \u00e5 skape bevissthet rundt hennes sykdomssituasjon, som ogs\u00e5 var veldig viktig for henne, s\u00e5 var det ikke noe sp\u00f8rsm\u00e5l. Men f\u00f8rst og fremst tror jeg hun ble med fordi hun elsket nye og spennende ting, s\u00e6rlig kombinert med \u00e5 bli kjent med nye mennesker. <\/p>\n<p>        <img loading=\"lazy\" decoding=\"async\" src=\"https:\/\/www.europesays.com\/no\/wp-content\/uploads\/2026\/01\/84083756.webp.webp\" width=\"686\" height=\"446\" title=\"F\u00d8RSTE RAD: Rikke satt p\u00e5 f\u00f8rste rad da Lars Berrum vitset p\u00e5 scenen i \u00abTabu\u00bb. Foto: NRK\" alt=\"\" class=\"\" style=\"--aspect-ratio-image: 1.54; \"\/><\/p>\n<p>\n        F\u00d8RSTE RAD: Rikke satt p\u00e5 f\u00f8rste rad da Lars Berrum vitset p\u00e5 scenen i \u00abTabu\u00bb. Foto: NRK\n    <\/p>\n<p>Innspillingen av TV-programmet fant sted for omtrent \u00e5tte m\u00e5neder siden. Rikke d\u00f8de tre m\u00e5neder f\u00f8r premieren.\u00a0<\/p>\n<p class=\"font-weight-bold m-font-weight-bold\" data-lab-font_weight=\"font-weight-bold\">&#8211; Jeg tror ikke hun brydde seg om hun ville leve til \u00e5 se episoden eller ikke. For henne var det nok g\u00f8y nok \u00e5 v\u00e6re med p\u00e5 det. S\u00e5nn kunne man jo ikke tenke heller, n\u00e5r hun visste det gikk mot slutten.<\/p>\n<p>        FEIRING: De forskjellige kongehusene har mye p\u00e5 tapeten i 2026, men det er ikke sikkert at alt g\u00e5r som planlagt for kronprinsesse Mette-Marit og kronprins Haakon. Video: Swedish Press Agency \/ H\u00e5vard Bj\u00f8rnerem &#8211; Se og H\u00f8r \/\/ Foto: NTB<\/p>\n<p>Se og H\u00f8r snakket med Truls like f\u00f8r episodens premierefest, l\u00f8rdag 10. desember. Det var en spent lillebror som gledet seg til at TV-seerne skulle f\u00e5 se hva s\u00f8steren har v\u00e6rt med p\u00e5.<\/p>\n<p>&#8211; Det er en fin mulighet til \u00e5 vise andre hvem hun var. Det er ikke alltid man som p\u00e5r\u00f8rende har s\u00e5 mye materiale som gir s\u00e5 godt inntrykk av den man har mistet &#8211; men det finnes av Rikke. Pluss at episoden jo er s\u00e5 utrolig fin!\u00a0<\/p>\n<p>        <img loading=\"lazy\" decoding=\"async\" src=\"https:\/\/www.europesays.com\/no\/wp-content\/uploads\/2026\/01\/84083758.webp.webp\" width=\"686\" height=\"460\" title=\"D\u00d8DELIG SYKE: I andre episode av \u00abTabu\u00bb m\u00f8ter Lars Berrum (midten) Synn\u00f8ve, Mats, Gaute og Rikke. Foto: Vidar Josdal \/ NRK\" alt=\"\" class=\"\" style=\"--aspect-ratio-image: 1.49; \"\/><\/p>\n<p>\n        D\u00d8DELIG SYKE: I andre episode av \u00abTabu\u00bb m\u00f8ter Lars Berrum (midten) Synn\u00f8ve, Mats, Gaute og Rikke. Foto: Vidar Josdal \/ NRK\n    <\/p>\n<p>I episoden kommer det blant annet frem at Rikke kj\u00f8pte en benk i Frognerparken &#8211; hvor tanken bak var at den skulle bli et felles samlepunkt for hennes n\u00e6re og kj\u00e6re. Det har den ogs\u00e5 blitt.<\/p>\n<p class=\"font-weight-bold m-font-weight-bold\" data-lab-font_weight=\"font-weight-bold\">&#8211; Benken st\u00e5r virkelig igjen som et verdig minnesmerke over Rikke, og var et type minnesmerke hun \u00f8nsket seg &#8211; i motsetning til en gravst\u00f8tte. Benken er et sted der folk kan samles, drikke god vin og le. Og det skal jeg, familien og Rikkes venner gj\u00f8re minst to ganger i \u00e5ret, nemlig p\u00e5 bursdagen hennes og p\u00e5 \u00abd\u00f8dselsdagen\u00bb hennes, fastsl\u00e5r Truls.<\/p>\n","protected":false},"excerpt":{"rendered":"Rikke Whelan de Lange: Truls mistet stores\u00f8steren til brystkreft. N\u00e5 deles hennes historie. BROR OG S\u00d8STER: S\u00f8sknene Truls&hellip;\n","protected":false},"author":2,"featured_media":135226,"comment_status":"","ping_status":"","sticky":false,"template":"","format":"standard","meta":{"footnotes":""},"categories":[12],"tags":[20,21,24,25,15,479,2543,22,23,13,30,28,29,14,16,15402,15403,26,27,42,43,44,45],"class_list":{"0":"post-135225","1":"post","2":"type-post","3":"status-publish","4":"format-standard","5":"has-post-thumbnail","7":"category-verden","8":"tag-breaking-news","9":"tag-breakingnews","10":"tag-featured-news","11":"tag-featurednews","12":"tag-headlines","13":"tag-kjendis","14":"tag-kjendisdesken","15":"tag-latest-news","16":"tag-latestnews","17":"tag-news","18":"tag-no","19":"tag-norge","20":"tag-norway","21":"tag-nyheter","22":"tag-overskrifter","23":"tag-rikke-whelan-de-lange","24":"tag-tabu","25":"tag-top-stories","26":"tag-topstories","27":"tag-verden","28":"tag-world","29":"tag-world-news","30":"tag-worldnews"},"share_on_mastodon":{"url":"https:\/\/pubeurope.com\/@no\/115881089904235341","error":""},"_links":{"self":[{"href":"https:\/\/www.europesays.com\/no\/wp-json\/wp\/v2\/posts\/135225","targetHints":{"allow":["GET"]}}],"collection":[{"href":"https:\/\/www.europesays.com\/no\/wp-json\/wp\/v2\/posts"}],"about":[{"href":"https:\/\/www.europesays.com\/no\/wp-json\/wp\/v2\/types\/post"}],"author":[{"embeddable":true,"href":"https:\/\/www.europesays.com\/no\/wp-json\/wp\/v2\/users\/2"}],"replies":[{"embeddable":true,"href":"https:\/\/www.europesays.com\/no\/wp-json\/wp\/v2\/comments?post=135225"}],"version-history":[{"count":0,"href":"https:\/\/www.europesays.com\/no\/wp-json\/wp\/v2\/posts\/135225\/revisions"}],"wp:featuredmedia":[{"embeddable":true,"href":"https:\/\/www.europesays.com\/no\/wp-json\/wp\/v2\/media\/135226"}],"wp:attachment":[{"href":"https:\/\/www.europesays.com\/no\/wp-json\/wp\/v2\/media?parent=135225"}],"wp:term":[{"taxonomy":"category","embeddable":true,"href":"https:\/\/www.europesays.com\/no\/wp-json\/wp\/v2\/categories?post=135225"},{"taxonomy":"post_tag","embeddable":true,"href":"https:\/\/www.europesays.com\/no\/wp-json\/wp\/v2\/tags?post=135225"}],"curies":[{"name":"wp","href":"https:\/\/api.w.org\/{rel}","templated":true}]}}