{"id":135245,"date":"2026-01-12T08:17:07","date_gmt":"2026-01-12T08:17:07","guid":{"rendered":"https:\/\/www.europesays.com\/no\/135245\/"},"modified":"2026-01-12T08:17:07","modified_gmt":"2026-01-12T08:17:07","slug":"kjorer-rett-inn-i-iran-protest-i-los-angeles-demonstranter-knuser-vinduer-og-angriper-sjafor","status":"publish","type":"post","link":"https:\/\/www.europesays.com\/no\/135245\/","title":{"rendered":"Kj\u00f8rer rett inn i Iran-protest i Los Angeles \u2013 demonstranter knuser vinduer og angriper sj\u00e5f\u00f8r"},"content":{"rendered":"<p><strong>En U-Haul varebil kj\u00f8rte s\u00f8ndag ettermiddag inn i en stor folkemengde demonstranter i Westwood, en forstad til Los Angeles. Hendelsen skjedde under en marsj til st\u00f8tte for de p\u00e5g\u00e5ende protestene mot det iranske regimet i Iran, der hundrevis av mennesker deltok n\u00e6r det f\u00f8derale bygget.<\/strong><\/p>\n<p>Demonstrantene viste solidaritet med de iranske protesterne, der d\u00f8dstallet if\u00f8lge menneskerettighetsgrupper har passert 500 p\u00e5 grunn av regimets voldsomme respons. Bilen hadde plakater med slagord som \u00abNO SHAH. NO REGIME. USA: DON\u2019T REPEAT 1953. NO MULLAH\u00bb \u2013 referanser til historisk amerikansk involvering i Iran og motstand mot b\u00e5de monarki og dagens teokrati.<\/p>\n<p>Videoopptak viser bilen som akselererer gjennom mengden rundt kl. 15:30 lokal tid, med skrik og panikk mens folk flykter.<\/p>\n<blockquote class=\"twitter-tweet\" data-media-max-width=\"560\">\n<p lang=\"en\" dir=\"ltr\">And Indiana Jones on top<a href=\"https:\/\/t.co\/FfPPrY1U22\" rel=\"nofollow\">pic.twitter.com\/FfPPrY1U22<\/a><\/p>\n<p>\u2014 Jwhitty (@Jwhitty16) <a href=\"https:\/\/twitter.com\/Jwhitty16\/status\/2010543650183463163?ref_src=twsrc%5Etfw\" rel=\"nofollow noopener\" target=\"_blank\">January 12, 2026<\/a><\/p><\/blockquote>\n<p>Etterp\u00e5 omringet demonstranter kj\u00f8ret\u00f8yet, knuste vinduer og fors\u00f8kte \u00e5 trekke sj\u00e5f\u00f8ren ut mens de slo p\u00e5 bilen.<\/p>\n<blockquote class=\"twitter-tweet\" data-media-max-width=\"560\">\n<p lang=\"en\" dir=\"ltr\">Protesters attempt to assault, and possibly kill, the driver of a U-Haul Truck that drove through an Iranian pro-monarchist, anti-regime march today in Los Angeles, only barely being held back by officers with the Los Angeles Police Department. <a href=\"https:\/\/t.co\/4xeVTxVl8b\" rel=\"nofollow\">pic.twitter.com\/4xeVTxVl8b<\/a><\/p>\n<p>\u2014 OSINTdefender (@sentdefender) <a href=\"https:\/\/twitter.com\/sentdefender\/status\/2010510647876792659?ref_src=twsrc%5Etfw\" rel=\"nofollow noopener\" target=\"_blank\">January 12, 2026<\/a><\/p><\/blockquote>\n<p>Politiet fra Los Angeles Police Department (LAPD) grep raskt inn, tok sj\u00e5f\u00f8ren i varetekt og eskorterte ham bort fra stedet. Motivet er fortsatt under etterforskning, og det er uklart om handlingen var tilsiktet eller en ulykke.<\/p>\n<blockquote class=\"twitter-tweet\" data-media-max-width=\"560\">\n<p lang=\"en\" dir=\"ltr\">Alleged MEK member drove U-Haul through the protest in the Westwood (LA) neighborhood supporting protesters in Iran. <\/p>\n<p>Protestors tried taking signs off of the U-Haul.<\/p>\n<p>One read &laquo;NO SHAH. NO REGIME. USA: DON&#8217;T REPEAT 1953. NO MULLAH.&raquo;<\/p>\n<p>Video with multiple angles &amp; AI translation. <a href=\"https:\/\/t.co\/2YNrGqsRRs\" rel=\"nofollow\">pic.twitter.com\/2YNrGqsRRs<\/a><\/p>\n<p>\u2014 Southern FFA Family (@FFAFamily) <a href=\"https:\/\/twitter.com\/FFAFamily\/status\/2010540365976109329?ref_src=twsrc%5Etfw\" rel=\"nofollow noopener\" target=\"_blank\">January 12, 2026<\/a><\/p><\/blockquote>\n<p>Los Angeles Fire Department (LAFD) opplyser at minst to personer ble unders\u00f8kt p\u00e5 stedet for lettere skader, men begge nektet videre transport til sykehus. Ingen alvorlige skader eller d\u00f8dsfall er rapportert s\u00e5 langt. Mengden spredte seg senere frivillig.<\/p>\n<blockquote class=\"twitter-tweet\" data-media-max-width=\"560\">\n<p lang=\"en\" dir=\"ltr\">Aerial video from ABC7 shows police detaining the driver of a U-Haul Truck that drove through an Iranian pro-monarchist, anti-regime march today in Los Angeles, as crowds of protesters attempt to attack the truck and driver, being held back by officers with the Los Angeles Police\u2026 <a href=\"https:\/\/t.co\/JrpDnt2OZq\" rel=\"nofollow\">pic.twitter.com\/JrpDnt2OZq<\/a><\/p>\n<p>\u2014 OSINTdefender (@sentdefender) <a href=\"https:\/\/twitter.com\/sentdefender\/status\/2010505953792172407?ref_src=twsrc%5Etfw\" rel=\"nofollow noopener\" target=\"_blank\">January 12, 2026<\/a><\/p><\/blockquote>\n<p>  Kilder<\/p>\n<p>Saken er rapportert av flere amerikanske medier. Her er de viktigste:<\/p>\n<p style=\"margin-top: 15px; font-size: 0.95em; color: #555;\">Saken utvikler seg fortsatt, og flere detaljer om sj\u00e5f\u00f8rens identitet og intensjon forventes fra politiet.<\/p>\n<p><script async src=\"https:\/\/platform.twitter.com\/widgets.js\" charset=\"utf-8\"><\/script><\/p>\n","protected":false},"excerpt":{"rendered":"En U-Haul varebil kj\u00f8rte s\u00f8ndag ettermiddag inn i en stor folkemengde demonstranter i Westwood, en forstad til Los&hellip;\n","protected":false},"author":2,"featured_media":135246,"comment_status":"","ping_status":"","sticky":false,"template":"","format":"standard","meta":{"footnotes":""},"categories":[12],"tags":[20,21,1417,24,25,15,3228,22,23,721,13,30,28,29,14,16,26,27,42,43,44,45],"class_list":{"0":"post-135245","1":"post","2":"type-post","3":"status-publish","4":"format-standard","5":"has-post-thumbnail","7":"category-verden","8":"tag-breaking-news","9":"tag-breakingnews","10":"tag-demonstrasjon","11":"tag-featured-news","12":"tag-featurednews","13":"tag-headlines","14":"tag-iran","15":"tag-latest-news","16":"tag-latestnews","17":"tag-los-angeles","18":"tag-news","19":"tag-no","20":"tag-norge","21":"tag-norway","22":"tag-nyheter","23":"tag-overskrifter","24":"tag-top-stories","25":"tag-topstories","26":"tag-verden","27":"tag-world","28":"tag-world-news","29":"tag-worldnews"},"share_on_mastodon":{"url":"https:\/\/pubeurope.com\/@no\/115881144789651492","error":""},"_links":{"self":[{"href":"https:\/\/www.europesays.com\/no\/wp-json\/wp\/v2\/posts\/135245","targetHints":{"allow":["GET"]}}],"collection":[{"href":"https:\/\/www.europesays.com\/no\/wp-json\/wp\/v2\/posts"}],"about":[{"href":"https:\/\/www.europesays.com\/no\/wp-json\/wp\/v2\/types\/post"}],"author":[{"embeddable":true,"href":"https:\/\/www.europesays.com\/no\/wp-json\/wp\/v2\/users\/2"}],"replies":[{"embeddable":true,"href":"https:\/\/www.europesays.com\/no\/wp-json\/wp\/v2\/comments?post=135245"}],"version-history":[{"count":0,"href":"https:\/\/www.europesays.com\/no\/wp-json\/wp\/v2\/posts\/135245\/revisions"}],"wp:featuredmedia":[{"embeddable":true,"href":"https:\/\/www.europesays.com\/no\/wp-json\/wp\/v2\/media\/135246"}],"wp:attachment":[{"href":"https:\/\/www.europesays.com\/no\/wp-json\/wp\/v2\/media?parent=135245"}],"wp:term":[{"taxonomy":"category","embeddable":true,"href":"https:\/\/www.europesays.com\/no\/wp-json\/wp\/v2\/categories?post=135245"},{"taxonomy":"post_tag","embeddable":true,"href":"https:\/\/www.europesays.com\/no\/wp-json\/wp\/v2\/tags?post=135245"}],"curies":[{"name":"wp","href":"https:\/\/api.w.org\/{rel}","templated":true}]}}