{"id":135252,"date":"2026-01-12T08:26:17","date_gmt":"2026-01-12T08:26:17","guid":{"rendered":"https:\/\/www.europesays.com\/no\/135252\/"},"modified":"2026-01-12T08:26:17","modified_gmt":"2026-01-12T08:26:17","slug":"hemmeligheten-ble-avslort","status":"publish","type":"post","link":"https:\/\/www.europesays.com\/no\/135252\/","title":{"rendered":"Hemmeligheten ble avsl\u00f8rt"},"content":{"rendered":"<p>Som kongelig m\u00e5 du gjerne t\u00e5le mer ryktespredning og oppslag i tabloidavisene enn mannen i gata.<\/p>\n<p>For svenskekongen har nok det ikke v\u00e6rt det letteste \u00e5 forholde seg til.<\/p>\n<p class=\"font-weight-normal m-font-weight-normal\" data-lab-font_weight=\"font-weight-normal\"><strong class=\" bold\" data-lab-bold_desktop=\"bold\">Carl Gustaf ble konge i Sverige allerede i 1973 &#8211; bare 27 \u00e5r gammel.<\/strong><\/p>\n<p>        <img loading=\"lazy\" decoding=\"async\" src=\"https:\/\/www.europesays.com\/no\/wp-content\/uploads\/2026\/01\/73378027.webp.webp\" width=\"688\" height=\"649\" title=\"1976: Svenskekongen fikk sin Silvia Sommerlath i 1976, tre \u00e5r etter at han arvet tronen av sin bestefar. Foto: Reginald Davis \/ REX \/ NTB\" alt=\"\" class=\"\" style=\"--aspect-ratio-image: 1.06; \"\/><\/p>\n<p>\n        1976: Svenskekongen fikk sin Silvia Sommerlath i 1976, tre \u00e5r etter at han arvet tronen av sin bestefar. Foto: Reginald Davis \/ REX \/ NTB\n    <\/p>\n<p class=\"font-weight-normal m-font-weight-normal\" data-lab-font_weight=\"font-weight-normal\"><strong class=\" bold\" data-lab-bold_desktop=\"bold\">Og nettopp d\u00e9t har ikke v\u00e6rt en lett reise for den svenske kongen.\u00a0Han har nemlig gjennom \u00e5ra v\u00e6rt hovedperson i en rekke kongelige skandaler og v\u00e6rt utsatt for ellevill ryktespredning.<\/strong><\/p>\n<p class=\"font-weight-normal m-font-weight-normal\" data-lab-font_weight=\"font-weight-normal\"><strong class=\" bold\" data-lab-bold_desktop=\"bold\">Rykter om utroskap, festing og sene bes\u00f8k p\u00e5 strippeklubber er bare noe av det som har preget svenskekongens liv i mediene.<\/strong><\/p>\n<p>        SVERIGES KONGE: &#8211; Det er fryktelig at vi ikke har kunnet hjelpe, sier Kong Carl Gustaf til SVT. Video: SVT<\/p>\n<p>Sexmiddager og illegale fester\t<\/p>\n<p>Flere titalls konger, dronninger, prinser og andre kongelige har gjennom \u00e5ras l\u00f8p st\u00e5tt for sjokkerende skandaler verden over. Selv om kongehusene kanskje vil ha episodene glemt, har de t\u00e5lt tidas tann og st\u00e5r igjen som historiske flekker p\u00e5 de respektive kongemaktenes laken.<\/p>\n<p><strong class=\" bold\" data-lab-bold_desktop=\"bold\">Den svenske kongen er intet unntak.<\/strong><\/p>\n<p>        <img loading=\"lazy\" decoding=\"async\" src=\"https:\/\/www.europesays.com\/no\/wp-content\/uploads\/2026\/01\/73378143.webp.webp\" width=\"688\" height=\"633\" title=\"DEN GANG DA: Den svenske kongefamiliens liv blir dramaserie. Her er kongeparet i jula 1977. Foto: Reginald Davis \/ REX \/ NTB\" alt=\"\" class=\"\" style=\"--aspect-ratio-image: 1.09; \"\/><\/p>\n<p>\n        DEN GANG DA: Den svenske kongefamiliens liv blir dramaserie. Her er kongeparet i jula 1977. Foto: Reginald Davis \/ REX \/ NTB\n    <\/p>\n<p>Da boka \u00abCarl XVI Gustaf &#8211; den motvillige monarken\u00bb kom i 2010, sendte innholdet mildt sagt sjokkb\u00f8lger gjennom Sverige. Noe av det som skapte mest hodebry for den svenske kongefamilien, var blant annet anklagene om at kongen hadde f\u00f8rt dronning Silvia bak lyset.<\/p>\n<p><strong class=\" bold\" data-lab-bold_desktop=\"bold\">Forfatterne hevdet nemlig at svenskekongen p\u00e5 slutten av 1990-tallet hadde hatt et forhold til Camilla Henemark p\u00e5 si &#8211; i over ett \u00e5r. Det kom ogs\u00e5 p\u00e5stander om bes\u00f8k p\u00e5 illegale nattklubber, i tillegg til at kongen skal ha deltatt i sexmiddager med unge kvinner.<\/strong><\/p>\n<p>I 2021 ble det bekreftet at den svenske kongefamiliens liv skulle bli dramaserie &#8211; en slags svensk \u00abThe Crown\u00bb, if\u00f8lge\u00a0<a href=\"https:\/\/variety.com\/2021\/tv\/global\/sweden-tv4-c-more-asa-lantz-filmlance-carl-xvi-gustaf-1234900442\/\" rel=\"nofollow noopener\" target=\"_blank\">Variety<\/a>.<\/p>\n<p>        BLEMME: Det gikk i surr for kong Carl Gustaf da han skulle annonsere navnet p\u00e5 sitt nye barnebarn. <\/p>\n<p>Margareta Thorgren, det svenske hoffets informasjonssjef, uttalte den gang til\u00a0<a href=\"https:\/\/www.dn.se\/kultur\/hovet-det-alltid-finns-en-oro-hos-de-personer-vars-liv-ska-filmatiseras\/\" rel=\"nofollow noopener\" target=\"_blank\">Dagens Nyheter<\/a>\u00a0at det er viktig at serien er s\u00e5 n\u00e6re sannheten som mulig, men at de ikke har kontroll over den dramatiske delen av serien.<\/p>\n<p>I 2025 har serien, som skal f\u00e5 navnet\u00a0\u00abMonarki\u00bb, fremdeles ikke kommet &#8211; tre \u00e5r etter at den skulle hatt premiere.\u00a0<\/p>\n<p>&#8211; Det p\u00e5g\u00e5r finansiering og fortsatt en del utvikling, sa \u00c5sa Lantz til <a href=\"https:\/\/www.expressen.se\/nyheter\/kungligt\/svenska-the-crown-forsenad-serie-om-kungafamiljen\/\" rel=\"nofollow noopener\" target=\"_blank\">Expressen<\/a> i 2024.\u00a0<\/p>\n<p>Om de konkrete hendelsene om sexmiddager og illegale nattklubber vil vises i den kommende serien er usikkert, men Se og H\u00f8rs kongehusekspert Caroline Vagle uttalte til Dagbladet i 2021 at det ikke er usannsynlig at kongens utsvevende liv blir tema i svenske \u00abThe Crown\u00bb.<\/p>\n<p>    <a itemprop=\"url\" href=\"https:\/\/www.dagbladet.no\/kjendis\/skandaleprinsessa-fikk-gravid-sjokk\/73180710\" rel=\"nofollow noopener\" target=\"_blank\"><\/p>\n<p>        <img loading=\"lazy\" decoding=\"async\" src=\"https:\/\/www.europesays.com\/no\/wp-content\/uploads\/2026\/01\/73180753.webp.webp\" width=\"980\" height=\"441\" title=\"Skandaleprinsessa fikk gravid-sjokk\" alt=\"\" class=\"lazyload\" style=\"--aspect-ratio-image: 2.22; \"\/><\/p>\n<p>        Skandaleprinsessa fikk gravid-sjokk<\/p>\n<p>    <\/a><\/p>\n<p>&#8211; Jeg vet ikke hvor \u00abt\u00f8ffe\u00bb de har tenkt \u00e5 v\u00e6re, men det er ikke usannsynlig at de kommer innom kongens fam\u00f8se strippeklubb-bes\u00f8k og kanskje ogs\u00e5 hans p\u00e5st\u00e5tte elskerinne. Prinsesse Madeleines brutte forlovelse er jo ogs\u00e5 et tema jeg vil tro serien &#8211; etterhvert &#8211; ber\u00f8rer, sa hun.<\/p>\n<p>        &#8211; JEG STREVER: Hennes Kongelige H\u00f8yhet prinsesse Madeleine r\u00f8pet hos \u00abSkavlan\u00bb at hun aldri har vent seg til \u00e5 v\u00e6re i oppmerksomhetens sentrum. Video: NRK<\/p>\n<p>Prinsessen br\u00f8t som kjent<a href=\"https:\/\/www.dagbladet.no\/kultur\/skal-granske-tora-saken\/64604487\" rel=\"nofollow noopener\" target=\"_blank\"> forlovelsen med Jonas Bergstr\u00f6m i 2010<\/a> &#8211; etter at han hadde v\u00e6rt utro med norske Tora Uppstr\u00f8m Berg \u00e5ret i forveien.<\/p>\n<p><strong class=\" bold\" data-lab-bold_desktop=\"bold\">Vagle innr\u00f8mmet at hun har ventet p\u00e5 denne nyheten i kj\u00f8lvannet av \u00abThe Crown\u00bb-suksessen, og mener et den svenske kongefamilien er en \u00abperfekt case\u00bb.<\/strong><\/p>\n<p>&#8211; Her er det mye \u00e5 ta av, og det blir spennende \u00e5 se hva serieskaperne tar for seg. Svenskekongens liv var jo dramatisk allerede fra han var liten. Han mistet faren i en flyulykke som ett\u00e5ring, og vokste opp med en s\u00f8rgende mor. I nyere tid har det jo v\u00e6rt en rekke skandaler i familien, og serieskaperne har mye \u00e5 velge i.<\/p>\n<p>    <a itemprop=\"url\" href=\"https:\/\/www.dagbladet.no\/kjendis\/la-ned-selskap\/73334514\" rel=\"nofollow noopener\" target=\"_blank\"><\/p>\n<p>        <img loading=\"lazy\" decoding=\"async\" src=\"https:\/\/www.europesays.com\/no\/wp-content\/uploads\/2026\/01\/73334591.webp.webp\" width=\"187\" height=\"107\" title=\"La ned selskap\" alt=\"\" class=\"lazyload\" style=\"--aspect-ratio-image: 1.75; \"\/><\/p>\n<p>        La ned selskap<\/p>\n<p>    <\/a><\/p>\n<p>&#8211; \u00abThe Crown\u00bb har bevist at folk elsker \u00e5 f\u00e5 komme innenfor de kongeliges fire vegger. Men vi m\u00e5 huske at i slike dramaserier er det ogs\u00e5 tatt i bruk kunstnerisk frihet. Det er ikke snakk om dokumentarer, la hun til.<\/p>\n<p>        <img loading=\"lazy\" decoding=\"async\" src=\"https:\/\/www.europesays.com\/no\/wp-content\/uploads\/2026\/01\/73378021.webp.webp\" width=\"688\" height=\"893\" title=\"ELSKERINNE?: Det ble kongelig sirkus da Camilla Henemark i 2010 hevdet at hun hadde hatt en ett \u00e5r lang aff\u00e6re med svenskekongen p\u00e5 1990-tallet. Foto: Perfect Picture \/ REX \/ Shutterstock \/ NTB\" alt=\"\" class=\"\" style=\"--aspect-ratio-image: 0.77; \"\/><\/p>\n<p>\n        ELSKERINNE?: Det ble kongelig sirkus da Camilla Henemark i 2010 hevdet at hun hadde hatt en ett \u00e5r lang aff\u00e6re med svenskekongen p\u00e5 1990-tallet. Foto: Perfect Picture \/ REX \/ Shutterstock \/ NTB\n    <\/p>\n<p>Unnvikende svar\t<\/p>\n<p>Kongen selv holdt seg lenge taus om beskyldningene om aff\u00e6ren, men s\u00e5 seg til slutt n\u00f8dt til \u00e5 ta bladet fra munnen.<\/p>\n<p>Da benektet han all form for skyld. Det var imidlertid ikke alle som hadde like lett for \u00e5 tro p\u00e5 kongens p\u00e5stander. Han svarte nemlig sv\u00e6rt unnvikende p\u00e5 sp\u00f8rsm\u00e5l om strippeklubb-bes\u00f8kene.<\/p>\n<p>    <a itemprop=\"url\" href=\"https:\/\/www.dagbladet.no\/kjendis\/sykdommen-som-forandret-victorias-liv\/72991464\" rel=\"nofollow noopener\" target=\"_blank\"><\/p>\n<p>        <img loading=\"lazy\" decoding=\"async\" src=\"https:\/\/www.europesays.com\/no\/wp-content\/uploads\/2026\/01\/72991522.webp.webp\" width=\"185\" height=\"106\" title=\"Sykdommen som forandret Victorias liv\" alt=\"\" class=\"lazyload\" style=\"--aspect-ratio-image: 1.75; \"\/><\/p>\n<p>        Sykdommen som forandret Victorias liv<\/p>\n<p>    <\/a><\/p>\n<p>&#8211; Har kongen noen gang v\u00e6rt p\u00e5 en strippe- eller sexklubb? spurte journalisten fra Tidningarnas Telegrambyr\u00e5 (TT) i et intervju.<\/p>\n<p><strong class=\" bold\" data-lab-bold_desktop=\"bold\">&#8211; Nei.., nei. Jeg tror faktisk ikke det. Nei, fortalte den svenske kongen, som tydelig dro p\u00e5 svaret.<\/strong><\/p>\n<p>&#8211; Alle var veldig sikre\t<\/p>\n<p>En som var sv\u00e6rt sikker i sin sak, var den tidligere klubbeieren og n\u00e5 avd\u00f8de Mille Markovic. Han hevdet <a href=\"https:\/\/www.dagbladet.no\/kjendis\/verden-kommer-til-a-fa-se-bevisene\/63696930\" rel=\"nofollow noopener\" target=\"_blank\">nemlig \u00e5 sitte p\u00e5 bildebevis av kongen<\/a>, som politiet seinere tok i beslag. En rekke eksperter gikk seinere ut og mente de kompromitterende bildene skal ha v\u00e6rt forfalsket.<\/p>\n<p><strong class=\" bold\" data-lab-bold_desktop=\"bold\">&#8211; Verden kommer til \u00e5 f\u00e5 se bevisene, uttalte Markovic til Expressen.<\/strong><\/p>\n<p>        <img loading=\"lazy\" decoding=\"async\" src=\"https:\/\/www.europesays.com\/no\/wp-content\/uploads\/2026\/01\/73378246.webp.webp\" width=\"688\" height=\"428\" title=\"KLUBBEIER: Mille Markovic hevdet \u00e5 sitte p\u00e5 bilder av kongen p\u00e5 strippeklubb. Foto: Roger Vikstr\u00f6m \/ XP \/ TT \/ NTB\" alt=\"\" class=\"\" style=\"--aspect-ratio-image: 1.61; \"\/><\/p>\n<p>\n        KLUBBEIER: Mille Markovic hevdet \u00e5 sitte p\u00e5 bilder av kongen p\u00e5 strippeklubb. Foto: Roger Vikstr\u00f6m \/ XP \/ TT \/ NTB\n    <\/p>\n<p>Stripperen Jacklyn Bush, som ikke var p\u00e5 jobb da kongen skal ha bes\u00f8kt klubben, uttalte til Expressen at hun var skr\u00e5sikker p\u00e5 at den svenske monarken hadde bes\u00f8kt klubben.<\/p>\n<p><strong class=\" bold\" data-lab-bold_desktop=\"bold\">&#8211; Alle var veldig sikre p\u00e5 det, og det er ikke noe rart med det. Alle kjendiser man kan tenke seg var der, fortalte stripperen.<\/strong><\/p>\n<p>Bes\u00f8ket skal ha skjedd p\u00e5 strippeklubben Gold Club under OL i Atlanta i USA i 1996.<\/p>\n<p>        <img loading=\"lazy\" decoding=\"async\" src=\"https:\/\/www.europesays.com\/no\/wp-content\/uploads\/2026\/01\/73378248.webp.webp\" width=\"688\" height=\"770\" title=\"1996: Her er den svenske kongefamilien under OL i Atlanta i 1996 - da stripperbes\u00f8ket skal ha funnet sted. Foto: Aftonbladet \/ Bildbyr\u00e5n \/ NTB\" alt=\"\" class=\"\" style=\"--aspect-ratio-image: 0.89; \"\/><\/p>\n<p>\n        1996: Her er den svenske kongefamilien under OL i Atlanta i 1996 &#8211; da stripperbes\u00f8ket skal ha funnet sted. Foto: Aftonbladet \/ Bildbyr\u00e5n \/ NTB\n    <\/p>\n<p>R\u00e5kj\u00f8rer\t<\/p>\n<p>Det er ikke bare strippebes\u00f8k og elskerinner som har spist litt av den verdifulle tida til den svenske kongen.<\/p>\n<p>Flere ganger har han nemlig blitt observert mens han kj\u00f8rer fine biler, riktignok altfor fort, og han er derfor hyppig blitt omtalt som en skikkelig \u00abr\u00e5kj\u00f8rer\u00bb.<\/p>\n<p>    <a itemprop=\"url\" href=\"https:\/\/www.dagbladet.no\/kjendis\/slik-holdt-de-forholdet-skjult\/70566095\" rel=\"nofollow noopener\" target=\"_blank\"><\/p>\n<p>        <img loading=\"lazy\" decoding=\"async\" src=\"https:\/\/www.europesays.com\/no\/wp-content\/uploads\/2026\/01\/70570460.webp.webp\" width=\"187\" height=\"107\" title=\"Slik holdt de forholdet \u00abskjult\u00bb\" alt=\"\" class=\"lazyload\" style=\"--aspect-ratio-image: 1.75; \"\/><\/p>\n<p>        Slik holdt de forholdet \u00abskjult\u00bb<\/p>\n<p>    <\/a><\/p>\n<p>Blant annet skal kongen ha kappkj\u00f8rt med s\u00f8nnen sin, prins Carl Philip (46), p\u00e5 vei hjem fra racingbanen Geller\u00e5sbanan. Fartsgrensa p\u00e5 strekningen er 110 km\/t. Det skal ha v\u00e6rt for sakte for monarken, som heller valgte \u00e5 tr\u00e5kke gasspedalen i b\u00e5nn &#8211; opp til 160 km\/t.<\/p>\n<p><strong class=\" bold\" data-lab-bold_desktop=\"bold\">Det svenske hoffet bekreftet seinere at monarken kj\u00f8rte for fort, men hevder han bare s\u00e5 vidt l\u00e5 over grensa.<\/strong><\/p>\n<p>Svenskekongen har tidligere ogs\u00e5 v\u00e6rt involvert i trafikkuhell. I 2005 var det flere som var vitne til at kongens BMW l\u00e5 sv\u00e6rt n\u00e6rme bilen foran p\u00e5 vei til Stockholm. Da bilen foran m\u00e5tte stoppe p\u00e5 grunn av en syklist, krasjet bilene inn i hverandre.<\/p>\n<p>        <img loading=\"lazy\" decoding=\"async\" src=\"https:\/\/www.europesays.com\/no\/wp-content\/uploads\/2026\/01\/73377995.webp.webp\" width=\"688\" height=\"499\" title=\"TUT, TUT: Det gikk unna da det svenske kongeparet var i K\u00f8benhavn for \u00e5 markere dronning Margrethes 60-\u00e5rsdag i april 2000. Foto: Mikael Forsmark-Paulsen \/ NTB\" alt=\"\" class=\"\" style=\"--aspect-ratio-image: 1.38; \"\/><\/p>\n<p>\n        TUT, TUT: Det gikk unna da det svenske kongeparet var i K\u00f8benhavn for \u00e5 markere dronning Margrethes 60-\u00e5rsdag i april 2000. Foto: Mikael Forsmark-Paulsen \/ NTB\n    <\/p>\n<p>P\u00e5 grunn av sin immunitet som monark slapp kongen \u00e5 bl\u00e5se i promillekontrollen &#8211; til tross for at han var skyldig i uhellet. Deretter fikk han sitte p\u00e5 med sikkerhetspolitiet til hovedstaden, fordi bilen ikke lenger var kj\u00f8rbar, og slapp unna uten etterforskning av saken.<\/p>\n<p><strong class=\" bold\" data-lab-bold_desktop=\"bold\">Ogs\u00e5 ved en rekke andre anledninger har kong Carl Gustaf tabbet seg ut med h\u00f8y hastighet &#8211; blant annet i april 2000. Da tipset en bilist Dagens Nyheter om at svenskekongen hadde kj\u00f8rt i 250 kilometer i timen p\u00e5 motorveien mellom K\u00f8benhavn og flyplassen Kastrup.<\/strong><\/p>\n<p>Kongehuset beklaget, men hevdet at kongen \u00abbare\u00bb hadde kj\u00f8rt imellom 130 og 140 kilometer i timen.<\/p>\n<p>        DANSEL\u00d8VE: Kong Carl Gustaf b\u00f8d opp til dans i anledning kronprinsesse Victorias bursdag. Video: Swedish Press Agency<\/p>\n<p>Ble avsl\u00f8rt\t<\/p>\n<p>Seinest i 2025 ble det store overskrifter hos s\u00f6ta bror, da den svenske avisa\u00a0<a href=\"https:\/\/www.dn.se\/sverige\/kungens-lyxresa-skulle-hallas-hemlig-rojdes-av-sapo\/\" target=\"_blank\" rel=\"nofollow noopener\">Dagens Nyheter<\/a>\u00a0fant ut hvor den svenske kongen hadde oppholdt seg ved flere anledninger, til tross for at reiser skal v\u00e6re strengt hemmelig.<\/p>\n<p>Men livvakter fra det svenske sikkerhetspolitiet har avsl\u00f8rt hvor han er &#8211; p\u00e5 treningsappen Strava.<\/p>\n<p>Da ble det avsl\u00f8rt hvilke hoteller kongen har bodd p\u00e5 under ferier og statsbes\u00f8k, i tillegg til n\u00e5r han har v\u00e6rt p\u00e5 hytta i Storlien og hvilke skiturer de pleier \u00e5 g\u00e5 der.<\/p>\n<p>    <a itemprop=\"url\" href=\"https:\/\/www.dagbladet.no\/kjendis\/pomp-og-prakt\/83967319\" rel=\"nofollow noopener\" target=\"_blank\"><\/p>\n<p>        <img loading=\"lazy\" decoding=\"async\" src=\"https:\/\/www.europesays.com\/no\/wp-content\/uploads\/2026\/01\/83967324.webp.webp\" width=\"147\" height=\"98\" title=\"- Pomp og prakt\" alt=\"\" class=\"lazyload\" style=\"--aspect-ratio-image: 1.50; \"\/><\/p>\n<p>        &#8211; Pomp og prakt<\/p>\n<p>    <\/a><\/p>\n<p>Informasjonen fikk de ved \u00e5 spore aktivitetene som livvaktene fra det svenske sikkerhetspolitiet (S\u00e4po) legger ut p\u00e5 treningsappen Strava. Lekkasjene fra S\u00e4po inneholder flere enn 70 treningsaktiviteter som viser steder der den svenske kongefamilien har oppholdt seg.<\/p>\n<p>En livvakt har ogs\u00e5 publisert en aktivitet der han viser n\u00f8yaktig hvordan man g\u00e5r gjennom slottet Drottningholm.<\/p>\n<p>&#8211; Vi ser sv\u00e6rt alvorlig p\u00e5 informasjonen som kommer fram i granskningen. Dette er informasjon som kan brukes til \u00e5 kartlegge S\u00e4pos virksomhet. P\u00e5 hvilken m\u00e5te det kan ha p\u00e5virket er noe vi n\u00e5 ser p\u00e5, sa Carolina Bj\u00f6rnsdotter Paasikivi i S\u00e4po til avisa den gang.<\/p>\n<p>Kongen uttalte seg aldri selv om saken.<\/p>\n<p class=\"italic m-italic\" data-lab-italic=\"italic\">Denne saken ble f\u00f8rst publisert i 2021.<\/p>\n","protected":false},"excerpt":{"rendered":"Som kongelig m\u00e5 du gjerne t\u00e5le mer ryktespredning og oppslag i tabloidavisene enn mannen i gata. For svenskekongen&hellip;\n","protected":false},"author":2,"featured_media":135253,"comment_status":"","ping_status":"","sticky":false,"template":"","format":"standard","meta":{"footnotes":""},"categories":[10],"tags":[20,21,8360,24,25,15,479,7424,22,23,13,30,28,29,14,16,1053,26,27],"class_list":{"0":"post-135252","1":"post","2":"type-post","3":"status-publish","4":"format-standard","5":"has-post-thumbnail","7":"category-norge","8":"tag-breaking-news","9":"tag-breakingnews","10":"tag-dronning-silvia","11":"tag-featured-news","12":"tag-featurednews","13":"tag-headlines","14":"tag-kjendis","15":"tag-kong-carl-gustaf","16":"tag-latest-news","17":"tag-latestnews","18":"tag-news","19":"tag-no","20":"tag-norge","21":"tag-norway","22":"tag-nyheter","23":"tag-overskrifter","24":"tag-skandale","25":"tag-top-stories","26":"tag-topstories"},"share_on_mastodon":{"url":"https:\/\/pubeurope.com\/@no\/115881180171509558","error":""},"_links":{"self":[{"href":"https:\/\/www.europesays.com\/no\/wp-json\/wp\/v2\/posts\/135252","targetHints":{"allow":["GET"]}}],"collection":[{"href":"https:\/\/www.europesays.com\/no\/wp-json\/wp\/v2\/posts"}],"about":[{"href":"https:\/\/www.europesays.com\/no\/wp-json\/wp\/v2\/types\/post"}],"author":[{"embeddable":true,"href":"https:\/\/www.europesays.com\/no\/wp-json\/wp\/v2\/users\/2"}],"replies":[{"embeddable":true,"href":"https:\/\/www.europesays.com\/no\/wp-json\/wp\/v2\/comments?post=135252"}],"version-history":[{"count":0,"href":"https:\/\/www.europesays.com\/no\/wp-json\/wp\/v2\/posts\/135252\/revisions"}],"wp:featuredmedia":[{"embeddable":true,"href":"https:\/\/www.europesays.com\/no\/wp-json\/wp\/v2\/media\/135253"}],"wp:attachment":[{"href":"https:\/\/www.europesays.com\/no\/wp-json\/wp\/v2\/media?parent=135252"}],"wp:term":[{"taxonomy":"category","embeddable":true,"href":"https:\/\/www.europesays.com\/no\/wp-json\/wp\/v2\/categories?post=135252"},{"taxonomy":"post_tag","embeddable":true,"href":"https:\/\/www.europesays.com\/no\/wp-json\/wp\/v2\/tags?post=135252"}],"curies":[{"name":"wp","href":"https:\/\/api.w.org\/{rel}","templated":true}]}}