{"id":135260,"date":"2026-01-12T08:36:07","date_gmt":"2026-01-12T08:36:07","guid":{"rendered":"https:\/\/www.europesays.com\/no\/135260\/"},"modified":"2026-01-12T08:36:07","modified_gmt":"2026-01-12T08:36:07","slug":"prinsesse-ingrid-alexandra-klar-for-historisk-reise-folger-i-kongeparets-fotspor","status":"publish","type":"post","link":"https:\/\/www.europesays.com\/no\/135260\/","title":{"rendered":"Prinsesse Ingrid Alexandra klar for historisk reise \u2013 f\u00f8lger i kongeparets fotspor"},"content":{"rendered":"<p>Det tre dager lange bes\u00f8ket innledes s\u00f8ndag 25. januar.<\/p>\n<p>Prinsesse Ingrid Alexandra skal da v\u00e6re med en reindriftsfamilie ut p\u00e5 vinterbeite, for \u00e5 f\u00e5 en innf\u00f8ring i den samiske kulturen og livet som reindriftssame, melder statsforvalteren i Troms og Finnmark.<\/p>\n<p>Prinsessen skal ogs\u00e5 overnatte sammen med familien p\u00e5 vidda.<\/p>\n<p>Hundespann<\/p>\n<p>De neste dagene skal hun til b\u00e5de Karasjok og Kirkenes.<\/p>\n<p>Hun skal m\u00f8te skoleelever og barnehagebarn, og hun skal bes\u00f8ke Sametinget i Karasjok.<\/p>\n<p>Oppholdet, som markerer prinsessens f\u00f8rste offisielle reise alene, avsluttes i Kirkenes tirsdag 27. januar.<\/p>\n<p>Der skal prinsesse Ingrid Alexandra skal bes\u00f8ke Kirkenes skole. Hun skal ogs\u00e5 m\u00f8te elever fra Tana videreg\u00e5ende skole for \u00e5 kj\u00f8re hundespann, if\u00f8lge statsforvalteren.<\/p>\n<p>Til slutt p\u00e5 prinsessens offisielle program st\u00e5r m\u00f8te med lokalt n\u00e6ringsliv og frivillige.<\/p>\n<p><img decoding=\"async\"   src=\"data:image\/gif;base64,R0lGODlhAQABAIAAAAAAAP\/\/\/yH5BAEAAAAALAAAAAABAAEAAAIBRAA7\" loading=\"eager\" alt=\"Prinsesse Ingrid Alexandra bes\u00f8ker Langerudhjemmet i Oslo, hun sitter p\u00e5 huk og snakker med barn som holder norske flagg.\" title=\"Foto: Fredrik Varfjell \/ NTB\"\/><\/p>\n<p class=\"\">F\u00f8r jul hadde prinsessen flere oppdrag for kongehuset. Blant annet bes\u00f8kte hun Langerudhjemmet i Oslo.<\/p>\n<p>Foto: Fredrik Varfjell \/ NTB<\/p>\n<p>Gj\u00f8r som besteforeldrene<\/p>\n<p>Prinsesse Ingrid Alexandra gj\u00f8r med dette som besteforeldrene gjorde for snart 57 \u00e5r siden:<\/p>\n<p><img decoding=\"async\"   src=\"data:image\/gif;base64,R0lGODlhAQABAIAAAAAAAP\/\/\/yH5BAEAAAAALAAAAAABAAEAAAIBRAA7\" loading=\"eager\" alt=\"Kronprins Harald og kronprinsesse Sonja i samedrakter under bes\u00f8k i Karasjok i 1969, de smiler og ser p\u00e5 hverandre.\" title=\"Foto: Jan Dahl \/ NTB\"\/><\/p>\n<p class=\"\">Kronprins Harald og kronprinsesse Sonja fikk samiske drakter i gave da de bes\u00f8kte Karasjok i 1969.<\/p>\n<p>Foto: Jan Dahl \/ NTB<\/p>\n<p>I april 1969 dro dav\u00e6rende kronprins Harald og kronprinsesse Sonja til Finnmark da de skulle p\u00e5 sin f\u00f8rste store offisielle reise i Norge.<\/p>\n<p>Paret, som hadde giftet seg et dr\u00f8yt halv\u00e5r tidligere, tilbragte da ti dager i Norges nordligste fylke og bes\u00f8kte blant annet Kirkenes, Karasjok, Kautokeino og Alta.<\/p>\n<p>Se bildene fra kronprins Harald og kronprinsesse Sonjas bes\u00f8k i Finnmark i 1969:<\/p>\n<p>Det ble starten for kongeparets \u00e5rlige fylkesreiser rundt i Norge.<\/p>\n<p>De kongelige har for \u00f8vrig lang tradisjon for \u00e5 bes\u00f8ke Finnmark.<\/p>\n<p>Kong Haakon og dronning Maud reiste til Finnmark i 1907, mens kronprins Olav og kronprinsesse M\u00e4rtha var der f\u00f8rste gang i 1934, if\u00f8lge kongehuset.no.<\/p>\n<p>Ny milep\u00e6l<\/p>\n<p>Prinsessens offisielle reise til Finnmark markerer nok en kongelig milep\u00e6l for henne \u2013 og dem har det v\u00e6rt flere av det siste \u00e5ret.<\/p>\n<p>Hun entret den store rojale scenen for alvor i fjor da hun <a href=\"https:\/\/www.nrk.no\/norge\/her-er-prinsesse-ingrid-alexandra-pa-historisk-oppdrag-1.17372929\" ec-id=\"pp:article:1.17372929\" ec-name=\"deltok p\u00e5 sitt f\u00f8rste statsbes\u00f8k\" rel=\"nofollow noopener\" target=\"_blank\">deltok p\u00e5 sitt f\u00f8rste statsbes\u00f8k<\/a>.<\/p>\n<p><img decoding=\"async\"   src=\"data:image\/gif;base64,R0lGODlhAQABAIAAAAAAAP\/\/\/yH5BAEAAAAALAAAAAABAAEAAAIBRAA7\" loading=\"eager\" alt=\"Prinsesse Ingrid Alexandra st\u00e5r sammen med kronprins Haakon og kronprinsesse Mette-Marit p\u00e5 Slottsplassen i forbindelse med statsbes\u00f8ket fra Island i april 2025.\" title=\"Foto: Aurora Ytreberg Mel\u00f8e \/ NRK\"\/><\/p>\n<p class=\"\">Prinsesse Ingrid Alexandra deltok p\u00e5 sitt f\u00f8rste statsbes\u00f8k i april i fjor, sammen med kronprinsparet og kongeparet.<\/p>\n<p>Foto: Aurora Ytreberg Mel\u00f8e \/ NRK<\/p>\n<p>I l\u00f8pet av fjor\u00e5ret holdt prinsessen blant annet ogs\u00e5 sin f\u00f8rste audiens alene, og hun var for f\u00f8rste gang til stede under utdelingen av Nobels fredspris.<\/p>\n<p>Bla deg bortover for \u00e5 se hvordan det s\u00e5 ut da prinsesse Ingrid Alexandra tok imot sin f\u00f8rste audiens p\u00e5 Slottet:<\/p>\n<p>    \u2190<\/p>\n<ul data-scroll-container=\"\" role=\"list\" aria-label=\"Bildegalleri\">\n<li><img alt=\"Prinsesse Ingrid Alexandra st\u00e5r p\u00e5 kontoret sitt p\u00e5 Slottet og venter p\u00e5 at hun skal ta imot Barnas klimapanel i audiens.\"  width=\"3840\" height=\"2160\" loading=\"lazy\"\/>\n<p>Innenfor d\u00f8rene p\u00e5 prinsessens kontor p\u00e5 Slottet st\u00e5r hun klar og venter p\u00e5 gjestene.<\/p>\n<p> Foto: Terje Pedersen \/ NTB <\/li>\n<li><img alt=\"Prinsesse Ingrid Alexandra st\u00e5r p\u00e5 kontoret sitt p\u00e5 Slottet og venter p\u00e5 at hun skal ta imot Barnas klimapanel i audiens.\"  width=\"3840\" height=\"2160\" loading=\"lazy\"\/>\n<p>Prinsesse Ingrid Alexandra gj\u00f8r seg klar til sin f\u00f8rste audiens.<\/p>\n<p> Foto: Terje Pedersen \/ NTB <\/li>\n<li><img alt=\"Prinsesse Ingrid Alexandra st\u00e5r p\u00e5 kontoret sitt p\u00e5 Slottet og hilser p\u00e5 Barnas Klimapanel som kommer i audiens hos henne.\"  width=\"3840\" height=\"2160\" loading=\"lazy\"\/>\n<p>Klokken 14 g\u00e5r d\u00f8rene opp, og Barnas klimapanel blir de f\u00f8rste i audiens hos prinsessen.<\/p>\n<p> Foto: Terje Pedersen \/ NTB <\/li>\n<li><img alt=\"Prinsesse Ingrid Alexandra sitter sammen med Barnas klimapanel rundt et bord p\u00e5 prinsessens kontor p\u00e5 Slottet. P\u00e5 bordet er det pyntet med rosa blomster, og det er boller p\u00e5 et fat.\"  width=\"3840\" height=\"2160\" loading=\"lazy\"\/>\n<p>Audiensen ble holdt p\u00e5 prinsessens kontor p\u00e5 Slottet.<\/p>\n<p> Foto: Terje Pedersen \/ NTB <\/li>\n<li><img alt=\"Prinsesse Ingrid Alexandra tar imot Barnas klimapanel i audiens p\u00e5 Slottet. De sitter rundt et bord p\u00e5 prinsessens kontor.\"  width=\"3840\" height=\"2160\" loading=\"lazy\"\/>\n<p>\u2013 Jeg hadde et veldig hyggelig m\u00f8te med Barnas klimapanel. De imponerte meg med sin kunnskap og innsats, sa prinsessen etter m\u00f8tet.<\/p>\n<p> Foto: Terje Pedersen \/ NTB <\/li>\n<\/ul>\n<p>\u2192<\/p>\n<p>Juleferie f\u00f8r studiene venter<\/p>\n<p>Prinsesse Ingrid Alexandra, som fyller 22 \u00e5r om halvannen uke, har v\u00e6rt hjemme p\u00e5 juleferie den siste dr\u00f8ye m\u00e5neden.<\/p>\n<p>Hun har da hatt en rekke oppdrag for kongehuset.<\/p>\n<p>\u2013 Det er utrolig hyggelig \u00e5 komme hjem. Jeg trives veldig godt i Australia, men s\u00e5 er det borte bra, men hjemme best, sa prinsesse Ingrid Alexandra da hun var p\u00e5 jobb sammen med far kronprins Haakon i desember.<\/p>\n<p>Etter Finnmark-bes\u00f8ket er det trolig ikke lenge til prinsessen vender tilbake til studiehverdagen i Australia.<\/p>\n<p>Der skal hun ta fatt p\u00e5 sitt andre semester ved Universitetet i Sydney.<\/p>\n<p>I Sydney tar prinsesse Ingrid Alexandra en bachelor i samfunnsfag, med fordypning i politisk \u00f8konomi og internasjonale relasjoner.<\/p>\n<p>\u2013 Jeg tror definitivt at utdannelsen min kommer til \u00e5 v\u00e6re veldig relevant for den jobben jeg skal gj\u00f8re i fremtiden., sa prinsessen da NRK m\u00f8tte henne i Sydney i oktober.<\/p>\n<p><img decoding=\"async\"   src=\"data:image\/gif;base64,R0lGODlhAQABAIAAAAAAAP\/\/\/yH5BAEAAAAALAAAAAABAAEAAAIBRAA7\" loading=\"eager\" alt=\"Prinsesse Ingrid Alexandra st\u00e5r midt p\u00e5 gulvet i et stort rom inne p\u00e5 Universitetet i Sydney\" title=\"Foto: Frode Fjerdingstad \/ NRK\"\/><\/p>\n<p class=\"\">Prinsesse Ingrid Alexandra p\u00e5 universitetet i hennes nye hjemby Sydney i fjor h\u00f8st.<\/p>\n<p>Foto: Frode Fjerdingstad \/ NRK<\/p>\n<p>Publisert<\/p>\n<p>12.01.2026, kl. 08.53<\/p>\n","protected":false},"excerpt":{"rendered":"Det tre dager lange bes\u00f8ket innledes s\u00f8ndag 25. januar. Prinsesse Ingrid Alexandra skal da v\u00e6re med en reindriftsfamilie&hellip;\n","protected":false},"author":2,"featured_media":135261,"comment_status":"","ping_status":"","sticky":false,"template":"","format":"standard","meta":{"footnotes":""},"categories":[5],"tags":[20,21,24,25,15,19,22,23,17,18,13,30,28,29,14,16,26,27],"class_list":{"0":"post-135260","1":"post","2":"type-post","3":"status-publish","4":"format-standard","5":"has-post-thumbnail","7":"category-overskrifter","8":"tag-breaking-news","9":"tag-breakingnews","10":"tag-featured-news","11":"tag-featurednews","12":"tag-headlines","13":"tag-hovedoppslag","14":"tag-latest-news","15":"tag-latestnews","16":"tag-main-news","17":"tag-mainnews","18":"tag-news","19":"tag-no","20":"tag-norge","21":"tag-norway","22":"tag-nyheter","23":"tag-overskrifter","24":"tag-top-stories","25":"tag-topstories"},"share_on_mastodon":{"url":"https:\/\/pubeurope.com\/@no\/115881219848322247","error":""},"_links":{"self":[{"href":"https:\/\/www.europesays.com\/no\/wp-json\/wp\/v2\/posts\/135260","targetHints":{"allow":["GET"]}}],"collection":[{"href":"https:\/\/www.europesays.com\/no\/wp-json\/wp\/v2\/posts"}],"about":[{"href":"https:\/\/www.europesays.com\/no\/wp-json\/wp\/v2\/types\/post"}],"author":[{"embeddable":true,"href":"https:\/\/www.europesays.com\/no\/wp-json\/wp\/v2\/users\/2"}],"replies":[{"embeddable":true,"href":"https:\/\/www.europesays.com\/no\/wp-json\/wp\/v2\/comments?post=135260"}],"version-history":[{"count":0,"href":"https:\/\/www.europesays.com\/no\/wp-json\/wp\/v2\/posts\/135260\/revisions"}],"wp:featuredmedia":[{"embeddable":true,"href":"https:\/\/www.europesays.com\/no\/wp-json\/wp\/v2\/media\/135261"}],"wp:attachment":[{"href":"https:\/\/www.europesays.com\/no\/wp-json\/wp\/v2\/media?parent=135260"}],"wp:term":[{"taxonomy":"category","embeddable":true,"href":"https:\/\/www.europesays.com\/no\/wp-json\/wp\/v2\/categories?post=135260"},{"taxonomy":"post_tag","embeddable":true,"href":"https:\/\/www.europesays.com\/no\/wp-json\/wp\/v2\/tags?post=135260"}],"curies":[{"name":"wp","href":"https:\/\/api.w.org\/{rel}","templated":true}]}}