{"id":135266,"date":"2026-01-12T08:44:09","date_gmt":"2026-01-12T08:44:09","guid":{"rendered":"https:\/\/www.europesays.com\/no\/135266\/"},"modified":"2026-01-12T08:44:09","modified_gmt":"2026-01-12T08:44:09","slug":"buss-ruter-flere-avganger-innstilt-mangler-busser","status":"publish","type":"post","link":"https:\/\/www.europesays.com\/no\/135266\/","title":{"rendered":"Buss, Ruter | Flere avganger innstilt: Mangler busser"},"content":{"rendered":"\n<p>Mandag morgen er det flere bussavganger som er innstilt. <\/p>\n<p>\u00c5rsaken er \u00abmateriellmangel\u00bb, if\u00f8lge Ruter sine nettsider. Det er s\u00e5 enkelt som mangel p\u00e5 busser. <\/p>\n<p>I hovedsak er det bussrutene 100, 110 og 300 som har f\u00e5tt innstilte avganger. I skrivende stund har allerede flere avganger blitt innstilt, og det skal fortsette utover dagen. <\/p>\n<p>Leder for eksternkommunikasjon i Ruter, Eilif Swensen, forteller til Avisa Oslo at Nobina har mangel p\u00e5 busser, som dermed f\u00f8rer til innstilte avganger. <\/p>\n<p>\u2013 Vi har satt inn beredskapsbusser for \u00e5 ta seks avganger. Det er snakk om \u00e5 forsterke i rushtiden. Jeg vet ikke hvor lenge det vil vare, sier Swensen. <\/p>\n","protected":false},"excerpt":{"rendered":"Mandag morgen er det flere bussavganger som er innstilt. \u00c5rsaken er \u00abmateriellmangel\u00bb, if\u00f8lge Ruter sine nettsider. Det er&hellip;\n","protected":false},"author":2,"featured_media":135267,"comment_status":"","ping_status":"","sticky":false,"template":"","format":"standard","meta":{"footnotes":""},"categories":[10],"tags":[36,20,21,2760,24,25,15,6556,22,23,13,30,28,29,14,16,287,1510,26,27],"class_list":{"0":"post-135266","1":"post","2":"type-post","3":"status-publish","4":"format-standard","5":"has-post-thumbnail","7":"category-norge","8":"tag-art","9":"tag-breaking-news","10":"tag-breakingnews","11":"tag-buss","12":"tag-featured-news","13":"tag-featurednews","14":"tag-headlines","15":"tag-innstillinger","16":"tag-latest-news","17":"tag-latestnews","18":"tag-news","19":"tag-no","20":"tag-norge","21":"tag-norway","22":"tag-nyheter","23":"tag-overskrifter","24":"tag-ruter","25":"tag-story","26":"tag-top-stories","27":"tag-topstories"},"share_on_mastodon":{"url":"https:\/\/pubeurope.com\/@no\/115881250931087342","error":""},"_links":{"self":[{"href":"https:\/\/www.europesays.com\/no\/wp-json\/wp\/v2\/posts\/135266","targetHints":{"allow":["GET"]}}],"collection":[{"href":"https:\/\/www.europesays.com\/no\/wp-json\/wp\/v2\/posts"}],"about":[{"href":"https:\/\/www.europesays.com\/no\/wp-json\/wp\/v2\/types\/post"}],"author":[{"embeddable":true,"href":"https:\/\/www.europesays.com\/no\/wp-json\/wp\/v2\/users\/2"}],"replies":[{"embeddable":true,"href":"https:\/\/www.europesays.com\/no\/wp-json\/wp\/v2\/comments?post=135266"}],"version-history":[{"count":0,"href":"https:\/\/www.europesays.com\/no\/wp-json\/wp\/v2\/posts\/135266\/revisions"}],"wp:featuredmedia":[{"embeddable":true,"href":"https:\/\/www.europesays.com\/no\/wp-json\/wp\/v2\/media\/135267"}],"wp:attachment":[{"href":"https:\/\/www.europesays.com\/no\/wp-json\/wp\/v2\/media?parent=135266"}],"wp:term":[{"taxonomy":"category","embeddable":true,"href":"https:\/\/www.europesays.com\/no\/wp-json\/wp\/v2\/categories?post=135266"},{"taxonomy":"post_tag","embeddable":true,"href":"https:\/\/www.europesays.com\/no\/wp-json\/wp\/v2\/tags?post=135266"}],"curies":[{"name":"wp","href":"https:\/\/api.w.org\/{rel}","templated":true}]}}