{"id":135268,"date":"2026-01-12T08:45:07","date_gmt":"2026-01-12T08:45:07","guid":{"rendered":"https:\/\/www.europesays.com\/no\/135268\/"},"modified":"2026-01-12T08:45:07","modified_gmt":"2026-01-12T08:45:07","slug":"sju-norske-ol-lopere-star-over-langrenn-nm","status":"publish","type":"post","link":"https:\/\/www.europesays.com\/no\/135268\/","title":{"rendered":"Sju norske OL-l\u00f8pere st\u00e5r over langrenn-NM"},"content":{"rendered":"\n<p class=\"_lead_o9xde_2 _lead_xtcu6_50 layout-component text-serif-m layout-normal text-serif-l layout-component layout-wide layout-padded _wide_17hqh_1 layout-padded\">Sju l\u00f8pere p\u00e5 langrennslandslaget velger OL-forberedelser framfor \u00e5 g\u00e5 NM i Steinkjer.<\/p>\n<p><img alt=\"Johannes H\u00f8sflot Kl\u00e6bo stiller som ventet ikke opp i NM i Steinkjer.  Foto: Terje Pedersen \/ NTB\" class=\"_image_qp4xg_65 layout-component layout-wide\" data-fullscreen- data-track-element-type=\"Article image fullscreen\" data-track-name=\"ImageFullscreen\" fetchpriority=\"high\" decoding=\"sync\" loading=\"eager\" height=\"3633\" itemprop=\"image\"  src=\"https:\/\/www.europesays.com\/no\/wp-content\/uploads\/2026\/01\/4de28d9a-4573-43a8-b1e5-57c08bf47fd8.jpeg\"  style=\"object-position:0% 0%\" width=\"5450\"\/>Johannes H\u00f8sflot Kl\u00e6bo stiller som ventet ikke opp i NM i Steinkjer.  Foto: Terje Pedersen \/ NTB<\/p>\n<ul aria-hidden=\"true\" class=\"_images_ntbth_112\">\n<li><a class=\"_link_ntbth_117\" href=\"https:\/\/www.vg.no\/forfatter\/ntb\" style=\"z-index:1\" title=\"NTB\" rel=\"nofollow noopener\" target=\"_blank\"><img alt=\"Bilde av NTB\" class=\"_image_ntbth_93\" fetchpriority=\"low\" loading=\"lazy\" decoding=\"async\" itemprop=\"image\"  src=\"https:\/\/www.europesays.com\/no\/wp-content\/uploads\/2026\/01\/1768207507_903_c33980b0-5d07-4027-84a1-813f90a7c8d6.png\"  width=\"480\"\/><\/a><\/li>\n<\/ul>\n<p> Oppdatert mandag 12. januar kl. 07:45     <\/p>\n<p class=\"_paragraph_o9xde_4 _paragraph_xtcu6_10 layout-component text-serif-m layout-normal text-serif-m layout-padded\"> Adresseavisen f\u00e5r frav\u00e6ret <a href=\"https:\/\/www.adressa.no\/sport\/ol\/i\/2pdp8v\/stjerner-dropper-nm-vi-bryr-oss-om-dem-som-kommer\" class=\"_link_o9xde_39\" rel=\"nofollow noopener\" target=\"_blank\">bekreftet<\/a> av mediekontakt Claes-Tommy Herland i Norges Skiforbund.<\/p>\n<p class=\"_paragraph_o9xde_4 _paragraph_xtcu6_10 layout-component text-serif-m layout-normal text-serif-m layout-padded\">Landslagsl\u00f8perne som st\u00e5r over NM, er Johannes H\u00f8sflot Kl\u00e6bo, Erik Valnes, Harald \u00d8stberg Amundsen, Martin L\u00f8wstr\u00f8m Nyenget, Kristine Stav\u00e5s Skistad, Heidi Weng og Mathilde Myhrvold (skadet).<\/p>\n<p class=\"_paragraph_o9xde_4 _paragraph_xtcu6_10 layout-component text-serif-m layout-normal text-serif-m layout-padded\">I tillegg uteblir privatl\u00f8perne Emil Iversen og Astrid \u00d8yre Slind. Begge har v\u00e6rt tydelig p\u00e5 at de kj\u00f8rer et opplegg i OL-opptakten. Iversen h\u00e5per fortsatt p\u00e5 \u00e5 bli en del av den norske troppen og dro i helgen til h\u00f8yden i Italia sammen med Kl\u00e6bo.<\/p>\n<p class=\"_paragraph_o9xde_4 _paragraph_xtcu6_10 layout-component text-serif-m layout-normal text-serif-m layout-padded\">NM-sjef Benthe Asp forst\u00e5r at flere av Norges beste langrennsl\u00f8pere prioriterer annerledes i en OL-sesong.<\/p>\n<p class=\"_paragraph_o9xde_4 _paragraph_xtcu6_10 layout-component text-serif-m layout-normal text-serif-m layout-padded\">\u2013 Vi bryr oss om dem som kommer. Vi har diskutert dette internt i organisasjonen og har full forst\u00e5else for at noen prioriterer det de mener m\u00e5 til for \u00e5 gj\u00f8re det best mulig i OL. Vi ergrer oss ikke over at noen ikke kommer, men er glad for at mange skil\u00f8pere tar turen til Steinkjer, sier hun til Adresseavisen.<\/p>\n<p class=\"_paragraph_o9xde_4 _paragraph_xtcu6_10 layout-component text-serif-m layout-normal text-serif-m layout-padded\">Skiforbundet opplyser at disse langrennsl\u00f8perne er ventet \u00e5 stille i NM: Kristin Austgulen Fosn\u00e6s, Julie Myhre, Lotta Udnes Weng, Margrethe Bergane, Nora Sanness, Tiril Udnes Weng, Andreas Fjorden Ree, Ansgar Evensen, Even Northug, Iver Tildheim Andersen, Jan Thomas Jenssen, Oskar Opstad Vike og Simen Hegstad Kr\u00fcger.<\/p>\n<p class=\"_paragraph_o9xde_4 _paragraph_xtcu6_10 layout-component text-serif-m layout-normal text-serif-m layout-padded\">NM varer fra onsdag til s\u00f8ndag.<\/p>\n","protected":false},"excerpt":{"rendered":"Sju l\u00f8pere p\u00e5 langrennslandslaget velger OL-forberedelser framfor \u00e5 g\u00e5 NM i Steinkjer. Johannes H\u00f8sflot Kl\u00e6bo stiller som ventet&hellip;\n","protected":false},"author":2,"featured_media":135269,"comment_status":"","ping_status":"","sticky":false,"template":"","format":"standard","meta":{"footnotes":""},"categories":[5],"tags":[20,21,24,25,15,19,22,23,17,18,13,30,28,29,14,16,26,27],"class_list":{"0":"post-135268","1":"post","2":"type-post","3":"status-publish","4":"format-standard","5":"has-post-thumbnail","7":"category-overskrifter","8":"tag-breaking-news","9":"tag-breakingnews","10":"tag-featured-news","11":"tag-featurednews","12":"tag-headlines","13":"tag-hovedoppslag","14":"tag-latest-news","15":"tag-latestnews","16":"tag-main-news","17":"tag-mainnews","18":"tag-news","19":"tag-no","20":"tag-norge","21":"tag-norway","22":"tag-nyheter","23":"tag-overskrifter","24":"tag-top-stories","25":"tag-topstories"},"share_on_mastodon":{"url":"https:\/\/pubeurope.com\/@no\/115881254912378115","error":""},"_links":{"self":[{"href":"https:\/\/www.europesays.com\/no\/wp-json\/wp\/v2\/posts\/135268","targetHints":{"allow":["GET"]}}],"collection":[{"href":"https:\/\/www.europesays.com\/no\/wp-json\/wp\/v2\/posts"}],"about":[{"href":"https:\/\/www.europesays.com\/no\/wp-json\/wp\/v2\/types\/post"}],"author":[{"embeddable":true,"href":"https:\/\/www.europesays.com\/no\/wp-json\/wp\/v2\/users\/2"}],"replies":[{"embeddable":true,"href":"https:\/\/www.europesays.com\/no\/wp-json\/wp\/v2\/comments?post=135268"}],"version-history":[{"count":0,"href":"https:\/\/www.europesays.com\/no\/wp-json\/wp\/v2\/posts\/135268\/revisions"}],"wp:featuredmedia":[{"embeddable":true,"href":"https:\/\/www.europesays.com\/no\/wp-json\/wp\/v2\/media\/135269"}],"wp:attachment":[{"href":"https:\/\/www.europesays.com\/no\/wp-json\/wp\/v2\/media?parent=135268"}],"wp:term":[{"taxonomy":"category","embeddable":true,"href":"https:\/\/www.europesays.com\/no\/wp-json\/wp\/v2\/categories?post=135268"},{"taxonomy":"post_tag","embeddable":true,"href":"https:\/\/www.europesays.com\/no\/wp-json\/wp\/v2\/tags?post=135268"}],"curies":[{"name":"wp","href":"https:\/\/api.w.org\/{rel}","templated":true}]}}