{"id":135270,"date":"2026-01-12T08:46:12","date_gmt":"2026-01-12T08:46:12","guid":{"rendered":"https:\/\/www.europesays.com\/no\/135270\/"},"modified":"2026-01-12T08:46:12","modified_gmt":"2026-01-12T08:46:12","slug":"finaledommere-utestengt-fra-handball-em","status":"publish","type":"post","link":"https:\/\/www.europesays.com\/no\/135270\/","title":{"rendered":"Finaledommere utestengt fra h\u00e5ndball-EM"},"content":{"rendered":"<p class=\"extendedContent hyperion-css-eyn926\" data-test-tag=\"lead-text\">Stjernedommerne Gjorgji Nachevski og Slave Nikolov f\u00e5r ikke d\u00f8mme i mesterskapet i Norge, Sverige og Danmark de neste ukene.<\/p>\n<p><img decoding=\"async\" class=\"image-asset hyperion-css-u06ts1\" data-test-tag=\"image-asset\" src=\"https:\/\/www.europesays.com\/no\/wp-content\/uploads\/2026\/01\/1768207571_415_ade02209-ffbb-427a-9c6f-8157a7c2268e.jpeg\"  alt=\"I HARDT V\u00c6R: Gjorgji Nachevski under h\u00e5ndball-VM for tre \u00e5r siden.\"  loading=\"eager\" fetchpriority=\"high\" style=\"aspect-ratio:2048 \/ 1311\"\/>I HARDT V\u00c6R: Gjorgji Nachevski under h\u00e5ndball-VM for tre \u00e5r siden. Foto: Johan Nilsson\/TT \/ TT Nyhetsbyr\u00e5n \/ NTB<\/p>\n<ul data-test-tag=\"byline:authors\" data-testid=\"byline:authors\" class=\"hyperion-css-1772xtw\">\n<li class=\"hyperion-css-b8p8ys\"><img decoding=\"async\" class=\"image-asset hyperion-css-u06ts1\" data-test-tag=\"image-asset\" src=\"https:\/\/www.europesays.com\/no\/wp-content\/uploads\/2026\/01\/1768207571_988_9167fa6a-7320-4d6f-b3c9-6c4ecb8beb8c.jpeg\"  alt=\"Jostein Overvik, VG\"  fetchpriority=\"auto\" style=\"aspect-ratio:2048 \/ 2048\"\/>\n<p>Jostein Overvik, VG<\/p>\n<\/li>\n<\/ul>\n<p>Publisert: 12.01.2026 07:56 |\u00a0Oppdatert: 12.01.2026 09:39<\/p>\n<p class=\"paywall hyperion-css-1j42uic\">Det melder det europeiske h\u00e5ndballforbundet EHF i en <a aria-label=\"pressemelding\" class=\"default hyperion-css-1raymq9\" href=\"https:\/\/www.eurohandball.com\/en\/news\/en\/men-s-ehf-euro-2026-refereeing-update\/\" target=\"_blank\" rel=\"noopener nofollow noreferrer\" data-test-tag=\"external-link\">pressemelding<\/a>. Norge starter EM mot Ukraina p\u00e5 hjemmebane p\u00e5 Fornebu torsdag.<\/p>\n<p class=\"paywall hyperion-css-1j42uic\">EHF har trukket tilbake nomineringen av de to dommerne fra Nord-Makedonia. De er et av verdens mest meriterte dommerpar i internasjonal h\u00e5ndball for menn.<\/p>\n<p class=\"paywall hyperion-css-1j42uic\">Nachevski og Nikolov har de siste \u00e5rene d\u00f8mt Champions League-finalen 2024, VM-finalen 2023, OL-finalen 2021 og EM-finalen 2020.<\/p>\n<p class=\"paywall hyperion-css-1j42uic\">Dommerparet nektes deltagelse i EM etter at videoer fra fysiske tester de sendte inn kan ha blitt manipulert, if\u00f8lge EHF.<\/p>\n<p class=\"paywall hyperion-css-1j42uic\"><strong>VG har ikke sette grunnlagsmaterialet for utestengelsen \u2013 og kan ikke g\u00e5 god for den.<\/strong><\/p>\n<p class=\"paywall hyperion-css-1j42uic\">\u2013 Dette er en EHF-sak. Jeg har forel\u00f8pig f\u00e5tt veldig begrenset informasjon og kan ikke uttale meg, sier dommersjefen i det internasjonale h\u00e5ndballforbundet, Per Morten S\u00f8dal, til VG. Han har v\u00e6rt p\u00e5 reise den siste tiden.<\/p>\n<p>Norges gruppespill<\/p>\n<p class=\"hyperion-css-ffjyk2\">15. januar kl. 20.30: Norge \u2013 Ukraina (Unity Arena).<\/p>\n<p>Vis mer<\/p>\n<p class=\"paywall hyperion-css-1j42uic\">Alle dommerpar m\u00e5 gjennomf\u00f8re obligatorisk kondisjonstrening og fysiske tester f\u00f8r et EM. De m\u00e5 laste opp to videoopptak av en s\u00e5kalt \u00abMultistage Fitness Test\u00bb \u2013 ett fra \u00e5tte uker f\u00f8r og ett fra fire uker f\u00f8r mesterskapet.<\/p>\n<p class=\"paywall hyperion-css-1j42uic\">I slutten av desember ble EHF varslet om at videoene fra Nikolov og Nachevski kunne v\u00e6re endret og ikke representere et n\u00f8yaktig opptak av hele testen.<\/p>\n<p class=\"paywall hyperion-css-1j42uic\">Forbundet opplyser at de lot eksperter fra Fitgood Pro og integritetspartneren Sportradar analysere materialet grundig.<\/p>\n<p class=\"paywall hyperion-css-1j42uic\"><strong>\u2013 Den dyptg\u00e5ende analysen avsl\u00f8rte bevis for at det er stor sannsynlighet for at videoene har blitt manipulert, skriver EHF i pressemeldingen.<\/strong><\/p>\n<p class=\"paywall hyperion-css-1j42uic\">For \u00e5 beskytte integriteten til EM har forbundet derfor trukket tilbake nomineringen av paret.<\/p>\n<p class=\"paywall hyperion-css-1j42uic\">H\u00e5ndballpresident Randi Gustad er styremedlem i EHF, men vil heller ikke kommentere utestengelsen. Hun sier at saken behandles p\u00e5 administrativt niv\u00e5 i det europeiske h\u00e5ndballforbundet.<\/p>\n<p class=\"paywall hyperion-css-1j42uic\">EHF forbeholder seg retten til \u00e5 innlede juridiske prosedyrer i saken.<\/p>\n<p class=\"paywall hyperion-css-1j42uic\">Gjorgji Nachevski og Slave Nikolov ble i 2023 koblet til kampfiksing av analyseselskapet Sportradar, men har inntil n\u00e5 fortsatt \u00e5 d\u00f8mme kamper p\u00e5 internasjonalt niv\u00e5.<\/p>\n<p><img decoding=\"async\" class=\"image-asset hyperion-css-u06ts1\" data-test-tag=\"image-asset\" src=\"https:\/\/www.europesays.com\/no\/wp-content\/uploads\/2026\/01\/1768207572_58_495d162a-ad9e-4e25-8ce6-0c1bdfa2c9b0.jpeg\"  alt=\"Dragan Nachevski.\"  loading=\"eager\" fetchpriority=\"high\" style=\"aspect-ratio:2048 \/ 1365\"\/>Dragan Nachevski. Foto: Slavko Midzor\/PIXSELL \/ Pa Photos \/ NTB<\/p>\n<p class=\"paywall hyperion-css-1j42uic\"><a aria-label=\"For tre \u00e5r siden ble ogs\u00e5 Gjorgji Nachevskis far, Dragan Nachevski, utestengt av EHF. \" class=\"default hyperion-css-1raymq9\" href=\"https:\/\/www.vg.no\/sport\/i\/EQ5g55\/dommersjef-utestengt-fra-haandball-som-et-sjokk\" target=\"_blank\" rel=\"noopener nofollow noreferrer\" data-test-tag=\"external-link\">For tre \u00e5r siden ble ogs\u00e5 Gjorgji Nachevskis far, Dragan Nachevski, utestengt av EHF. <\/a>Nordmakedoneren var da dommersjef i EHF og medlem av dommerkomiteen i det internasjonale h\u00e5ndballforbundet.<\/p>\n<p class=\"paywall hyperion-css-1j42uic\">I januar 2020 valgte dansk TV 2 \u00e5 g\u00e5 \u00abundercover\u00bb i et m\u00f8te med Dragan Nachevski p\u00e5 et hotell i Sverige. De hyret en skuespiller til \u00e5 agere en kinesisk forretningsmann, som gjerne ville ha kinesisk h\u00e5ndball med i den \u00f8steuropeiske SEHA-ligaen.<\/p>\n<p class=\"paywall hyperion-css-1j42uic\">I en skriftlig forklaring til det europeiske forbundet skrev Dragan Nachevski at han aldri har v\u00e6rt i noen type kampfiksing. EHF opplyste at mannen fra Nord-Makedonia i TV-opptaket flere ganger avviser \u00e5 delta i kampfiksing, men at han ikke distanserer seg helt fra det og derfor sender feil signaler i den rollen han har.<\/p>\n","protected":false},"excerpt":{"rendered":"Stjernedommerne Gjorgji Nachevski og Slave Nikolov f\u00e5r ikke d\u00f8mme i mesterskapet i Norge, Sverige og Danmark de neste&hellip;\n","protected":false},"author":2,"featured_media":135271,"comment_status":"","ping_status":"","sticky":false,"template":"","format":"standard","meta":{"footnotes":""},"categories":[59],"tags":[30,28,29,83,82],"class_list":{"0":"post-135270","1":"post","2":"type-post","3":"status-publish","4":"format-standard","5":"has-post-thumbnail","7":"category-sport","8":"tag-no","9":"tag-norge","10":"tag-norway","11":"tag-sport","12":"tag-sports"},"share_on_mastodon":{"url":"https:\/\/pubeurope.com\/@no\/115881258738530143","error":""},"_links":{"self":[{"href":"https:\/\/www.europesays.com\/no\/wp-json\/wp\/v2\/posts\/135270","targetHints":{"allow":["GET"]}}],"collection":[{"href":"https:\/\/www.europesays.com\/no\/wp-json\/wp\/v2\/posts"}],"about":[{"href":"https:\/\/www.europesays.com\/no\/wp-json\/wp\/v2\/types\/post"}],"author":[{"embeddable":true,"href":"https:\/\/www.europesays.com\/no\/wp-json\/wp\/v2\/users\/2"}],"replies":[{"embeddable":true,"href":"https:\/\/www.europesays.com\/no\/wp-json\/wp\/v2\/comments?post=135270"}],"version-history":[{"count":0,"href":"https:\/\/www.europesays.com\/no\/wp-json\/wp\/v2\/posts\/135270\/revisions"}],"wp:featuredmedia":[{"embeddable":true,"href":"https:\/\/www.europesays.com\/no\/wp-json\/wp\/v2\/media\/135271"}],"wp:attachment":[{"href":"https:\/\/www.europesays.com\/no\/wp-json\/wp\/v2\/media?parent=135270"}],"wp:term":[{"taxonomy":"category","embeddable":true,"href":"https:\/\/www.europesays.com\/no\/wp-json\/wp\/v2\/categories?post=135270"},{"taxonomy":"post_tag","embeddable":true,"href":"https:\/\/www.europesays.com\/no\/wp-json\/wp\/v2\/tags?post=135270"}],"curies":[{"name":"wp","href":"https:\/\/api.w.org\/{rel}","templated":true}]}}