{"id":135274,"date":"2026-01-12T08:50:07","date_gmt":"2026-01-12T08:50:07","guid":{"rendered":"https:\/\/www.europesays.com\/no\/135274\/"},"modified":"2026-01-12T08:50:07","modified_gmt":"2026-01-12T08:50:07","slug":"ol-vinter-ol-skremmende-melding-ol-vakt-funnet-dod","status":"publish","type":"post","link":"https:\/\/www.europesays.com\/no\/135274\/","title":{"rendered":"OL, Vinter-OL | Skremmende melding: OL-vakt funnet d\u00f8d"},"content":{"rendered":"\n<p>Om under en m\u00e5ned g\u00e5r startskuddet for vinter-OL i Milano. <\/p>\n<p>N\u00e5 bekrefter italienske myndigheter at lekene er rammet av et tragisk d\u00f8dsfall i et av anleggene. <\/p>\n<p><b>Les ogs\u00e5:<\/b> <a href=\"https:\/\/www.nettavisen.no\/sport\/klabo-og-seks-andre-landslagslopere-dropper-nm-ergrer-oss-ikke\/s\/5-95-2819507\" rel=\"Follow nofollow noopener\" target=\"_blank\">Kl\u00e6bo og seks andre landslagsl\u00f8pere dropper NM: \u2013 Ergrer oss ikke<\/a><\/p>\n<p>Vakt mistet livet <\/p>\n<p>Minister Matteo Salvini ber om full etterforskning etter at en sikkerhetsvakt d\u00f8de utenfor ishallen som skal v\u00e6re vertskap for curlingen under OL. <\/p>\n<p>Mannen som ble funnet i Cortina ble bare 55 \u00e5r gammel. <\/p>\n<p>Han ble funnet torsdag, og ble bekreftet d\u00f8d p\u00e5 stedet. <\/p>\n<p>\u2013 Vi er veldig lei oss og brydd av d\u00f8dsfallet som har inntruffet, skal offisielt hold i Cortina ha uttalt seg, if\u00f8lge <a href=\"https:\/\/www.theguardian.com\/sport\/2026\/jan\/11\/guard-winter-olympic-construction-site-freezing-death\" rel=\"Follow nofollow noopener\" target=\"_blank\">The Guardian<\/a>. <\/p>\n<p>Det er fortsatt usikkert hva som er d\u00f8ds\u00e5rsaken. <\/p>\n<p>Starter 6. februar<\/p>\n<p>De olympiske lekene i Milano arrangeres fra 6. til 22. februar. <\/p>\n<p>Mesterskapet er delt opp i flere ulike lokasjoner, blant annet Cortina, Val di Fiemme og Anterselva. <\/p>\n<p>I Cortina skal det blant annet arrangeres aking, curling og kvinnens alpinkonkurranser.<\/p>\n","protected":false},"excerpt":{"rendered":"Om under en m\u00e5ned g\u00e5r startskuddet for vinter-OL i Milano. N\u00e5 bekrefter italienske myndigheter at lekene er rammet&hellip;\n","protected":false},"author":2,"featured_media":135275,"comment_status":"","ping_status":"","sticky":false,"template":"","format":"standard","meta":{"footnotes":""},"categories":[12],"tags":[20,21,24,25,15,22,23,13,30,28,29,14,16,26,27,42,43,44,45],"class_list":{"0":"post-135274","1":"post","2":"type-post","3":"status-publish","4":"format-standard","5":"has-post-thumbnail","7":"category-verden","8":"tag-breaking-news","9":"tag-breakingnews","10":"tag-featured-news","11":"tag-featurednews","12":"tag-headlines","13":"tag-latest-news","14":"tag-latestnews","15":"tag-news","16":"tag-no","17":"tag-norge","18":"tag-norway","19":"tag-nyheter","20":"tag-overskrifter","21":"tag-top-stories","22":"tag-topstories","23":"tag-verden","24":"tag-world","25":"tag-world-news","26":"tag-worldnews"},"share_on_mastodon":{"url":"https:\/\/pubeurope.com\/@no\/115881274603764351","error":""},"_links":{"self":[{"href":"https:\/\/www.europesays.com\/no\/wp-json\/wp\/v2\/posts\/135274","targetHints":{"allow":["GET"]}}],"collection":[{"href":"https:\/\/www.europesays.com\/no\/wp-json\/wp\/v2\/posts"}],"about":[{"href":"https:\/\/www.europesays.com\/no\/wp-json\/wp\/v2\/types\/post"}],"author":[{"embeddable":true,"href":"https:\/\/www.europesays.com\/no\/wp-json\/wp\/v2\/users\/2"}],"replies":[{"embeddable":true,"href":"https:\/\/www.europesays.com\/no\/wp-json\/wp\/v2\/comments?post=135274"}],"version-history":[{"count":0,"href":"https:\/\/www.europesays.com\/no\/wp-json\/wp\/v2\/posts\/135274\/revisions"}],"wp:featuredmedia":[{"embeddable":true,"href":"https:\/\/www.europesays.com\/no\/wp-json\/wp\/v2\/media\/135275"}],"wp:attachment":[{"href":"https:\/\/www.europesays.com\/no\/wp-json\/wp\/v2\/media?parent=135274"}],"wp:term":[{"taxonomy":"category","embeddable":true,"href":"https:\/\/www.europesays.com\/no\/wp-json\/wp\/v2\/categories?post=135274"},{"taxonomy":"post_tag","embeddable":true,"href":"https:\/\/www.europesays.com\/no\/wp-json\/wp\/v2\/tags?post=135274"}],"curies":[{"name":"wp","href":"https:\/\/api.w.org\/{rel}","templated":true}]}}