{"id":135276,"date":"2026-01-12T08:51:09","date_gmt":"2026-01-12T08:51:09","guid":{"rendered":"https:\/\/www.europesays.com\/no\/135276\/"},"modified":"2026-01-12T08:51:09","modified_gmt":"2026-01-12T08:51:09","slug":"kansellerte-flyavganger-og-kolonnekjoring-pa-vestlandet-pa-grunn-av-uvaeret","status":"publish","type":"post","link":"https:\/\/www.europesays.com\/no\/135276\/","title":{"rendered":"Kansellerte flyavganger og kolonnekj\u00f8ring p\u00e5 Vestlandet p\u00e5 grunn av uv\u00e6ret"},"content":{"rendered":"<p>  <a href=\"https:\/\/www.smp.no\/nyheter\" class=\"section-link\" data-astro-cid-pnoswov4=\"\" rel=\"nofollow noopener\" target=\"_blank\"> Nyheter  <\/a>   <\/p>\n<p data-testid=\"textWithMarkup-text\" data-v-f1b25013=\"\" data-v-62d58f52=\"\">Kraftig vind p\u00e5 Vestlandet f\u00f8rer til kolonnekj\u00f8ring og at flere flyavganger er kansellert. I Nordsj\u00f8en er dagens helikopteravganger til og fra Bergen kansellert.<\/p>\n<p>P\u00e5 riksvei 7 over Hardangervidda er det mandag kolonnekj\u00f8ring. Her er bilde fra webkameraet til Statens vegvesen ved Fagerheim.\u00a0<strong data-v-e47ab0d0=\"\">Foto:<\/strong> Statens vegvesen \/ Handout \/ NTB   <\/p>\n<p><b data-testid=\"label\" data-v-e0c781e2=\"\">Oppdatert:<\/b>2 timer siden<\/p>\n<p data-testid=\"textWithMarkup-markup\" data-v-62d58f52=\"\"> Flere flyankomster og -avganger p\u00e5 Flesland i Bergen, er kansellert, skriver <a href=\"https:\/\/www.ba.no\/incoming\/5-8-3278337.html\" rel=\"noopener nofollow\" target=\"_blank\">Bergensavisen <\/a> og <a href=\"https:\/\/www.bt.no\/nyheter\/direkte\/i\/BR649v\/nyheter-direkte?pinnedEntry=328504\" rel=\"noopener nofollow\" target=\"_blank\">Bergens Tidende.<\/a><\/p>\n<p data-testid=\"textWithMarkup-markup\" data-v-62d58f52=\"\"> Det samme gjelder Stavanger Lufthavn Sola, skriver <a href=\"https:\/\/www.aftenbladet.no\/direkte\/i\/0EGlxJ\/vi-foelger-trafikken-direkte?pinnedEntry=297239\" rel=\"noopener nofollow\" target=\"_blank\">Stavanger Aftenblad<\/a>. Der er rundt ti avganger og ankomster kansellert, deriblant utenlandsflyginger som Frankfurt og K\u00f8benhavn.<\/p>\n<p>Nordsj\u00f8-trafikk kansellert<\/p>\n<p data-testid=\"textWithMarkup-text\" data-v-81d7dc2b=\"\" data-v-62d58f52=\"\">I Nordsj\u00f8en er alle dagens helikopteravganger til og fra Flesland i Bergen, opplyser Equinor p\u00e5 Heliport.no. De viser til vind og h\u00f8ye b\u00f8lger. De fleste avgangene mellom Flor\u00f8 og Nordsj\u00f8en er ogs\u00e5 kansellert.<\/p>\n<p data-testid=\"textWithMarkup-markup\" data-v-62d58f52=\"\"> Den \u00f8vrige helikoptertrafikken mellom Stavanger og Nordsj\u00f8en er preget av forsinkelser, skriver <a href=\"https:\/\/www.nrk.no\/rogaland\/forseinkingar-i-helikoptertrafikken--1.17723446\" rel=\"noopener nofollow\" target=\"_blank\">NRK. <\/a> Equinor ber passasjerene m\u00f8te opp til vanlig tid.<\/p>\n<p>En rekke farevarsler<\/p>\n<p data-testid=\"textWithMarkup-text\" data-v-81d7dc2b=\"\" data-v-62d58f52=\"\">Store deler av norgeskartet er dekket av ulike farevarsler. Kraftige vindkast preget store deler av landet, men det er alts\u00e5 deler av Hordaland og Rogaland hvor det bl\u00e5ser som verst.<\/p>\n<p data-testid=\"textWithMarkup-markup\" data-v-62d58f52=\"\"><a href=\"https:\/\/www.yr.no\/nb\/farevarsler\" rel=\"noopener nofollow\" target=\"_blank\">Meteorologene advarer<\/a> om mulighet for sv\u00e6rt kraftige vindkast p\u00e5 opp til 40 meter per sekund, liten til full storm p\u00e5 kysten og i fjellet.<\/p>\n<p data-testid=\"textWithMarkup-text\" data-v-81d7dc2b=\"\" data-v-62d58f52=\"\">I ytre deler av Agder er det sendt ut oransje farevarsel om sv\u00e6rt mye sn\u00f8 mandag. Det kan komme opptil 40 centimeter sn\u00f8 enkelte steder.<\/p>\n<p>Kolonnekj\u00f8ring i fjellet<\/p>\n<p data-testid=\"textWithMarkup-markup\" data-v-62d58f52=\"\"> P\u00e5 riksvei 7 over Hardangervidda er det innf\u00f8rt kolonnekj\u00f8ring for alle kj\u00f8ret\u00f8y, opplyser Vegtrafikksentralen p\u00e5 <a href=\"https:\/\/x.com\/VTSvest\" rel=\"noopener nofollow\">X<\/a> mandag morgen.<\/p>\n<p data-testid=\"textWithMarkup-text\" data-v-81d7dc2b=\"\" data-v-62d58f52=\"\">Kolonnekj\u00f8ringen ble innf\u00f8rt ved 6.30-tiden mandag morgen og ansl\u00e5s \u00e5 vare til klokken 18 mandag kveld.<\/p>\n<p data-testid=\"textWithMarkup-text\" data-v-81d7dc2b=\"\" data-v-62d58f52=\"\">Det er ogs\u00e5 kolonnekj\u00f8ring for alle kj\u00f8ret\u00f8y p\u00e5 E134 Haukelifjell, som ventes \u00e5 vare til klokken 3.12 natt til tirsdag.<\/p>\n","protected":false},"excerpt":{"rendered":"Nyheter Kraftig vind p\u00e5 Vestlandet f\u00f8rer til kolonnekj\u00f8ring og at flere flyavganger er kansellert. I Nordsj\u00f8en er dagens&hellip;\n","protected":false},"author":2,"featured_media":135277,"comment_status":"","ping_status":"","sticky":false,"template":"","format":"standard","meta":{"footnotes":""},"categories":[10],"tags":[20,21,24,25,15,22,23,13,30,28,29,14,16,26,27],"class_list":{"0":"post-135276","1":"post","2":"type-post","3":"status-publish","4":"format-standard","5":"has-post-thumbnail","7":"category-norge","8":"tag-breaking-news","9":"tag-breakingnews","10":"tag-featured-news","11":"tag-featurednews","12":"tag-headlines","13":"tag-latest-news","14":"tag-latestnews","15":"tag-news","16":"tag-no","17":"tag-norge","18":"tag-norway","19":"tag-nyheter","20":"tag-overskrifter","21":"tag-top-stories","22":"tag-topstories"},"share_on_mastodon":{"url":"https:\/\/pubeurope.com\/@no\/115881278422458979","error":""},"_links":{"self":[{"href":"https:\/\/www.europesays.com\/no\/wp-json\/wp\/v2\/posts\/135276","targetHints":{"allow":["GET"]}}],"collection":[{"href":"https:\/\/www.europesays.com\/no\/wp-json\/wp\/v2\/posts"}],"about":[{"href":"https:\/\/www.europesays.com\/no\/wp-json\/wp\/v2\/types\/post"}],"author":[{"embeddable":true,"href":"https:\/\/www.europesays.com\/no\/wp-json\/wp\/v2\/users\/2"}],"replies":[{"embeddable":true,"href":"https:\/\/www.europesays.com\/no\/wp-json\/wp\/v2\/comments?post=135276"}],"version-history":[{"count":0,"href":"https:\/\/www.europesays.com\/no\/wp-json\/wp\/v2\/posts\/135276\/revisions"}],"wp:featuredmedia":[{"embeddable":true,"href":"https:\/\/www.europesays.com\/no\/wp-json\/wp\/v2\/media\/135277"}],"wp:attachment":[{"href":"https:\/\/www.europesays.com\/no\/wp-json\/wp\/v2\/media?parent=135276"}],"wp:term":[{"taxonomy":"category","embeddable":true,"href":"https:\/\/www.europesays.com\/no\/wp-json\/wp\/v2\/categories?post=135276"},{"taxonomy":"post_tag","embeddable":true,"href":"https:\/\/www.europesays.com\/no\/wp-json\/wp\/v2\/tags?post=135276"}],"curies":[{"name":"wp","href":"https:\/\/api.w.org\/{rel}","templated":true}]}}