{"id":135284,"date":"2026-01-12T08:58:07","date_gmt":"2026-01-12T08:58:07","guid":{"rendered":"https:\/\/www.europesays.com\/no\/135284\/"},"modified":"2026-01-12T08:58:07","modified_gmt":"2026-01-12T08:58:07","slug":"daniel-mistet-uerstattelige-verdier-i-brann-i-varteig-nrk-ostfold-lokale-nyheter-tv-og-radio","status":"publish","type":"post","link":"https:\/\/www.europesays.com\/no\/135284\/","title":{"rendered":"Daniel mistet uerstattelige verdier i brann i Varteig \u2013 NRK \u00d8stfold \u2013 Lokale nyheter, TV og radio"},"content":{"rendered":"<p>Saken oppsummert:<\/p>\n<ul>\n<li>Daniel mistet biler, motorsykler og deler verdt n\u00e6r \u00e9n million kroner i en garasjebrann i Sarpsborg.<\/li>\n<li>En av bilene, en original Ford Escort fra 60-tallet, var den eneste av sitt slag i Europa.<\/li>\n<li>Det meste av det som gikk tapt, inkludert biler, motorsykler og deler, var ikke forsikret.<\/li>\n<li>Ingen personer ble skadet i brannen, men flere beboere i n\u00e6rheten ble evakuert p\u00e5 grunn av frykt for gassflasker.<\/li>\n<li>Brann\u00e5rsaken er forel\u00f8pig ukjent.<\/li>\n<\/ul>\n<p>Oppsummeringen er laget av en KI-tjeneste fra OpenAI. Innholdet er kvalitetssikret av NRKs journalister f\u00f8r publisering.<\/p>\n<p><strong>\u2013 Jeg har mest lyst til \u00e5 grine.<\/strong><\/p>\n<p>Daniel st\u00e5r og ser fortvilet p\u00e5 flammene som sluker garasjebygget foran ham, for det vil v\u00e6re umulig \u00e5 redde alt han har der inne.<\/p>\n<p>Han mener det er verdier for n\u00e6rmere \u00e9n million kroner som g\u00e5r opp i r\u00f8yk i garasjeanlegget i Varteig i Sarpsborg s\u00f8ndag kveld.<\/p>\n<p>Daniel \u00f8nsker ikke at NRK bruker etternavnet hans i saken.<\/p>\n<p><img decoding=\"async\"   src=\"data:image\/gif;base64,R0lGODlhAQABAIAAAAAAAP\/\/\/yH5BAEAAAAALAAAAAABAAEAAAIBRAA7\" loading=\"eager\" alt=\"Et bygg er i brann, med flammer synlige fra vinduene. R\u00f8yk fyller omr\u00e5det, og det er sn\u00f8 p\u00e5 bakken. Ingen personer er synlige i bildet. Det er vinter. \" title=\"Foto: Rahand Bazaz \/ NRK\"\/><\/p>\n<p class=\"\">De som bodde i bygget meldte fra om brannen. <\/p>\n<p>Foto: Rahand Bazaz \/ NRK<\/p>\n<p>Den eneste av sitt slag<\/p>\n<p>Garasjen hadde Daniel leid siden 2006 for \u00e5 drive med hobbyen sin \u2013 \u00e5 skru p\u00e5 biler og motorsykler.<\/p>\n<p>N\u00e5 er alt borte.<\/p>\n<p>Han forteller at han hadde samlet deler i \u00e5revis, og at det sto fire motorsykler og fire-fem biler i bygget. En av bilene kan han aldri erstatte.<\/p>\n<p><strong>\u2013 Den ene bilen som st\u00e5r der inne finnes det nok ikke lik av i hele Europa, mener Daniel. <\/strong><\/p>\n<p>Han snakker om en gammel Ford Escort. Daniel forteller at bilen hans er den f\u00f8rste modellen fra det f\u00f8rste produksjons\u00e5ret, og at den kun har hatt \u00e9n eier f\u00f8r ham.<\/p>\n<p><strong>\u2013 Den er helt original. <\/strong><\/p>\n<p>Han mener bilen var verdt flere hundre tusen kroner.<\/p>\n<p>Ikke forsikret<\/p>\n<p>Den eneste bilen Daniel har forsikret er den uerstattelige Escorten.<\/p>\n<p>Han sier problemet er at man ikke har forsikring p\u00e5 biler man driver og skrur p\u00e5.<\/p>\n<p>Heller ikke motorsyklene og alt av deler og verkt\u00f8y er forsikret, og det blir vanskelig \u00e5 finne maken til delene han har brukt \u00e5revis p\u00e5 \u00e5 samle.<\/p>\n<p><strong>\u2013 Deler til gamle 60- og 70-tallsbiler er ikke noe som vokser p\u00e5 tr\u00e6r.<\/strong><\/p>\n<p><img decoding=\"async\"   src=\"data:image\/gif;base64,R0lGODlhAQABAIAAAAAAAP\/\/\/yH5BAEAAAAALAAAAAABAAEAAAIBRAA7\" loading=\"eager\" alt=\"Brann i bygning med flammer som stiger opp fra vinduer. R\u00f8yk fyller omr\u00e5det, og brannmannskap arbeider i n\u00e6rheten. Flere personer, trolig brannfolk, observerer situasjonen fra avstand. Omgivelsene er svakt belyst av flammene. \" title=\"Foto: Rahand Bazaz \/ NRK\"\/><\/p>\n<p class=\"\">Flammen slukte alt i garasjebygget. <\/p>\n<p>Foto: Rahand Bazaz \/ NRK<\/p>\n<p>Flere ble evakuert<\/p>\n<p>Ronny Samuelsen, operasjonsleder i \u00d8st politidistrikt, forteller at ingen kom til skade i brannen, og at de som bodde i leilighetene som var i bygget evakuerte seg selv.<\/p>\n<p>Det var ogs\u00e5 de som meldte fra om brannen.<\/p>\n<p>Samuelsen sier at det en stund var det snakk om at det kunne v\u00e6re store gassflasker i bygget, s\u00e5 husene i en radius p\u00e5 300 meter rundt brannstedet ble evakuert.<\/p>\n<p>Det viste seg at det kun var snakk om sm\u00e5 gassbeholdere, s\u00e5 faregraden ble nedjustert ganske raskt.<\/p>\n<p>Per n\u00e5 vet ikke politiet hva brann\u00e5rsaken er.<\/p>\n<p>Publisert<\/p>\n<p>12.01.2026, kl. 07.59<\/p>\n","protected":false},"excerpt":{"rendered":"Saken oppsummert: Daniel mistet biler, motorsykler og deler verdt n\u00e6r \u00e9n million kroner i en garasjebrann i Sarpsborg.&hellip;\n","protected":false},"author":2,"featured_media":135285,"comment_status":"","ping_status":"","sticky":false,"template":"","format":"standard","meta":{"footnotes":""},"categories":[10],"tags":[20,21,24,25,15,22,23,13,30,28,29,14,16,26,27],"class_list":{"0":"post-135284","1":"post","2":"type-post","3":"status-publish","4":"format-standard","5":"has-post-thumbnail","7":"category-norge","8":"tag-breaking-news","9":"tag-breakingnews","10":"tag-featured-news","11":"tag-featurednews","12":"tag-headlines","13":"tag-latest-news","14":"tag-latestnews","15":"tag-news","16":"tag-no","17":"tag-norge","18":"tag-norway","19":"tag-nyheter","20":"tag-overskrifter","21":"tag-top-stories","22":"tag-topstories"},"share_on_mastodon":{"url":"https:\/\/pubeurope.com\/@no\/115881305929632106","error":""},"_links":{"self":[{"href":"https:\/\/www.europesays.com\/no\/wp-json\/wp\/v2\/posts\/135284","targetHints":{"allow":["GET"]}}],"collection":[{"href":"https:\/\/www.europesays.com\/no\/wp-json\/wp\/v2\/posts"}],"about":[{"href":"https:\/\/www.europesays.com\/no\/wp-json\/wp\/v2\/types\/post"}],"author":[{"embeddable":true,"href":"https:\/\/www.europesays.com\/no\/wp-json\/wp\/v2\/users\/2"}],"replies":[{"embeddable":true,"href":"https:\/\/www.europesays.com\/no\/wp-json\/wp\/v2\/comments?post=135284"}],"version-history":[{"count":0,"href":"https:\/\/www.europesays.com\/no\/wp-json\/wp\/v2\/posts\/135284\/revisions"}],"wp:featuredmedia":[{"embeddable":true,"href":"https:\/\/www.europesays.com\/no\/wp-json\/wp\/v2\/media\/135285"}],"wp:attachment":[{"href":"https:\/\/www.europesays.com\/no\/wp-json\/wp\/v2\/media?parent=135284"}],"wp:term":[{"taxonomy":"category","embeddable":true,"href":"https:\/\/www.europesays.com\/no\/wp-json\/wp\/v2\/categories?post=135284"},{"taxonomy":"post_tag","embeddable":true,"href":"https:\/\/www.europesays.com\/no\/wp-json\/wp\/v2\/tags?post=135284"}],"curies":[{"name":"wp","href":"https:\/\/api.w.org\/{rel}","templated":true}]}}