{"id":135286,"date":"2026-01-12T08:59:10","date_gmt":"2026-01-12T08:59:10","guid":{"rendered":"https:\/\/www.europesays.com\/no\/135286\/"},"modified":"2026-01-12T08:59:10","modified_gmt":"2026-01-12T08:59:10","slug":"full-fyr-i-bat-i-afjord-oppretter-sikkerhetssone-pa-300-meter-nrk-trondelag-lokale-nyheter-tv-og-radio","status":"publish","type":"post","link":"https:\/\/www.europesays.com\/no\/135286\/","title":{"rendered":"Full fyr i b\u00e5t i \u00c5fjord \u2013 oppretter sikkerhetssone p\u00e5 300 meter \u2013 NRK Tr\u00f8ndelag \u2013 Lokale nyheter, TV og radio"},"content":{"rendered":"<p>\u2013 Meldt om st\u00f8rre b\u00e5t som brenner. Det skal ikke v\u00e6re personer i n\u00e6rheten, opplyser operasjonsleder Bj\u00f8rnar Gaasvik.<\/p>\n<p>B\u00e5ten ligger til kai og det if\u00f8lge vitner full overtenning, forteller Gaasvik.<\/p>\n<p><strong>Det er opprettet en sikkerhetsavstand p\u00e5 300 meter fra b\u00e5ten.<\/strong><\/p>\n<p>\u2013 Det er rapportert at det kan v\u00e6re nitrogen i b\u00e5ten og derfor setter vi en sikkerhetsavstand p\u00e5 stedet, forteller K\u00e5re Peder Norvik ved 110-sentralen.<\/p>\n<p>Politiet oppfordrer hus i n\u00e6rheten til \u00e5 lukke vindunene.<\/p>\n<p>\u2013 Det er per n\u00e5 ikke behov for evakuering av hus i n\u00e6rheten, forteller Gaasvik.<\/p>\n<p>H\u00f8ye smell<\/p>\n<p>If\u00f8lge Norvik er b\u00e5ten en dykkerb\u00e5t og inneholder nitrogentanker.<\/p>\n<p><strong>\u2013 Er den i gassbeholder, som den mest sannsynlig er, s\u00e5 kan det v\u00e6re fare for at den eksploderer, for da er den under trykk.<\/strong><\/p>\n<p>7.43 opplyser politiet at det er h\u00f8rt h\u00f8ye smell p\u00e5 stedet.<\/p>\n<p><strong>\u2013 Det er h\u00f8rt h\u00f8ye smell som trolig skyldes at noen av disse har eksplodert.<\/strong><\/p>\n<p>Brannvesen er p\u00e5 stedet og har startet slukkingsarbeidet.<\/p>\n<p>Publisert<\/p>\n<p>12.01.2026, kl. 07.26<\/p>\n<p>Oppdatert<\/p>\n<p>12.01.2026, kl. 08.48<\/p>\n","protected":false},"excerpt":{"rendered":"\u2013 Meldt om st\u00f8rre b\u00e5t som brenner. Det skal ikke v\u00e6re personer i n\u00e6rheten, opplyser operasjonsleder Bj\u00f8rnar Gaasvik.&hellip;\n","protected":false},"author":2,"featured_media":135287,"comment_status":"","ping_status":"","sticky":false,"template":"","format":"standard","meta":{"footnotes":""},"categories":[5],"tags":[20,21,24,25,15,19,22,23,17,18,13,30,28,29,14,16,26,27],"class_list":{"0":"post-135286","1":"post","2":"type-post","3":"status-publish","4":"format-standard","5":"has-post-thumbnail","7":"category-overskrifter","8":"tag-breaking-news","9":"tag-breakingnews","10":"tag-featured-news","11":"tag-featurednews","12":"tag-headlines","13":"tag-hovedoppslag","14":"tag-latest-news","15":"tag-latestnews","16":"tag-main-news","17":"tag-mainnews","18":"tag-news","19":"tag-no","20":"tag-norge","21":"tag-norway","22":"tag-nyheter","23":"tag-overskrifter","24":"tag-top-stories","25":"tag-topstories"},"share_on_mastodon":{"url":"https:\/\/pubeurope.com\/@no\/115881309906946451","error":""},"_links":{"self":[{"href":"https:\/\/www.europesays.com\/no\/wp-json\/wp\/v2\/posts\/135286","targetHints":{"allow":["GET"]}}],"collection":[{"href":"https:\/\/www.europesays.com\/no\/wp-json\/wp\/v2\/posts"}],"about":[{"href":"https:\/\/www.europesays.com\/no\/wp-json\/wp\/v2\/types\/post"}],"author":[{"embeddable":true,"href":"https:\/\/www.europesays.com\/no\/wp-json\/wp\/v2\/users\/2"}],"replies":[{"embeddable":true,"href":"https:\/\/www.europesays.com\/no\/wp-json\/wp\/v2\/comments?post=135286"}],"version-history":[{"count":0,"href":"https:\/\/www.europesays.com\/no\/wp-json\/wp\/v2\/posts\/135286\/revisions"}],"wp:featuredmedia":[{"embeddable":true,"href":"https:\/\/www.europesays.com\/no\/wp-json\/wp\/v2\/media\/135287"}],"wp:attachment":[{"href":"https:\/\/www.europesays.com\/no\/wp-json\/wp\/v2\/media?parent=135286"}],"wp:term":[{"taxonomy":"category","embeddable":true,"href":"https:\/\/www.europesays.com\/no\/wp-json\/wp\/v2\/categories?post=135286"},{"taxonomy":"post_tag","embeddable":true,"href":"https:\/\/www.europesays.com\/no\/wp-json\/wp\/v2\/tags?post=135286"}],"curies":[{"name":"wp","href":"https:\/\/api.w.org\/{rel}","templated":true}]}}