{"id":135290,"date":"2026-01-12T09:06:08","date_gmt":"2026-01-12T09:06:08","guid":{"rendered":"https:\/\/www.europesays.com\/no\/135290\/"},"modified":"2026-01-12T09:06:08","modified_gmt":"2026-01-12T09:06:08","slug":"trafikk-ver-snoskred-stengde-vegar-og-fjellovergangar","status":"publish","type":"post","link":"https:\/\/www.europesays.com\/no\/135290\/","title":{"rendered":"Trafikk, Ver | Sn\u00f8skred, stengde vegar og fjellovergangar"},"content":{"rendered":"\n<p>Eit sn\u00f8skred sperrar fv. 5723 ved Merkingsgj\u00f8let i Lodalen. Skredet blei meldt inn til Vegtrafikksentralen klokka 07:15. <\/p>\n<p>\u2013 Skredet har g\u00e5tt over vegen og sperrar for trafikken. Entrepren\u00f8r er varsla og p\u00e5 veg til staden, seier trafikkoperat\u00f8r Tor Evensen til Firda. <\/p>\n<p>P\u00e5 fv. 616 mellom Davik og Rugsund skal eit tre ha falle ut i vegbana og hindrar trafikk i eit k\u00f8yrefelt. Ogs\u00e5 her er entrepren\u00f8r varsla og p\u00e5 veg. <\/p>\n<p>V\u00earforholda p\u00e5verkar ogs\u00e5 ferjesambandet Isane-St\u00e5rheim. Fleire avgangar har blitt kansellerte p\u00e5 morgonkvisten, og Evensen ber reisande om \u00e5 f\u00f8lge med p\u00e5 trafikkmeldingar gjennom dagen. <\/p>\n<p>\u2013 Elles gir kraftig vind i kombinasjon med sn\u00f8 krevjande k\u00f8yreforhold ved fleire fjellovergangar, seier Evensen. <\/p>\n<p><b>B\u00e5de Hol-Aurland og Vikafjellet er stengt. Det er ogs\u00e5 kolonnek\u00f8yring over Hardangervidda og Haukelifjell.<\/b><\/p>\n","protected":false},"excerpt":{"rendered":"Eit sn\u00f8skred sperrar fv. 5723 ved Merkingsgj\u00f8let i Lodalen. Skredet blei meldt inn til Vegtrafikksentralen klokka 07:15. \u2013&hellip;\n","protected":false},"author":2,"featured_media":231,"comment_status":"","ping_status":"","sticky":false,"template":"","format":"standard","meta":{"footnotes":""},"categories":[10],"tags":[36,20,21,24,25,15,22,23,13,30,5268,28,29,14,16,1510,26,27,224,8543],"class_list":{"0":"post-135290","1":"post","2":"type-post","3":"status-publish","4":"format-standard","5":"has-post-thumbnail","7":"category-norge","8":"tag-art","9":"tag-breaking-news","10":"tag-breakingnews","11":"tag-featured-news","12":"tag-featurednews","13":"tag-headlines","14":"tag-latest-news","15":"tag-latestnews","16":"tag-news","17":"tag-no","18":"tag-nordfjord","19":"tag-norge","20":"tag-norway","21":"tag-nyheter","22":"tag-overskrifter","23":"tag-story","24":"tag-top-stories","25":"tag-topstories","26":"tag-trafikk","27":"tag-ver"},"share_on_mastodon":{"url":"https:\/\/pubeurope.com\/@no\/115881337487750003","error":""},"_links":{"self":[{"href":"https:\/\/www.europesays.com\/no\/wp-json\/wp\/v2\/posts\/135290","targetHints":{"allow":["GET"]}}],"collection":[{"href":"https:\/\/www.europesays.com\/no\/wp-json\/wp\/v2\/posts"}],"about":[{"href":"https:\/\/www.europesays.com\/no\/wp-json\/wp\/v2\/types\/post"}],"author":[{"embeddable":true,"href":"https:\/\/www.europesays.com\/no\/wp-json\/wp\/v2\/users\/2"}],"replies":[{"embeddable":true,"href":"https:\/\/www.europesays.com\/no\/wp-json\/wp\/v2\/comments?post=135290"}],"version-history":[{"count":0,"href":"https:\/\/www.europesays.com\/no\/wp-json\/wp\/v2\/posts\/135290\/revisions"}],"wp:featuredmedia":[{"embeddable":true,"href":"https:\/\/www.europesays.com\/no\/wp-json\/wp\/v2\/media\/231"}],"wp:attachment":[{"href":"https:\/\/www.europesays.com\/no\/wp-json\/wp\/v2\/media?parent=135290"}],"wp:term":[{"taxonomy":"category","embeddable":true,"href":"https:\/\/www.europesays.com\/no\/wp-json\/wp\/v2\/categories?post=135290"},{"taxonomy":"post_tag","embeddable":true,"href":"https:\/\/www.europesays.com\/no\/wp-json\/wp\/v2\/tags?post=135290"}],"curies":[{"name":"wp","href":"https:\/\/api.w.org\/{rel}","templated":true}]}}