{"id":135295,"date":"2026-01-12T09:09:12","date_gmt":"2026-01-12T09:09:12","guid":{"rendered":"https:\/\/www.europesays.com\/no\/135295\/"},"modified":"2026-01-12T09:09:12","modified_gmt":"2026-01-12T09:09:12","slug":"uventet-champagne-tabbe-pa-pernilla-wahlgrens-nyttarsfest-i-marbella","status":"publish","type":"post","link":"https:\/\/www.europesays.com\/no\/135295\/","title":{"rendered":"Uventet champagne-tabbe p\u00e5 Pernilla Wahlgrens nytt\u00e5rsfest i Marbella"},"content":{"rendered":"<p class=\"kicker \" style=\"\">Pernilla Wahlgren<\/p>\n<p>    Alt gikk ikke helt etter planen da den svenske artisten skulle feire med kj\u00e6resten og venner.<\/p>\n<p>\n    MARBELLA: Pernilla Wahlgren og ektemannen Christian Bauer tilbragte nytt\u00e5rsaften i luksusvillaen sin Casa Pi\u00f1a. Foto: Skjermbilde: @pernillawahlgren \/ Instagram\n  <\/p>\n<p id=\"text\" class=\"svelte-1bgec1z\">I samarbeid med<\/p>\n<p>     <img decoding=\"async\" src=\"https:\/\/www.europesays.com\/no\/wp-content\/uploads\/2025\/12\/fishermansFriend.png\" alt=\"kommersiell logo\" class=\"svelte-1bgec1z\"\/>          <\/p>\n<p>Nytt\u00e5rsaften er for mange en festdag hvor finstasen kommer p\u00e5, champagnen sprettes og venner samles for \u00e5 feire det gamle \u00e5ret og \u00f8nske det nye velkommen.<\/p>\n<p>    <a itemprop=\"url\" href=\"https:\/\/www.seher.no\/kjendis\/river-opp-gamle-sar\/83931415\" rel=\"nofollow noopener\" target=\"_blank\"><\/p>\n<p>        <img loading=\"lazy\" decoding=\"async\" src=\"https:\/\/www.europesays.com\/no\/wp-content\/uploads\/2026\/01\/83933066.webp.webp\" width=\"980\" height=\"441\" title=\"- River opp gamle s\u00e5r\" alt=\"\" class=\"lazyload\" style=\"--aspect-ratio-image: 2.22; \"\/><\/p>\n<p>        &#8211; River opp gamle s\u00e5r<\/p>\n<p>    <\/a><\/p>\n<p>Det gjorde ogs\u00e5 artisten og realitystjernen Pernilla Wahlgren (58). Hun og kj\u00e6resten Christian Bauer (59) tilbragte nytt\u00e5rsaften i sin luksusvilla Casa Pi\u00f1a i Marbella.<\/p>\n<p>        SETTES UT: Emil Gukild og Simon Nitsche prater om den ukjente fortiden. Video: Student-TV i Volda, R\u00f8d L\u00f8per\/ Nora Skavhaug\/ Thea Hope<\/p>\n<p class=\"font-weight-bold m-font-weight-bold\" data-lab-font_weight=\"font-weight-bold\">Men midt under feiringen skjedde det noe uventet.<\/p>\n<p class=\"font-weight-normal m-font-weight-normal\" data-lab-font_weight=\"font-weight-normal\">P\u00e5 <a href=\"https:\/\/www.instagram.com\/p\/DTAmVAljKkv\/?img_index=1\" rel=\"nofollow noopener\" target=\"_blank\">Instagram<\/a>\u00a0deler 58-\u00e5ringen bilder fra den glamor\u00f8se festen. P\u00e5 bildene ser man hvordan paret og vennene nyter en flott nytt\u00e5rsmiddag.<\/p>\n<p class=\"font-weight-normal m-font-weight-normal\" data-lab-font_weight=\"font-weight-normal\">Men champagnen skulle vise seg \u00e5 by p\u00e5 en uforutsett utfordring.<\/p>\n<p>    <a itemprop=\"url\" href=\"https:\/\/www.seher.no\/kjendis\/vil-ga-i-parterapi\/83599498\" rel=\"nofollow noopener\" target=\"_blank\"><\/p>\n<p>        <img loading=\"lazy\" decoding=\"async\" src=\"https:\/\/www.europesays.com\/no\/wp-content\/uploads\/2026\/01\/83599852.webp.webp\" width=\"980\" height=\"441\" title=\"Vil g\u00e5 i parterapi\" alt=\"\" class=\"lazyload\" style=\"--aspect-ratio-image: 2.22; \"\/><\/p>\n<p>        Vil g\u00e5 i parterapi<\/p>\n<p>    <\/a><\/p>\n<p>\u00abChurchill sa jo at champagne skal v\u00e6re t\u00f8rr, kald og gratis. V\u00e5r champagne var alt dette &#8211; bortsett fra gratis- noe man nesten kunne tro da alle flaskene fortsatt hadde alarmene p\u00e5 da vi \u00e5pnet eskene hjemme\u00bb, skriver Wahlgren i innlegget p\u00e5 Instagram.<\/p>\n<p>        INTIME SP\u00d8RSM\u00c5L: Reporterne i \u00abA-laget\u00bb overrasker programleder Leo Ajkic med sp\u00f8rsm\u00e5l om b\u00e5de hans egen, og kj\u00e6restens, bakdel. Video: \u00abA-laget\u00bb\/ NRK TV\/ Sanne Holt\/ R\u00f8d L\u00f8per<\/p>\n<p>P\u00e5 bildene kan man tydelig se de dyre Taittinger-flaskene med tyverialarmene fortsatt festet p\u00e5.<\/p>\n<p>        <img loading=\"lazy\" decoding=\"async\" src=\"https:\/\/www.europesays.com\/no\/wp-content\/uploads\/2026\/01\/84053444.webp.webp\" width=\"667\" height=\"667\" title=\"ALARM: Ekteparet fikk seg en overraskelse da de s\u00e5 at tyverialarmene fortsatt var festet p\u00e5 champagneflaskene da de \u00e5pnet eskene hjemme. Foto: Instagram \/ @pernillawahlgren\" alt=\"\" class=\"\" style=\"--aspect-ratio-image: 1.00; \"\/><\/p>\n<p>\n        ALARM: Ekteparet fikk seg en overraskelse da de s\u00e5 at tyverialarmene fortsatt var festet p\u00e5 champagneflaskene da de \u00e5pnet eskene hjemme. Foto: Instagram \/ @pernillawahlgren\n    <\/p>\n<p>\u00abHeldigvis lot de seg \u00e5pne likevel\u00bb, legger hun til.<\/p>\n<p>Til tross for champagne-tabben ser det likevel ut til at Wahlgren og resten av selskapet hadde en fin nytt\u00e5rsfeiring.\u00a0<\/p>\n<p>      <script async src=\"\/\/www.instagram.com\/embed.js\"><\/script><\/p>\n","protected":false},"excerpt":{"rendered":"Pernilla Wahlgren Alt gikk ikke helt etter planen da den svenske artisten skulle feire med kj\u00e6resten og venner.&hellip;\n","protected":false},"author":2,"featured_media":135296,"comment_status":"","ping_status":"","sticky":false,"template":"","format":"standard","meta":{"footnotes":""},"categories":[58],"tags":[5931,71,479,2543,30,28,29,4013,72,4017],"class_list":{"0":"post-135295","1":"post","2":"type-post","3":"status-publish","4":"format-standard","5":"has-post-thumbnail","7":"category-underholdning","8":"tag-christian-bauer","9":"tag-entertainment","10":"tag-kjendis","11":"tag-kjendisdesken","12":"tag-no","13":"tag-norge","14":"tag-norway","15":"tag-pernilla-wahlgren","16":"tag-underholdning","17":"tag-wahlgrens-varld"},"share_on_mastodon":{"url":"https:\/\/pubeurope.com\/@no\/115881349241043313","error":""},"_links":{"self":[{"href":"https:\/\/www.europesays.com\/no\/wp-json\/wp\/v2\/posts\/135295","targetHints":{"allow":["GET"]}}],"collection":[{"href":"https:\/\/www.europesays.com\/no\/wp-json\/wp\/v2\/posts"}],"about":[{"href":"https:\/\/www.europesays.com\/no\/wp-json\/wp\/v2\/types\/post"}],"author":[{"embeddable":true,"href":"https:\/\/www.europesays.com\/no\/wp-json\/wp\/v2\/users\/2"}],"replies":[{"embeddable":true,"href":"https:\/\/www.europesays.com\/no\/wp-json\/wp\/v2\/comments?post=135295"}],"version-history":[{"count":0,"href":"https:\/\/www.europesays.com\/no\/wp-json\/wp\/v2\/posts\/135295\/revisions"}],"wp:featuredmedia":[{"embeddable":true,"href":"https:\/\/www.europesays.com\/no\/wp-json\/wp\/v2\/media\/135296"}],"wp:attachment":[{"href":"https:\/\/www.europesays.com\/no\/wp-json\/wp\/v2\/media?parent=135295"}],"wp:term":[{"taxonomy":"category","embeddable":true,"href":"https:\/\/www.europesays.com\/no\/wp-json\/wp\/v2\/categories?post=135295"},{"taxonomy":"post_tag","embeddable":true,"href":"https:\/\/www.europesays.com\/no\/wp-json\/wp\/v2\/tags?post=135295"}],"curies":[{"name":"wp","href":"https:\/\/api.w.org\/{rel}","templated":true}]}}