{"id":135303,"date":"2026-01-12T09:19:10","date_gmt":"2026-01-12T09:19:10","guid":{"rendered":"https:\/\/www.europesays.com\/no\/135303\/"},"modified":"2026-01-12T09:19:10","modified_gmt":"2026-01-12T09:19:10","slug":"eide-i-et-iskaldt-ukraina-situasjonen-er-kritisk","status":"publish","type":"post","link":"https:\/\/www.europesays.com\/no\/135303\/","title":{"rendered":"Eide i et iskaldt Ukraina: \u2013 Situasjonen er kritisk"},"content":{"rendered":"\n<p class=\"_lead_o9xde_2 _lead_xtcu6_50 layout-component text-serif-m layout-normal text-serif-l layout-component layout-wide layout-padded _wide_17hqh_1 layout-padded\">I Kyiv viser gradestokken minus 18. Samtidig \u00f8ker russiske angrep p\u00e5 str\u00f8m- og varmeforsyningen. I dag er utenriksminister Espen Barth Eide i hovedstaden for \u00e5 dele ut milliarder i krisest\u00f8tte.<\/p>\n<p><img alt=\"Espen Barth Eide mens toget passerer en stasjon som ble bombet f\u00f8r jul. Foto: Espen Rasmussen\" class=\"_image_qp4xg_65 layout-component layout-wide\" data-fullscreen- data-track-element-type=\"Article image fullscreen\" data-track-name=\"ImageFullscreen\" fetchpriority=\"high\" decoding=\"sync\" loading=\"eager\" height=\"5564\" itemprop=\"image\"  src=\"https:\/\/www.europesays.com\/no\/wp-content\/uploads\/2026\/01\/cd6738b5-d47d-43bf-a3eb-41e7f2d9ccfa.png\"  style=\"object-position:0% 0%\" width=\"7419\"\/>Espen Barth Eide mens toget passerer en stasjon som ble bombet f\u00f8r jul. Foto: Espen Rasmussen<\/p>\n<ul aria-hidden=\"true\" class=\"_images_ntbth_112\">\n<li><a class=\"_link_ntbth_117\" href=\"https:\/\/www.vg.no\/forfatter\/espen-rasmussen-2\" style=\"z-index:1\" title=\"Espen Rasmussen\" rel=\"nofollow noopener\" target=\"_blank\"><img alt=\"Bilde av Espen Rasmussen\" class=\"_image_ntbth_93\" fetchpriority=\"low\" loading=\"lazy\" decoding=\"async\" itemprop=\"image\"  src=\"https:\/\/www.europesays.com\/no\/wp-content\/uploads\/2026\/01\/9e07ea87-bca1-4760-986f-5788e43af739.png\"  width=\"480\"\/><\/a><\/li>\n<\/ul>\n<p>Rapporterer fra Kyiv, Ukraina Oppdatert mandag 12. januar kl. 09:56    <\/p>\n<ul class=\"_list_o9xde_3 _list_64s2r_85 _unordered_o9xde_106 text-sans-m\">\n<li class=\"_item_o9xde_30\">Eide er i Kyiv for \u00e5 kunngj\u00f8re en krisepakke p\u00e5 fire milliarder kroner til energisektoren og drift av den ukrainske staten.<\/li>\n<li class=\"_item_o9xde_30\">Halve byen var uten oppvarming etter russiske angrep.<\/li>\n<li class=\"_item_o9xde_30\">Eide understreker nulltoleranse for korrupsjon og god kontroll med midlene.<\/li>\n<\/ul>\n<p>Vis mer <\/p>\n<p class=\"_paragraph_o9xde_4 _paragraph_xtcu6_10 layout-component text-serif-m layout-normal text-serif-m layout-padded\">I natt satt Eide p\u00e5 toget p\u00e5 vei fra Polen til Kyiv, og forberedte seg til m\u00f8tene han skal ha i byen i dag. Noe av det viktigste er kunngj\u00f8ringen av fire milliarder kroner i krisepakke til energi og drift av den ukrainske staten.<\/p>\n<p class=\"_paragraph_o9xde_4 _paragraph_xtcu6_10 layout-component text-serif-m layout-normal text-serif-m layout-padded\">\u2013 Det er sv\u00e6rt kaldt i Ukraina n\u00e5. N\u00e5r str\u00f8mmen kommer og g\u00e5r p\u00e5 grunn av de russiske angrepene, s\u00e5 er det sv\u00e6rt alvorlig for folk som stort sett bor i blokkleiligheter. Der har de ingen alternative oppvarmingskilder, sier Eide til VG.<\/p>\n<p class=\"_paragraph_o9xde_4 _paragraph_xtcu6_10 layout-component text-serif-m layout-normal text-serif-m layout-padded\">\u2013 Man kan jo bare tenke seg hvordan det er n\u00e5r gradestokken viser ned mot minus 20 og str\u00f8mmen forsvinner.<\/p>\n<p><img alt=\"Eide og f\u00f8lget tok toget fra Polen mot Kyiv s\u00f8ndag kveld.   Foto: Espen Rasmussen\" class=\"_image_qp4xg_65 layout-component layout-normal\" data-fullscreen- data-track-element-type=\"Article image fullscreen\" data-track-name=\"ImageFullscreen\" decoding=\"async\" loading=\"lazy\" height=\"5183\" itemprop=\"image\"  src=\"https:\/\/www.europesays.com\/no\/wp-content\/uploads\/2026\/01\/66d502f3-d010-42cc-8c12-5f57984fd623.jpeg\"  style=\"object-position:0% 0%\" width=\"6911\"\/>Eide og f\u00f8lget tok toget fra Polen mot Kyiv s\u00f8ndag kveld.   Foto: Espen Rasmussen Trappet betydelig opp<\/p>\n<p class=\"_paragraph_o9xde_4 _paragraph_xtcu6_10 layout-component text-serif-m layout-normal text-serif-m layout-padded\">Norge har jevnlig dialog med myndighetene i Kyiv og andre akt\u00f8rer om hvordan norsk st\u00f8tte til energisektoren skal fordeles. M\u00e5let er \u00e5 im\u00f8tekomme ukrainske behov og fordele risiko. Det er viktig \u00e5 opprettholde energiproduksjonen og styrke b\u00e6rekraften i energiproduksjonen.<\/p>\n<p class=\"_paragraph_o9xde_4 _paragraph_xtcu6_10 layout-component text-serif-m layout-normal text-serif-m layout-padded\">\u2013 Russland angriper infrastruktur, som elektrisitet, for \u00e5 svekke kampmoralen. Det har Putin holdt p\u00e5 med lenge. Men n\u00e5 er disse angrepene trappet betydelig opp, sier han.<\/p>\n<p> 500.000 uten str\u00f8m<\/p>\n<p class=\"_paragraph_o9xde_4 _paragraph_xtcu6_10 layout-component text-serif-m layout-normal text-serif-m layout-padded\">Fredag ble minst fire mennesker drept og 22 skadet i Kyiv etter at 36 missiler og mer enn 240 droner ble avfyrt fra Russland.<\/p>\n<p class=\"_paragraph_o9xde_4 _paragraph_xtcu6_10 layout-component text-serif-m layout-normal text-serif-m layout-padded\">Byens ordf\u00f8rer, Vitalij Klitsjko, sa at halvparten av byens leilighetsbygg var uten oppvarming, rundt 6000 bygninger og 500.000 mennesker, etter angrepet. Temperaturen var ned mot minus 11.<\/p>\n<p><img alt=\"En av bygningene som ble truffet i det russiske drone- og missilangrepet 9. januar.   Foto: Thomas Peter \/ Reuters \/ NTB\" class=\"_image_qp4xg_65 layout-component layout-normal\" data-fullscreen- data-track-element-type=\"Article image fullscreen\" data-track-name=\"ImageFullscreen\" decoding=\"async\" loading=\"lazy\" height=\"2050\" itemprop=\"image\"  src=\"https:\/\/www.europesays.com\/no\/wp-content\/uploads\/2026\/01\/40bb5835-8399-4ab9-a9bd-188c3bcfa92d.jpeg\"  style=\"object-position:0% 0%\" width=\"2733\"\/>En av bygningene som ble truffet i det russiske drone- og missilangrepet 9. januar.   Foto: Thomas Peter \/ Reuters \/ NTB<\/p>\n<p class=\"_paragraph_o9xde_4 _paragraph_xtcu6_10 layout-component text-serif-m layout-normal text-serif-m layout-padded\">Eide understreker at ukrainerne er blitt veldig gode til \u00e5 finne l\u00f8sninger og raskt f\u00e5 forsyningen p\u00e5 plass igjen.<\/p>\n<p class=\"_paragraph_o9xde_4 _paragraph_xtcu6_10 layout-component text-serif-m layout-normal text-serif-m layout-padded\">\u2013 Men det er grenser for hva man kan f\u00e5 til. De trenger det som raskest kan omsettes til str\u00f8m, og det er gass. De trenger dette n\u00e5 med en gang, og st\u00f8tte til \u00e5 reparere \u00f8delagt infrastruktur, sier utenriksministeren.<\/p>\n<p class=\"_paragraph_o9xde_4 _paragraph_xtcu6_10 layout-component text-serif-m layout-normal text-serif-m layout-padded\">Krisepakken deles mellom energisektoren og drift av den ukrainske staten. Det er enighet om et stort l\u00e5n fra EU, men det tar tid f\u00f8r pengene kommer.<\/p>\n<p><img alt=\"Det er sv\u00e6rt kaldt i Kyiv n\u00e5. Fra togvinduet inn mot hovedstaden mandag morgen.   Foto: Espen Rasmussen\" class=\"_image_qp4xg_65 layout-component layout-normal\" data-fullscreen- data-track-element-type=\"Article image fullscreen\" data-track-name=\"ImageFullscreen\" decoding=\"async\" loading=\"lazy\" height=\"5554\" itemprop=\"image\"  src=\"https:\/\/www.europesays.com\/no\/wp-content\/uploads\/2026\/01\/128bdeb1-b350-4f90-bba3-70819b75601a.jpeg\"  style=\"object-position:0% 0%\" width=\"7406\"\/>Det er sv\u00e6rt kaldt i Kyiv n\u00e5. Fra togvinduet inn mot hovedstaden mandag morgen.   Foto: Espen Rasmussen To milliarder til drift<\/p>\n<p class=\"_paragraph_o9xde_4 _paragraph_xtcu6_10 layout-component text-serif-m layout-normal text-serif-m layout-padded\">\u2013 Vi gir to milliarder for \u00e5 drifte den sivile delen av staten. Norge er opptatt av \u00e5 h\u00f8re p\u00e5 hvilke behov Ukraina har. Og f\u00f8lge de signalene de gir. <\/p>\n<p class=\"_paragraph_o9xde_4 _paragraph_xtcu6_10 layout-component text-serif-m layout-normal text-serif-m layout-padded\">\u2013 Denne st\u00f8tten til budsjettet er viktig for at det skal v\u00e6re kontinuitet i tjenestene staten tilbyr mens de venter p\u00e5 det store l\u00e5net fra EU, sier Eide.<\/p>\n<p class=\"_paragraph_o9xde_4 _paragraph_xtcu6_10 layout-component text-serif-m layout-normal text-serif-m layout-padded\">\u2013 Krigen skjer ved fronten, men de fleste er sivile som skal ha muligheten til \u00e5 leve sine liv. Eldre skal f\u00e5 eldreomsorg, og unger skal g\u00e5 p\u00e5 skolen. Folk skal til fabrikken og butikken. Og da m\u00e5 statens \u00f8konomi kunne g\u00e5 rundt.<\/p>\n<p class=\"_paragraph_o9xde_4 _paragraph_xtcu6_10 layout-component text-serif-m layout-normal text-serif-m layout-padded\">Krisepakken er en del av Nansen-midlene fra Norge til Ukraina i 2026. Totalt skal det gis 15 milliarder kroner til sivil og humanit\u00e6r st\u00f8tte, mens 70 milliarder g\u00e5r til milit\u00e6r st\u00f8tte.<\/p>\n<p>Slik fordeles Nansen-st\u00f8tten i 2026:<\/p>\n<ul class=\"_list_o9xde_3 _list_xtcu6_9 _list_16v91_9 _unordered_o9xde_106 layout-component text-serif-m layout-normal text-sans-m layout-padded\">\n<li class=\"_item_o9xde_30\"><strong class=\"_strong_o9xde_25\">Energisikkerhet og energiforsyning, inkludert atomsikkerhet og kj\u00f8p av gass:<\/strong> 4,8 milliarder kroner.<\/li>\n<li class=\"_item_o9xde_30\"><strong class=\"_strong_o9xde_25\">Humanit\u00e6r bistand:<\/strong> 3,5 milliarder kroner.<\/li>\n<li class=\"_item_o9xde_30\"><strong class=\"_strong_o9xde_25\">Driftsst\u00f8tte til ukrainske myndigheter og gjenoppbygging:<\/strong> 4,0 milliarder kroner.<\/li>\n<li class=\"_item_o9xde_30\"><strong class=\"_strong_o9xde_25\">N\u00e6ringsutvikling, inkludert Norfund:<\/strong> 800 millioner kroner.<\/li>\n<li class=\"_item_o9xde_30\"><strong class=\"_strong_o9xde_25\">Sivilt samfunn, ansvarliggj\u00f8ring, styresett, reformer og sosial b\u00e6rekraft<\/strong>: 925 millioner kroner.<\/li>\n<li class=\"_item_o9xde_30\"><strong class=\"_strong_o9xde_25\">Moldova:<\/strong> 350 millioner kroner.<\/li>\n<\/ul>\n<p>Vis mer<\/p>\n<p class=\"_paragraph_o9xde_4 _paragraph_xtcu6_10 layout-component text-serif-m layout-normal text-serif-m layout-padded\">Eide sier det er viktig \u00e5 reise til Kyiv for \u00e5 annonsere st\u00f8tten:<\/p>\n<p class=\"_paragraph_o9xde_4 _paragraph_xtcu6_10 layout-component text-serif-m layout-normal text-serif-m layout-padded\">\u2013 Dette er jo et uttrykk for solidaritet, at man drar inn. Jeg tror ukrainerne ogs\u00e5 f\u00f8ler p\u00e5 at verden har fokus litt andre steder n\u00e5, med alt som skjer med blant annet Venezuela og Gr\u00f8nland. Da er det ekstra viktig \u00e5 synliggj\u00f8re at Norge og andre fortsatt st\u00f8tter ukrainerne. <\/p>\n<p class=\"_paragraph_o9xde_4 _paragraph_xtcu6_10 layout-component text-serif-m layout-normal text-serif-m layout-padded\">\u2013 For situasjonen er kritisk n\u00e5.<\/p>\n<p><img alt=\"Str\u00f8mbrudd i Kyiv etter angrepet 9. januar.  Foto: Yan Dobronosov \/ Reuters \/ NTB\" class=\"_image_qp4xg_65 layout-component layout-normal\" data-fullscreen- data-track-element-type=\"Article image fullscreen\" data-track-name=\"ImageFullscreen\" decoding=\"async\" loading=\"lazy\" height=\"3308\" itemprop=\"image\"  src=\"https:\/\/www.europesays.com\/no\/wp-content\/uploads\/2026\/01\/981c84fc-ef20-4efb-aa6c-a9eb962b39d6.jpeg\"  style=\"object-position:0% 0%\" width=\"4412\"\/>Str\u00f8mbrudd i Kyiv etter angrepet 9. januar.  Foto: Yan Dobronosov \/ Reuters \/ NTB Nulltoleranse for korrupsjon<\/p>\n<p class=\"_paragraph_o9xde_4 _paragraph_xtcu6_10 layout-component text-serif-m layout-normal text-serif-m layout-padded\">\u2013 Med store norske pengeoverf\u00f8ringer, og h\u00f8stens korrupsjonsskandaler i Ukraina, ser du p\u00e5 korrupsjon som er risiko?<\/p>\n<p class=\"_paragraph_o9xde_4 _paragraph_xtcu6_10 layout-component text-serif-m layout-normal text-serif-m layout-padded\">\u2013 Det er alltid en risiko n\u00e5r mye penger skifter eier p\u00e5 denne m\u00e5ten til et land i krig. Korrupsjonssaken i h\u00f8st viser to ting: Dette er en reell risiko, men det er viktig at det var ukrainske myndigheter som avsl\u00f8rte det og stoppet det, sier Eide.<\/p>\n<p><img alt=\"Utenriksminister Espen Barth Eide p\u00e5 toget til Kyiv natt til mandag.   Foto: Espen Rasmussen\" class=\"_image_qp4xg_65 layout-component layout-normal\" data-fullscreen- data-track-element-type=\"Article image fullscreen\" data-track-name=\"ImageFullscreen\" decoding=\"async\" loading=\"lazy\" height=\"5542\" itemprop=\"image\"  src=\"https:\/\/www.europesays.com\/no\/wp-content\/uploads\/2026\/01\/a6c36e1b-da0c-4adf-b1d8-747dce29e85e.jpeg\"  style=\"object-position:0% 0%\" width=\"7390\"\/>Utenriksminister Espen Barth Eide p\u00e5 toget til Kyiv natt til mandag.   Foto: Espen Rasmussen<\/p>\n<p class=\"_paragraph_o9xde_4 _paragraph_xtcu6_10 layout-component text-serif-m layout-normal text-serif-m layout-padded\">Mye av Norges st\u00f8tte g\u00e5r gjennom store flergiverfondflergiverfondFlergiverfond er en type fond der flere land eller organisasjoner bidrar med penger for \u00e5 st\u00f8tte et bestemt form\u00e5l eller prosjekt, ofte administrert av en internasjonal organisasjon som Verdensbanken. som Verdensbanken og Den europeiske gjenoppbyggingsbankenDen europeiske gjenoppbyggingsbankenDen europeiske gjenoppbyggingsbanken (EBRD): EBRD er en internasjonal finansinstitusjon som st\u00f8tter prosjekter i Europa og Asia for \u00e5 fremme \u00f8konomisk utvikling og gjenoppbygging. (EBRD).<\/p>\n<p class=\"_paragraph_o9xde_4 _paragraph_xtcu6_10 layout-component text-serif-m layout-normal text-serif-m layout-padded\">\u2013 S\u00e5 er Ukraina ogs\u00e5 oppmerksom p\u00e5 at korrupsjonen er problematisk. Det er veldig bra at de selv tok tak i dette. Vi skal ha nulltoleranse for korrupsjon, men det blir aldri null risiko. Men vi opplever at det er god kontroll.<\/p>\n","protected":false},"excerpt":{"rendered":"I Kyiv viser gradestokken minus 18. Samtidig \u00f8ker russiske angrep p\u00e5 str\u00f8m- og varmeforsyningen. I dag er utenriksminister&hellip;\n","protected":false},"author":2,"featured_media":135304,"comment_status":"","ping_status":"","sticky":false,"template":"","format":"standard","meta":{"footnotes":""},"categories":[12],"tags":[20,21,258,24,25,15,2109,179,15548,22,23,13,30,28,29,14,16,26,27,489,412,42,43,44,45],"class_list":{"0":"post-135303","1":"post","2":"type-post","3":"status-publish","4":"format-standard","5":"has-post-thumbnail","7":"category-verden","8":"tag-breaking-news","9":"tag-breakingnews","10":"tag-espen-barth-eide","11":"tag-featured-news","12":"tag-featurednews","13":"tag-headlines","14":"tag-korrupsjon","15":"tag-krigen-i-ukraina","16":"tag-krisepakke","17":"tag-latest-news","18":"tag-latestnews","19":"tag-news","20":"tag-no","21":"tag-norge","22":"tag-norway","23":"tag-nyheter","24":"tag-overskrifter","25":"tag-top-stories","26":"tag-topstories","27":"tag-ukraina","28":"tag-utenriks","29":"tag-verden","30":"tag-world","31":"tag-world-news","32":"tag-worldnews"},"share_on_mastodon":{"url":"https:\/\/pubeurope.com\/@no\/115881388585576707","error":""},"_links":{"self":[{"href":"https:\/\/www.europesays.com\/no\/wp-json\/wp\/v2\/posts\/135303","targetHints":{"allow":["GET"]}}],"collection":[{"href":"https:\/\/www.europesays.com\/no\/wp-json\/wp\/v2\/posts"}],"about":[{"href":"https:\/\/www.europesays.com\/no\/wp-json\/wp\/v2\/types\/post"}],"author":[{"embeddable":true,"href":"https:\/\/www.europesays.com\/no\/wp-json\/wp\/v2\/users\/2"}],"replies":[{"embeddable":true,"href":"https:\/\/www.europesays.com\/no\/wp-json\/wp\/v2\/comments?post=135303"}],"version-history":[{"count":0,"href":"https:\/\/www.europesays.com\/no\/wp-json\/wp\/v2\/posts\/135303\/revisions"}],"wp:featuredmedia":[{"embeddable":true,"href":"https:\/\/www.europesays.com\/no\/wp-json\/wp\/v2\/media\/135304"}],"wp:attachment":[{"href":"https:\/\/www.europesays.com\/no\/wp-json\/wp\/v2\/media?parent=135303"}],"wp:term":[{"taxonomy":"category","embeddable":true,"href":"https:\/\/www.europesays.com\/no\/wp-json\/wp\/v2\/categories?post=135303"},{"taxonomy":"post_tag","embeddable":true,"href":"https:\/\/www.europesays.com\/no\/wp-json\/wp\/v2\/tags?post=135303"}],"curies":[{"name":"wp","href":"https:\/\/api.w.org\/{rel}","templated":true}]}}