{"id":135308,"date":"2026-01-12T09:26:09","date_gmt":"2026-01-12T09:26:09","guid":{"rendered":"https:\/\/www.europesays.com\/no\/135308\/"},"modified":"2026-01-12T09:26:09","modified_gmt":"2026-01-12T09:26:09","slug":"bokanmeldelse-anmeldelse-ny-bok-av-ellen-vahr-borte-fra-verden","status":"publish","type":"post","link":"https:\/\/www.europesays.com\/no\/135308\/","title":{"rendered":"Bokanmeldelse: Anmeldelse ny bok av Ellen Vahr: \u00abBorte fra verden\u00bb"},"content":{"rendered":"\n<p class=\"_prefix_nfjwc_1\">BokanmeldelseEllen Vahr\u00abBorte fra verden\u00bb<\/p>\n<p>Terningkast 3<\/p>\n<p class=\"_lead_o9xde_2 _lead_xtcu6_50 layout-component text-serif-m layout-normal text-serif-l _lead_1k67c_21 layout-component layout-normal layout-padded layout-padded\">Unge jenter laget sprengstoff om dagen og var prostituerte om natten. Ellen Vahr har skrevet en roman basert p\u00e5 rykter og bretter det ut i bredt format.<\/p>\n<p>Jeg er forfatter, journalist og historiker. Har jobbet i \u00d8stlendingen, Arbeiderbladet og NRK, og senere ved Universitetet i Oslo, Handelsh\u00f8yskolen BI og HL-senteret (Senter for studier av Holocaust og livsynsminoriteter). Som forfatter har jeg skrevet flere  sakprosab\u00f8ker fra 2. verdenskrig. Bokanmelder i VG siden 2003.<\/p>\n<p><a href=\"https:\/\/www.vg.no\/rampelys\/i\/j0dVWL\/mailto:guri.hjeltnes@hlsenteret.no\" class=\"_button_6bkpv_2 button-label-large _filled_6bkpv_106 _button_1xhag_75\" rel=\"nofollow noopener\" target=\"_blank\">E-post<\/a><img alt=\" Foto: Oda Berby\/Aschehoug\" class=\"_image_qp4xg_65 layout-component layout-wide\" data-fullscreen- data-track-element-type=\"Article image fullscreen\" data-track-name=\"ImageFullscreen\" fetchpriority=\"high\" decoding=\"sync\" loading=\"eager\" height=\"1668\" itemprop=\"image\"  src=\"https:\/\/www.europesays.com\/no\/wp-content\/uploads\/2026\/01\/b9f86760-03e0-44be-a0fc-175b9bd80157.jpeg\"  style=\"object-position:0% 0%\" width=\"2500\"\/> Foto: Oda Berby\/AschehougMandag 12. januar kl. 09:49     <\/p>\n<p class=\"_paragraph_o9xde_4 _paragraph_xtcu6_10 layout-component text-serif-m layout-normal text-serif-m layout-padded\">Selvsagt er det fristende stoff for en romanforfatter \u00e5 dikte om livet til 60 kvinner som under f\u00f8rste verdenskrig arbeidet p\u00e5 H\u00e5\u00f8ya ute i Oslofjorden med \u00e5 produsere sprengstoff. <\/p>\n<p class=\"_paragraph_o9xde_4 _paragraph_xtcu6_10 layout-component text-serif-m layout-normal text-serif-m layout-padded\">Det er spektakul\u00e6rt og var en realitet: Det arbeidet kvinner p\u00e5 Haa\u00f8en Fabriker i \u00e5rene 1916\u20131918, med produksjon av sprengstoff, et meget farlig arbeid. <\/p>\n<p class=\"_paragraph_o9xde_4 _paragraph_xtcu6_10 layout-component text-serif-m layout-normal text-serif-m layout-padded\">P\u00e5 Engene p\u00e5 Hurumlandet l\u00e5 dynamittfabrikken Nitroglycerin Compagniet (etablert 1865). A\/S Haa\u00f8en Fabriker ble etablert i 1916 av Sam Eyde sammen med investorer for \u00e5 bist\u00e5 med milit\u00e6re forsyninger til Russland. Det var produksjon av granater og miner. <\/p>\n<p class=\"_paragraph_o9xde_4 _paragraph_xtcu6_10 layout-component text-serif-m layout-normal text-serif-m layout-padded\"><strong class=\"_strong_o9xde_25\">Ellen Vahr spenner ut et stort lerret i sin nye roman \u00abBorte fra verden\u00bb.<\/strong><\/p>\n<p class=\"font-weight-semi-bold color-accent label-medium _label_16v91_20\">Anmeldelse<\/p>\n<p> \u00abBorte fra verden\u00bb<\/p>\n<ul class=\"_list_o9xde_3 _list_xtcu6_9 _list_16v91_9 _unordered_o9xde_106 layout-component text-serif-m layout-normal text-sans-m layout-padded\">\n<li class=\"_item_o9xde_30\">Forfatter: Ellen Vahr<\/li>\n<li class=\"_item_o9xde_30\">Sjanger: Roman<\/li>\n<li class=\"_item_o9xde_30\">Forlag: Aschehoug<\/li>\n<li class=\"_item_o9xde_30\">Sider: 445<\/li>\n<li class=\"_item_o9xde_30\">Pris: 449 kroner<\/li>\n<\/ul>\n<p>Vis mer<\/p>\n<p class=\"label-small label-secondary\">annonse<\/p>\n<p><img decoding=\"async\" alt=\"\" class=\"_image_1uqve_43\" loading=\"lazy\" src=\"https:\/\/www.europesays.com\/no\/wp-content\/uploads\/2026\/01\/default-1sWyzW_n.jpg\"\/><\/p>\n<p class=\"title-large _title_1uqve_54\">Kj\u00f8p boken<\/p>\n<p><strong>\u00abBorte fra verden\u00bb<\/strong><br \/>\nAnnonselenker <\/p>\n<p>\nDe eksterne lenkene i denne annonsen f\u00f8rer til nettbutikker der VG<br \/>\n            f\u00e5r en provisjon av eventuelle salg. Inntektene bidrar til \u00e5<br \/>\n            finansiere det journalistiske arbeidet i VG. Redaksjonen prioriterer<br \/>\n            uavhengig av dette. VGs samfunnsoppdrag og rolle som uavhengig<br \/>\n            redaksjonell gransker p\u00e5virkes derfor ikke av dette innholdet.\n<\/p>\n<p class=\"_paragraph_o9xde_4 _paragraph_xtcu6_10 layout-component text-serif-m layout-normal text-serif-m layout-padded\">Vahr er utdannet \u00f8konom og har \u00e5penbart hatt glede av \u00e5 dykke inn i fabrikkliv og v\u00e5penproduksjon. Etter flere \u00e5r som fulltidsforfatter, behersker Vahr underholdningssjangeren. Hun har skrevet om sine form\u00f8dre, tipp-tippoldemoren og <a href=\"https:\/\/www.vg.no\/nyheter\/i\/bpP9e\/bokanmeldelse-ellen-vahr-gaven\" data-track-element-type=\"Link\" data-track-id=\"link:bpP9e\" class=\"_link_o9xde_39\" rel=\"nofollow noopener\" target=\"_blank\">signekonen Anne Brannfjell<\/a>, og en trilogi om bestemoren Thea Thoresen som arbeidet for Vanderbilt-familien i USA.<\/p>\n<p class=\"_paragraph_o9xde_4 _paragraph_xtcu6_10 layout-component text-serif-m layout-normal text-serif-m layout-padded\">Denne gang m\u00f8ter vi Jakob og Edith, to gode mennesker som p\u00e5 hver p\u00e5 sin m\u00e5te er tvunget til fabrikken. <\/p>\n<p class=\"_paragraph_o9xde_4 _paragraph_xtcu6_10 layout-component text-serif-m layout-normal text-serif-m layout-padded\">Jakob er fra arbeiderklassen, men blir funksjon\u00e6r og personalsjef for \u00e5 kunne forlove seg med direkt\u00f8rdatteren Amalie. Jakob f\u00e5r ansvar for 40 s\u00e5kalte gatepiker og 20 langtidsd\u00f8mte kvinner fra Landsfengselet. En av dem er barndomsvenninnen Edith, uskyldig d\u00f8mt til \u00e5tte \u00e5r som \u00abbarnemorderske\u00bb.<\/p>\n<p><img alt=\"Ellen Vahr (62) debuterte med romanen \u00abGaven\u00bb om Anne Brannfjell i 2016.   Foto: Pernille Marie Walvik \/ Pernille Marie Walvik\" class=\"_image_qp4xg_65 layout-component layout-normal\" data-fullscreen- data-track-element-type=\"Article image fullscreen\" data-track-name=\"ImageFullscreen\" decoding=\"async\" loading=\"lazy\" height=\"3744\" itemprop=\"image\"  src=\"https:\/\/www.europesays.com\/no\/wp-content\/uploads\/2026\/01\/3bb108be-e8e4-4204-8b7e-bf0fde48531d.jpeg\"  style=\"object-position:0% 0%\" width=\"5616\"\/>Ellen Vahr (62) debuterte med romanen \u00abGaven\u00bb om Anne Brannfjell i 2016.   Foto: Pernille Marie Walvik \/ Pernille Marie Walvik<\/p>\n<p class=\"_paragraph_o9xde_4 _paragraph_xtcu6_10 layout-component text-serif-m layout-normal text-serif-m layout-padded\">Det er skandal\u00f8se arbeidsforhold: Kvinnene skulle produsere 3\u20134000 granater hver dag og fylle pulver med sprengstoff i esker. St\u00f8vskyene sto opp, \u00f8ynene sved. Det var ikke hansker, munnbind eller vaskevann. Kvinnene fikk hodepine, kvalme, vablete hender, misfargede tenner og hud. <\/p>\n<p class=\"_paragraph_o9xde_4 _paragraph_xtcu6_10 layout-component text-serif-m layout-normal text-serif-m layout-padded\"><strong class=\"_strong_o9xde_25\">Kapitlene veksler mellom Edith og Jakob, det er kj\u00e6rlighetshistorien med stor K &#8211; med alle dilemmaer n\u00e5r Jakob er i direksjonen og skal forlove seg med direkt\u00f8rens datter<\/strong>. <\/p>\n<p class=\"_paragraph_o9xde_4 _paragraph_xtcu6_10 layout-component text-serif-m layout-normal text-serif-m layout-padded\">Hans gamle kompiser fra arbeidermilj\u00f8et ser p\u00e5 ham med skepsis, han har g\u00e5tt over til fienden og holder ogs\u00e5 avstand til sin egen mor og s\u00f8ster. Vil Jakob aldri st\u00e5 opp for seg selv? <\/p>\n<p class=\"_paragraph_o9xde_4 _paragraph_xtcu6_10 layout-component text-serif-m layout-normal text-serif-m layout-padded\">Edith oppdager at noen av de unge jentene er ute i skogen om kveldene &#8211; de tjener gode penger n\u00e5r menn ror fra fastlandet til \u00f8ya, jentene selger sex. Her skildres hvordan kvinnene hentes over til Oscarsborg for \u00e5 tilfredsstille befal og menige. <\/p>\n<p class=\"_paragraph_o9xde_4 _paragraph_xtcu6_10 layout-component text-serif-m layout-normal text-serif-m layout-padded\">Ellen Vahr presiserer i et etterord at det kun finnes rykter og muntlige overleveringer om prostitusjon blant kvinnene p\u00e5 fabrikken, men at hun har valgt \u00e5 dikte ut fra den muntlige overleveringen. <\/p>\n<p class=\"_paragraph_o9xde_4 _paragraph_xtcu6_10 layout-component text-serif-m layout-normal text-serif-m layout-padded\">Oslohistorikeren Johanne Bergkvist har nylig v\u00e6rt klart avvisende til framstillingen av prostitusjon. Hun sier dette er arbeidsgivernes nedvurderende sjikane av kvinnene som bringes videre (Aftenposten Historie 9\/2025), en kilde som ikke er med i Vahrs litteraturliste. <\/p>\n<p class=\"_paragraph_o9xde_4 _paragraph_xtcu6_10 layout-component text-serif-m layout-normal text-serif-m layout-padded\"><strong class=\"_strong_o9xde_25\">Med denne historiske romanen befester Vahr fordommene knyttet til kvinnene.<\/strong><\/p>\n<p class=\"_paragraph_o9xde_4 _paragraph_xtcu6_10 layout-component text-serif-m layout-normal text-serif-m layout-padded\">Samtidig sier Vahr at hun har villet gi kvinnene navn og plass, og skildringen av et skj\u00f8rt kvinnefellesskap gj\u00f8res respektfullt. I romanen blir jenter gravide, barn f\u00f8des, barn d\u00f8r, noen jenter fors\u00f8ker \u00e5 ta abort. <\/p>\n<p class=\"_paragraph_o9xde_4 _paragraph_xtcu6_10 layout-component text-serif-m layout-normal text-serif-m layout-padded\">For dem som trives med underholdningssjangeren, er dette en bok som kan &#8211; bokstavelig talt &#8211; fenge. Vahr skriver lett og medrivende og levendegj\u00f8r milj\u00f8et med mange dialoger. Her er hjerte og smerte i rikelige mengder, men det blir forutsigbart og uten motstand. <\/p>\n","protected":false},"excerpt":{"rendered":"BokanmeldelseEllen Vahr\u00abBorte fra verden\u00bb Terningkast 3 Unge jenter laget sprengstoff om dagen og var prostituerte om natten. Ellen&hellip;\n","protected":false},"author":2,"featured_media":135309,"comment_status":"","ping_status":"","sticky":false,"template":"","format":"standard","meta":{"footnotes":""},"categories":[12],"tags":[150,124,20,21,24,25,15,22,23,152,13,30,28,29,14,16,26,27,42,43,44,45],"class_list":{"0":"post-135308","1":"post","2":"type-post","3":"status-publish","4":"format-standard","5":"has-post-thumbnail","7":"category-verden","8":"tag-bok","9":"tag-bokanmeldelse","10":"tag-breaking-news","11":"tag-breakingnews","12":"tag-featured-news","13":"tag-featurednews","14":"tag-headlines","15":"tag-latest-news","16":"tag-latestnews","17":"tag-litteratur","18":"tag-news","19":"tag-no","20":"tag-norge","21":"tag-norway","22":"tag-nyheter","23":"tag-overskrifter","24":"tag-top-stories","25":"tag-topstories","26":"tag-verden","27":"tag-world","28":"tag-world-news","29":"tag-worldnews"},"share_on_mastodon":{"url":"https:\/\/pubeurope.com\/@no\/115881416174621697","error":""},"_links":{"self":[{"href":"https:\/\/www.europesays.com\/no\/wp-json\/wp\/v2\/posts\/135308","targetHints":{"allow":["GET"]}}],"collection":[{"href":"https:\/\/www.europesays.com\/no\/wp-json\/wp\/v2\/posts"}],"about":[{"href":"https:\/\/www.europesays.com\/no\/wp-json\/wp\/v2\/types\/post"}],"author":[{"embeddable":true,"href":"https:\/\/www.europesays.com\/no\/wp-json\/wp\/v2\/users\/2"}],"replies":[{"embeddable":true,"href":"https:\/\/www.europesays.com\/no\/wp-json\/wp\/v2\/comments?post=135308"}],"version-history":[{"count":0,"href":"https:\/\/www.europesays.com\/no\/wp-json\/wp\/v2\/posts\/135308\/revisions"}],"wp:featuredmedia":[{"embeddable":true,"href":"https:\/\/www.europesays.com\/no\/wp-json\/wp\/v2\/media\/135309"}],"wp:attachment":[{"href":"https:\/\/www.europesays.com\/no\/wp-json\/wp\/v2\/media?parent=135308"}],"wp:term":[{"taxonomy":"category","embeddable":true,"href":"https:\/\/www.europesays.com\/no\/wp-json\/wp\/v2\/categories?post=135308"},{"taxonomy":"post_tag","embeddable":true,"href":"https:\/\/www.europesays.com\/no\/wp-json\/wp\/v2\/tags?post=135308"}],"curies":[{"name":"wp","href":"https:\/\/api.w.org\/{rel}","templated":true}]}}