{"id":135312,"date":"2026-01-12T09:28:12","date_gmt":"2026-01-12T09:28:12","guid":{"rendered":"https:\/\/www.europesays.com\/no\/135312\/"},"modified":"2026-01-12T09:28:12","modified_gmt":"2026-01-12T09:28:12","slug":"medier-solskjaer-ikke-lenger-united-favoritt-3","status":"publish","type":"post","link":"https:\/\/www.europesays.com\/no\/135312\/","title":{"rendered":"Medier: Solskj\u00e6r ikke lenger United-favoritt"},"content":{"rendered":"<p> Vendingen skal ha skjedd etter at begge har v\u00e6rt gjennom en intervjurunde i l\u00f8pet av de siste dagene. Det f\u00e5r <a href=\"https:\/\/www.theguardian.com\/football\/2026\/jan\/11\/darren-fletcher-in-dark-over-his-future-after-manchester-uniteds-cup-exit?CMP=Share_iOSApp_Other&amp;utm_source=sdrn%3Avg%3Aarticle%3AGxayLB\" rel=\"noopener nofollow\" target=\"_blank\">The Guardians<\/a> United-korrespondent Jamie Jackson opplyst fra flere kilder.<\/p>\n<p>Daily Telegraph og Daily Mail sitter p\u00e5 de samme opplysningene.<\/p>\n<p>Carrick skal ha imponert klubbdirekt\u00f8r Omar Berrada og fotballdirekt\u00f8r Jason Wilcox. Ingen avgj\u00f8relse er tatt, men den er ventet \u00e5 bli truffet mandag.<\/p>\n<p>Solskj\u00e6r ble pekt som en klar favoritt i dagene etter at Ruben Amorim fikk sparken for en uke siden. Kristiansunderen tok over som midlertidig manager i Manchester United etter Jos\u00e9 Mourinho p\u00e5 tampen av 2018, og etter mange sterke resultater fikk han jobben permanent.<\/p>\n<p>Han ledet storklubben til 3.- og 2.-plass i Premier League i sine to fulle sesonger p\u00e5 Old Trafford, men etter en svak h\u00f8st i 2021 fikk Solskj\u00e6r sparken.<\/p>\n<p>Carrick var en del av nordmannens trenerstab, og han ledet Manchester United i tre kamper som vikarmanager i ukene som fulgte etter at Solskj\u00e6r m\u00e5tte g\u00e5.<\/p>\n<p>Senere tok han over Middlesbrough p\u00e5 niv\u00e5 to. Der var han fra h\u00f8sten 2022 til sommeren 2025.<\/p>\n<p>Darren Fletcher har hatt ansvaret for Uniteds f\u00f8rstelag den siste uken. I den f\u00f8rste kampen ble det 2-2 mot Burnley i Premier League, mens det ble exit hjemme mot Brighton i FA-cupen s\u00f8ndag.<\/p>\n","protected":false},"excerpt":{"rendered":"Vendingen skal ha skjedd etter at begge har v\u00e6rt gjennom en intervjurunde i l\u00f8pet av de siste dagene.&hellip;\n","protected":false},"author":2,"featured_media":135313,"comment_status":"","ping_status":"","sticky":false,"template":"","format":"standard","meta":{"footnotes":""},"categories":[5],"tags":[967,20,21,24,25,15,19,22,23,17,18,13,30,28,29,14,16,26,27],"class_list":{"0":"post-135312","1":"post","2":"type-post","3":"status-publish","4":"format-standard","5":"has-post-thumbnail","7":"category-overskrifter","8":"tag-artikler-fra-ntb","9":"tag-breaking-news","10":"tag-breakingnews","11":"tag-featured-news","12":"tag-featurednews","13":"tag-headlines","14":"tag-hovedoppslag","15":"tag-latest-news","16":"tag-latestnews","17":"tag-main-news","18":"tag-mainnews","19":"tag-news","20":"tag-no","21":"tag-norge","22":"tag-norway","23":"tag-nyheter","24":"tag-overskrifter","25":"tag-top-stories","26":"tag-topstories"},"share_on_mastodon":{"url":"https:\/\/pubeurope.com\/@no\/115881423804560434","error":""},"_links":{"self":[{"href":"https:\/\/www.europesays.com\/no\/wp-json\/wp\/v2\/posts\/135312","targetHints":{"allow":["GET"]}}],"collection":[{"href":"https:\/\/www.europesays.com\/no\/wp-json\/wp\/v2\/posts"}],"about":[{"href":"https:\/\/www.europesays.com\/no\/wp-json\/wp\/v2\/types\/post"}],"author":[{"embeddable":true,"href":"https:\/\/www.europesays.com\/no\/wp-json\/wp\/v2\/users\/2"}],"replies":[{"embeddable":true,"href":"https:\/\/www.europesays.com\/no\/wp-json\/wp\/v2\/comments?post=135312"}],"version-history":[{"count":0,"href":"https:\/\/www.europesays.com\/no\/wp-json\/wp\/v2\/posts\/135312\/revisions"}],"wp:featuredmedia":[{"embeddable":true,"href":"https:\/\/www.europesays.com\/no\/wp-json\/wp\/v2\/media\/135313"}],"wp:attachment":[{"href":"https:\/\/www.europesays.com\/no\/wp-json\/wp\/v2\/media?parent=135312"}],"wp:term":[{"taxonomy":"category","embeddable":true,"href":"https:\/\/www.europesays.com\/no\/wp-json\/wp\/v2\/categories?post=135312"},{"taxonomy":"post_tag","embeddable":true,"href":"https:\/\/www.europesays.com\/no\/wp-json\/wp\/v2\/tags?post=135312"}],"curies":[{"name":"wp","href":"https:\/\/api.w.org\/{rel}","templated":true}]}}