{"id":135314,"date":"2026-01-12T09:33:33","date_gmt":"2026-01-12T09:33:33","guid":{"rendered":"https:\/\/www.europesays.com\/no\/135314\/"},"modified":"2026-01-12T09:33:33","modified_gmt":"2026-01-12T09:33:33","slug":"donald-trump-nato-trump-nato-trenger-usa-mer-enn-omvendt","status":"publish","type":"post","link":"https:\/\/www.europesays.com\/no\/135314\/","title":{"rendered":"Donald Trump, Nato | Trump: \u2013 Nato trenger USA mer enn omvendt"},"content":{"rendered":"\n<p>Det siste utspillet fra den amerikanske presidenten om Gr\u00f8nland ble gitt til journalister om bord p\u00e5 presidentflyet Air Force One.<\/p>\n<p>En journalist spurte Trump om han har kommet med et konkret tilbud til Danmark n\u00e5r det gjelder Gr\u00f8nland.<\/p>\n<p>\u2013 Det har jeg ikke, men Gr\u00f8nland b\u00f8r inng\u00e5 en avtale. For Gr\u00f8nland har ikke lyst til \u00e5 se Russland eller Kina overta, sier presidenten.<\/p>\n<p>Samtidig p\u00e5st\u00e5r han at Gr\u00f8nlands forsvar i praksis best\u00e5r av to hundesleder.<\/p>\n<p><b>Les ogs\u00e5: <a href=\"https:\/\/www.nettavisen.no\/nyheter\/absurd-forslag-til-donald-trump-gift-bort-sonnen-for-gronland\/s\/5-95-2818769\" rel=\"Follow nofollow noopener\" target=\"_blank\">Trump-forslag: \u2013 Gift bort s\u00f8nnen<\/a><\/b><\/p>\n<p>\u2013 Visste dere det. To hundesleder. Samtidig er det russiske jagere og ub\u00e5ter og kinesiske jagere og ub\u00e5ter overalt. Vi kommer ikke til \u00e5 la det skje, fortsetter Trump, som har kommet med udokumenterte p\u00e5stander om omfattende russisk og kinesisk aktivitet rundt den arktiske \u00f8ya.<\/p>\n<p>\u2013 Og om det p\u00e5virker s\u00e5 Nato, s\u00e5 f\u00e5r det p\u00e5virke Nato. Men de trenger oss langt mer enn vi trenger dem, sier den amerikanske presidenten, if\u00f8lge et lydopptak Det hvite hus har delt p\u00e5 Youtube.<\/p>\n<p>    Vil du se neste video?<\/p>\n<p>    <a href=\"https:\/\/www.nettavisen.no\/nyheter\/pete-hegseth-avbryter-plutselig-marco-rubio-klikker-pa-direkten\/v\/5-95-2813524\" class=\"recommend-poster\" data-adp-clicklabel=\"video-recommend\" data-adp-clickvalue=\"poster\" rel=\"nofollow noopener\" target=\"_blank\"><br \/>\n      <img decoding=\"async\" width=\"200\" height=\"200\" loading=\"lazy\" src=\"https:\/\/www.europesays.com\/no\/wp-content\/uploads\/2026\/01\/Hegseth+til+cue.jpg\" alt=\"\" class=\"brick-c-cFOWSL\" style=\"--brick-image-ratio: 200 \/ 200;\"\/><\/p>\n<p>Avbryter plutselig: Klikker p\u00e5 direkten1:05<\/p>\n<p>    <\/a><\/p>\n","protected":false},"excerpt":{"rendered":"Det siste utspillet fra den amerikanske presidenten om Gr\u00f8nland ble gitt til journalister om bord p\u00e5 presidentflyet Air&hellip;\n","protected":false},"author":2,"featured_media":135315,"comment_status":"","ping_status":"","sticky":false,"template":"","format":"standard","meta":{"footnotes":""},"categories":[12],"tags":[20,21,24,25,15,22,23,13,30,28,29,14,16,26,27,42,43,44,45],"class_list":{"0":"post-135314","1":"post","2":"type-post","3":"status-publish","4":"format-standard","5":"has-post-thumbnail","7":"category-verden","8":"tag-breaking-news","9":"tag-breakingnews","10":"tag-featured-news","11":"tag-featurednews","12":"tag-headlines","13":"tag-latest-news","14":"tag-latestnews","15":"tag-news","16":"tag-no","17":"tag-norge","18":"tag-norway","19":"tag-nyheter","20":"tag-overskrifter","21":"tag-top-stories","22":"tag-topstories","23":"tag-verden","24":"tag-world","25":"tag-world-news","26":"tag-worldnews"},"share_on_mastodon":{"url":"https:\/\/pubeurope.com\/@no\/115881443609479104","error":""},"_links":{"self":[{"href":"https:\/\/www.europesays.com\/no\/wp-json\/wp\/v2\/posts\/135314","targetHints":{"allow":["GET"]}}],"collection":[{"href":"https:\/\/www.europesays.com\/no\/wp-json\/wp\/v2\/posts"}],"about":[{"href":"https:\/\/www.europesays.com\/no\/wp-json\/wp\/v2\/types\/post"}],"author":[{"embeddable":true,"href":"https:\/\/www.europesays.com\/no\/wp-json\/wp\/v2\/users\/2"}],"replies":[{"embeddable":true,"href":"https:\/\/www.europesays.com\/no\/wp-json\/wp\/v2\/comments?post=135314"}],"version-history":[{"count":0,"href":"https:\/\/www.europesays.com\/no\/wp-json\/wp\/v2\/posts\/135314\/revisions"}],"wp:featuredmedia":[{"embeddable":true,"href":"https:\/\/www.europesays.com\/no\/wp-json\/wp\/v2\/media\/135315"}],"wp:attachment":[{"href":"https:\/\/www.europesays.com\/no\/wp-json\/wp\/v2\/media?parent=135314"}],"wp:term":[{"taxonomy":"category","embeddable":true,"href":"https:\/\/www.europesays.com\/no\/wp-json\/wp\/v2\/categories?post=135314"},{"taxonomy":"post_tag","embeddable":true,"href":"https:\/\/www.europesays.com\/no\/wp-json\/wp\/v2\/tags?post=135314"}],"curies":[{"name":"wp","href":"https:\/\/api.w.org\/{rel}","templated":true}]}}