{"id":135316,"date":"2026-01-12T09:34:07","date_gmt":"2026-01-12T09:34:07","guid":{"rendered":"https:\/\/www.europesays.com\/no\/135316\/"},"modified":"2026-01-12T09:34:07","modified_gmt":"2026-01-12T09:34:07","slug":"alvorlig-arbeidsulykke-i-arendal","status":"publish","type":"post","link":"https:\/\/www.europesays.com\/no\/135316\/","title":{"rendered":"Alvorlig arbeidsulykke i Arendal"},"content":{"rendered":"\n<p class=\"_lead_o9xde_2 _lead_xtcu6_50 layout-component text-serif-m layout-normal text-serif-l layout-component layout-wide layout-padded _wide_17hqh_1 layout-padded\">En arbeider har falt fra en lift i Arendal og fraktes til sykehus. Vedkommende var bevisstl\u00f8s etter fallet. Ulykken fremst\u00e5r alvorlig, if\u00f8lge politiet.<\/p>\n<ul aria-hidden=\"true\" class=\"_images_ntbth_112\">\n<li><a class=\"_link_ntbth_117\" href=\"https:\/\/www.vg.no\/forfatter\/ntb\" style=\"z-index:1\" title=\"NTB\" rel=\"nofollow noopener\" target=\"_blank\"><img alt=\"Bilde av NTB\" class=\"_image_ntbth_93\" fetchpriority=\"low\" loading=\"lazy\" decoding=\"async\" itemprop=\"image\"  src=\"https:\/\/www.europesays.com\/no\/wp-content\/uploads\/2026\/01\/1768210447_28_c33980b0-5d07-4027-84a1-813f90a7c8d6.png\"  width=\"480\"\/><\/a><\/li>\n<\/ul>\n<p> Oppdatert mandag 12. januar kl. 10:13     <\/p>\n<p class=\"_paragraph_o9xde_4 _paragraph_xtcu6_10 layout-component text-serif-m layout-normal text-serif-m layout-padded\"> \u2013 Han har v\u00e6rt bevisstl\u00f8s og kj\u00f8res til Arendal sykehus. Det framst\u00e5r som en alvorlig ulykke, sier operasjonsleder Linn Andresen i Agder politidistrikt til <a href=\"https:\/\/www.fvn.no\/nyheter\/nyhetsdognet\/s\/Rj9jX5\/rykker-ut-til-arbeidsulykke\" class=\"_link_o9xde_39\" rel=\"nofollow noopener\" target=\"_blank\">F\u00e6drelandsvennen<\/a>.<\/p>\n<p class=\"_paragraph_o9xde_4 _paragraph_xtcu6_10 layout-component text-serif-m layout-normal text-serif-m layout-padded\">Politiet meldte om ulykken klokka 9.30. De gj\u00f8r unders\u00f8kelser p\u00e5 stedet og snakker med vitner.<\/p>\n<p class=\"_paragraph_o9xde_4 _paragraph_xtcu6_10 layout-component text-serif-m layout-normal text-serif-m layout-padded\">\u2013 Min forst\u00e5else er at det er en lift som har sklidd og veltet med en person oppi liften. Hvor h\u00f8yt vedkommende har falt, vet vi ikke, sier Andresen.<\/p>\n<p class=\"_paragraph_o9xde_4 _paragraph_xtcu6_10 layout-component text-serif-m layout-normal text-serif-m layout-padded\">Krimteknikere og arbeidstilsynet er varslet.<\/p>\n","protected":false},"excerpt":{"rendered":"En arbeider har falt fra en lift i Arendal og fraktes til sykehus. Vedkommende var bevisstl\u00f8s etter fallet.&hellip;\n","protected":false},"author":2,"featured_media":135317,"comment_status":"","ping_status":"","sticky":false,"template":"","format":"standard","meta":{"footnotes":""},"categories":[10],"tags":[20,21,24,25,15,22,23,13,30,28,29,14,16,26,27],"class_list":{"0":"post-135316","1":"post","2":"type-post","3":"status-publish","4":"format-standard","5":"has-post-thumbnail","7":"category-norge","8":"tag-breaking-news","9":"tag-breakingnews","10":"tag-featured-news","11":"tag-featurednews","12":"tag-headlines","13":"tag-latest-news","14":"tag-latestnews","15":"tag-news","16":"tag-no","17":"tag-norge","18":"tag-norway","19":"tag-nyheter","20":"tag-overskrifter","21":"tag-top-stories","22":"tag-topstories"},"share_on_mastodon":{"url":"https:\/\/pubeurope.com\/@no\/115881447445374911","error":""},"_links":{"self":[{"href":"https:\/\/www.europesays.com\/no\/wp-json\/wp\/v2\/posts\/135316","targetHints":{"allow":["GET"]}}],"collection":[{"href":"https:\/\/www.europesays.com\/no\/wp-json\/wp\/v2\/posts"}],"about":[{"href":"https:\/\/www.europesays.com\/no\/wp-json\/wp\/v2\/types\/post"}],"author":[{"embeddable":true,"href":"https:\/\/www.europesays.com\/no\/wp-json\/wp\/v2\/users\/2"}],"replies":[{"embeddable":true,"href":"https:\/\/www.europesays.com\/no\/wp-json\/wp\/v2\/comments?post=135316"}],"version-history":[{"count":0,"href":"https:\/\/www.europesays.com\/no\/wp-json\/wp\/v2\/posts\/135316\/revisions"}],"wp:featuredmedia":[{"embeddable":true,"href":"https:\/\/www.europesays.com\/no\/wp-json\/wp\/v2\/media\/135317"}],"wp:attachment":[{"href":"https:\/\/www.europesays.com\/no\/wp-json\/wp\/v2\/media?parent=135316"}],"wp:term":[{"taxonomy":"category","embeddable":true,"href":"https:\/\/www.europesays.com\/no\/wp-json\/wp\/v2\/categories?post=135316"},{"taxonomy":"post_tag","embeddable":true,"href":"https:\/\/www.europesays.com\/no\/wp-json\/wp\/v2\/tags?post=135316"}],"curies":[{"name":"wp","href":"https:\/\/api.w.org\/{rel}","templated":true}]}}