{"id":135318,"date":"2026-01-12T09:40:08","date_gmt":"2026-01-12T09:40:08","guid":{"rendered":"https:\/\/www.europesays.com\/no\/135318\/"},"modified":"2026-01-12T09:40:08","modified_gmt":"2026-01-12T09:40:08","slug":"jeg-har-kroppsdelene-i-fryseren","status":"publish","type":"post","link":"https:\/\/www.europesays.com\/no\/135318\/","title":{"rendered":"\u2013 Jeg har kroppsdelene i fryseren"},"content":{"rendered":"\n<p class=\"_lead_o9xde_2 _lead_xtcu6_50 layout-component text-serif-m layout-normal text-serif-l layout-component layout-wide layout-padded _wide_17hqh_1 layout-padded\">Mannen har erkjent likskjending og sa han hadde kroppsdelene i fryseren, if\u00f8lge svensk nyhetskanal.<\/p>\n<p><img alt=\" Foto: Svensk politi\/Aftonbladet\" class=\"_image_qp4xg_65 layout-component layout-wide\" data-fullscreen- data-track-element-type=\"Article image fullscreen\" data-track-name=\"ImageFullscreen\" fetchpriority=\"high\" decoding=\"sync\" loading=\"eager\" height=\"1294\" itemprop=\"image\"  src=\"https:\/\/www.europesays.com\/no\/wp-content\/uploads\/2026\/01\/cf78877e-c1c0-43dc-ad55-762f09fc249b.jpeg\"  style=\"object-position:0% 0%\" width=\"883\"\/> Foto: Svensk politi\/Aftonbladet<\/p>\n<ul aria-hidden=\"true\" class=\"_images_ntbth_112\">\n<li><a class=\"_link_ntbth_117\" href=\"https:\/\/www.vg.no\/forfatter\/isak-loeve-pilskog-loe\" style=\"z-index:1\" title=\"Isak L\u00f8ve Pilskog Loe\" rel=\"nofollow noopener\" target=\"_blank\"><img alt=\"Bilde av Isak L\u00f8ve Pilskog Loe\" class=\"_image_ntbth_93\" fetchpriority=\"low\" loading=\"lazy\" decoding=\"async\" itemprop=\"image\"  src=\"https:\/\/www.europesays.com\/no\/wp-content\/uploads\/2026\/01\/1768210808_816_8b0354e3-bf53-460c-9c1c-790321a0c923.jpeg\"  width=\"480\"\/><\/a><\/li>\n<\/ul>\n<p> Oppdatert mandag 12. januar kl. 10:26     <\/p>\n<p class=\"_paragraph_o9xde_4 _paragraph_xtcu6_10 layout-component text-serif-m layout-normal text-serif-m layout-padded\">Den 26 \u00e5r gamle mannen Vilma Andersson er siktet for parteringsdrap p\u00e5 en 25 \u00e5r gammel kvinne i <a href=\"https:\/\/www.vg.no\/tag\/sverige?utm_source=vg-article&amp;utm_medium=auto-tagger&amp;utm_campaign=Rj9jqJ\" class=\"_link_o9xde_39\" rel=\"nofollow noopener\" target=\"_blank\">Sverige<\/a>. Mannen erkjente deler av forbrytelsen da politiet grep ham, melder <a href=\"https:\/\/www.tv4.se\/artikel\/3S4PWCAP4BkmmLh7DtDw4f\/26-aringens-kusliga-ord-vid-mordgripandet-kroppsdelar-i-frysen\" class=\"_link_o9xde_39\" rel=\"nofollow noopener\" target=\"_blank\">TV4 Nyheterna<\/a>.<\/p>\n<p class=\"_paragraph_o9xde_4 _paragraph_xtcu6_10 layout-component text-serif-m layout-normal text-serif-m layout-padded\">Parteringsdrapet har vakt stor sorg og sinne i Sverige, og en innsamling til den drepte kvinnens familie har s\u00e5 langt f\u00e5tt inn over 2,5 millioner kroner.<\/p>\n<p class=\"_paragraph_o9xde_4 _paragraph_xtcu6_10 layout-component text-serif-m layout-normal text-serif-m layout-padded\">Kvinnen forsvant etter at hun gikk av pendelt\u00e5get p\u00e5 R\u00f6nninge stasjon i Salem kommune klokken 01.20 natt til andre juledag. Politiet fant kun strips, en hammer og den savnede kvinnens eiendeler utenfor stasjonen.<\/p>\n<p><img alt=\"Forsvant fra togstasjonen i R\u00f6nninge.   Foto: Nils Petter Nilsson\/TT \/ TT Nyhetsbyr\u00e5n \/ NTB\" class=\"_image_qp4xg_65 layout-component layout-normal\" data-fullscreen- data-track-element-type=\"Article image fullscreen\" data-track-name=\"ImageFullscreen\" decoding=\"async\" loading=\"lazy\" height=\"5464\" itemprop=\"image\"  src=\"https:\/\/www.europesays.com\/no\/wp-content\/uploads\/2026\/01\/1768210808_939_36f0f3b6-095a-47f3-b132-edbe3a27da62.png\"  style=\"object-position:0% 0%\" width=\"8192\"\/>Forsvant fra togstasjonen i R\u00f6nninge.   Foto: Nils Petter Nilsson\/TT \/ TT Nyhetsbyr\u00e5n \/ NTB<\/p>\n<p class=\"_paragraph_o9xde_4 _paragraph_xtcu6_10 layout-component text-serif-m layout-normal text-serif-m layout-padded\">Andersson erkjenner likskjending, men har nektet for drap.<\/p>\n<p class=\"_paragraph_o9xde_4 _paragraph_xtcu6_10 layout-component text-serif-m layout-normal text-serif-m layout-padded\">DNA-analyser med akutt prioritet viste at Andersson, som var tidligere domfelt, hadde etterlatt spor p\u00e5 gjenstandene. Politiet startet da en elleve timer lang overv\u00e5kningsaksjon mot mannen skriver TV4.<\/p>\n<p class=\"_paragraph_o9xde_4 _paragraph_xtcu6_10 layout-component text-serif-m layout-normal text-serif-m layout-padded\">Klokken 21 observerte politiet at 26-\u00e5ringen begynte \u00e5 grave i et skogsomr\u00e5de s\u00f8r for Stockholm. Han hadde med seg spade og en pose. Politiet slo til og p\u00e5grepet ham p\u00e5 stedet.<\/p>\n<p class=\"_paragraph_o9xde_4 _paragraph_xtcu6_10 layout-component text-serif-m layout-normal text-serif-m layout-padded\">\u2013 Jeg har kroppsdelene i fryseren, skal mannen ha sagt til politiet if\u00f8lge TV4s opplysninger.<\/p>\n<p class=\"_paragraph_o9xde_4 _paragraph_xtcu6_10 layout-component text-serif-m layout-normal text-serif-m layout-padded\">Politiet skal ha gjort en hemmelig ransaking hjemme hos Andersson mens han var p\u00e5 jobb, men ikke oppdaget at det l\u00e5 kroppsdeler i kj\u00f8leskapet, har <a href=\"https:\/\/www.expressen.se\/nyheter\/krim\/uppgifter-polisen-missade-kroppen--hemma-hos-vilma-andersson\/\" class=\"_link_o9xde_39\" rel=\"nofollow noopener\" target=\"_blank\">Expressen<\/a> meldt.<\/p>\n<p class=\"_paragraph_o9xde_4 _paragraph_xtcu6_10 layout-component text-serif-m layout-normal text-serif-m layout-padded\">Motivet er fortsatt ukjent. <\/p>\n<p>Les ogs\u00e5<\/p>\n","protected":false},"excerpt":{"rendered":"Mannen har erkjent likskjending og sa han hadde kroppsdelene i fryseren, if\u00f8lge svensk nyhetskanal. Foto: Svensk politi\/Aftonbladet Oppdatert&hellip;\n","protected":false},"author":2,"featured_media":135319,"comment_status":"","ping_status":"","sticky":false,"template":"","format":"standard","meta":{"footnotes":""},"categories":[12],"tags":[20,21,377,24,25,15,22,23,13,30,28,29,14,16,1359,26,27,42,43,44,45],"class_list":{"0":"post-135318","1":"post","2":"type-post","3":"status-publish","4":"format-standard","5":"has-post-thumbnail","7":"category-verden","8":"tag-breaking-news","9":"tag-breakingnews","10":"tag-drap","11":"tag-featured-news","12":"tag-featurednews","13":"tag-headlines","14":"tag-latest-news","15":"tag-latestnews","16":"tag-news","17":"tag-no","18":"tag-norge","19":"tag-norway","20":"tag-nyheter","21":"tag-overskrifter","22":"tag-sverige","23":"tag-top-stories","24":"tag-topstories","25":"tag-verden","26":"tag-world","27":"tag-world-news","28":"tag-worldnews"},"share_on_mastodon":{"url":"https:\/\/pubeurope.com\/@no\/115881471087674951","error":""},"_links":{"self":[{"href":"https:\/\/www.europesays.com\/no\/wp-json\/wp\/v2\/posts\/135318","targetHints":{"allow":["GET"]}}],"collection":[{"href":"https:\/\/www.europesays.com\/no\/wp-json\/wp\/v2\/posts"}],"about":[{"href":"https:\/\/www.europesays.com\/no\/wp-json\/wp\/v2\/types\/post"}],"author":[{"embeddable":true,"href":"https:\/\/www.europesays.com\/no\/wp-json\/wp\/v2\/users\/2"}],"replies":[{"embeddable":true,"href":"https:\/\/www.europesays.com\/no\/wp-json\/wp\/v2\/comments?post=135318"}],"version-history":[{"count":0,"href":"https:\/\/www.europesays.com\/no\/wp-json\/wp\/v2\/posts\/135318\/revisions"}],"wp:featuredmedia":[{"embeddable":true,"href":"https:\/\/www.europesays.com\/no\/wp-json\/wp\/v2\/media\/135319"}],"wp:attachment":[{"href":"https:\/\/www.europesays.com\/no\/wp-json\/wp\/v2\/media?parent=135318"}],"wp:term":[{"taxonomy":"category","embeddable":true,"href":"https:\/\/www.europesays.com\/no\/wp-json\/wp\/v2\/categories?post=135318"},{"taxonomy":"post_tag","embeddable":true,"href":"https:\/\/www.europesays.com\/no\/wp-json\/wp\/v2\/tags?post=135318"}],"curies":[{"name":"wp","href":"https:\/\/api.w.org\/{rel}","templated":true}]}}