{"id":135320,"date":"2026-01-12T09:41:09","date_gmt":"2026-01-12T09:41:09","guid":{"rendered":"https:\/\/www.europesays.com\/no\/135320\/"},"modified":"2026-01-12T09:41:09","modified_gmt":"2026-01-12T09:41:09","slug":"bussulykke-e10-bussulykke-med-skoleelever-pa-e10-i-flakstad","status":"publish","type":"post","link":"https:\/\/www.europesays.com\/no\/135320\/","title":{"rendered":"Bussulykke, E10 | Bussulykke med skoleelever p\u00e5 E10 i Flakstad"},"content":{"rendered":"\n<p>\u2013 N\u00f8detatene rykker ut til en bussulykke p\u00e5 E10 ved B\u00f8osen i Flakstad. Det skal v\u00e6re snakk om en skolebuss med ungdommer i. Det er ukjent skadeomfang p\u00e5 sj\u00e5f\u00f8r og passasjerer. Oppdateres, skriver operasjonsleder Thomas Jarn\u00e6s Coe klokken 08.00.<\/p>\n<p>Flakstad er en kommune i Lofoten i Nordland.<\/p>\n<p>\u2013 Det er snakk om seks-sju ungdommer pluss bussj\u00e5f\u00f8ren, men skadene fremst\u00e5r ikke som alvorlige. Brannvesenet er p\u00e5 stedet n\u00e5 og politi og ambulanse er p\u00e5 vei, sier Coe til Nettavisen.<\/p>\n<p>Han sier til Nettavisen at brannvesenet evakuerer bussen og at det ser ut til at noen av personene som var i bussen, har lettere skader. Ved 08.20-tiden meldte politiet at bare en person har behov for \u00e5 bli fraktet til sykehus.<\/p>\n","protected":false},"excerpt":{"rendered":"\u2013 N\u00f8detatene rykker ut til en bussulykke p\u00e5 E10 ved B\u00f8osen i Flakstad. Det skal v\u00e6re snakk om&hellip;\n","protected":false},"author":2,"featured_media":135321,"comment_status":"","ping_status":"","sticky":false,"template":"","format":"standard","meta":{"footnotes":""},"categories":[10],"tags":[20,21,24,25,15,22,23,13,30,28,29,14,16,26,27],"class_list":{"0":"post-135320","1":"post","2":"type-post","3":"status-publish","4":"format-standard","5":"has-post-thumbnail","7":"category-norge","8":"tag-breaking-news","9":"tag-breakingnews","10":"tag-featured-news","11":"tag-featurednews","12":"tag-headlines","13":"tag-latest-news","14":"tag-latestnews","15":"tag-news","16":"tag-no","17":"tag-norge","18":"tag-norway","19":"tag-nyheter","20":"tag-overskrifter","21":"tag-top-stories","22":"tag-topstories"},"share_on_mastodon":{"url":"https:\/\/pubeurope.com\/@no\/115881474931073045","error":""},"_links":{"self":[{"href":"https:\/\/www.europesays.com\/no\/wp-json\/wp\/v2\/posts\/135320","targetHints":{"allow":["GET"]}}],"collection":[{"href":"https:\/\/www.europesays.com\/no\/wp-json\/wp\/v2\/posts"}],"about":[{"href":"https:\/\/www.europesays.com\/no\/wp-json\/wp\/v2\/types\/post"}],"author":[{"embeddable":true,"href":"https:\/\/www.europesays.com\/no\/wp-json\/wp\/v2\/users\/2"}],"replies":[{"embeddable":true,"href":"https:\/\/www.europesays.com\/no\/wp-json\/wp\/v2\/comments?post=135320"}],"version-history":[{"count":0,"href":"https:\/\/www.europesays.com\/no\/wp-json\/wp\/v2\/posts\/135320\/revisions"}],"wp:featuredmedia":[{"embeddable":true,"href":"https:\/\/www.europesays.com\/no\/wp-json\/wp\/v2\/media\/135321"}],"wp:attachment":[{"href":"https:\/\/www.europesays.com\/no\/wp-json\/wp\/v2\/media?parent=135320"}],"wp:term":[{"taxonomy":"category","embeddable":true,"href":"https:\/\/www.europesays.com\/no\/wp-json\/wp\/v2\/categories?post=135320"},{"taxonomy":"post_tag","embeddable":true,"href":"https:\/\/www.europesays.com\/no\/wp-json\/wp\/v2\/tags?post=135320"}],"curies":[{"name":"wp","href":"https:\/\/api.w.org\/{rel}","templated":true}]}}