{"id":135324,"date":"2026-01-12T09:48:08","date_gmt":"2026-01-12T09:48:08","guid":{"rendered":"https:\/\/www.europesays.com\/no\/135324\/"},"modified":"2026-01-12T09:48:08","modified_gmt":"2026-01-12T09:48:08","slug":"ulf-andre-andersen-gar-av-som-sjefredaktor-i-se-og-hor","status":"publish","type":"post","link":"https:\/\/www.europesays.com\/no\/135324\/","title":{"rendered":"Ulf Andr\u00e9 Andersen g\u00e5r av som sjefredakt\u00f8r i Se og H\u00f8r."},"content":{"rendered":"<p>        Saken oppsummert<\/p>\n<ul lang=\"nb-NO\">\n<li>Ulf Andr\u00e9 Andersen slutter som ansvarlig redakt\u00f8r i Se og H\u00f8r med umiddelbar virkning.<\/li>\n<li>Andersen beskriver avgj\u00f8relsen som vanskelig, men understreker at det er en tid for alt.<\/li>\n<li>Niklas Kokkinn-Thoresen tar over som konstituert sjefredakt\u00f8r fra 12. januar.<\/li>\n<li>Aller Media Nordic takker Andersen for hans mange\u00e5rige innsats og engasjement.<\/li>\n<\/ul>\n<p class=\"italic ai-disclaimer\" data-lab-italic=\"italic\">Oppsummeringen er laget med kunstig intelligens (KI) fra OpenAI. Innholdet er kvalitetssikret av TV 2s journalister. <a target=\"_blank\" href=\"https:\/\/hjelp.tv2.no\/info\/artikkel\/slik-jobber-vi-med-ki-i-tv-2\" title=\"Les om hvordan vi jobber med KI\" rel=\"nofollow noopener\">Les om hvordan vi jobber med KI<\/a><\/p>\n<p>Ulf Andr\u00e9 Andersen (58) gir seg som ansvarlig redakt\u00f8r i Se og H\u00f8r. <a href=\"https:\/\/www.seher.no\/kjendis\/sjokkmelding-slutter\/84084372\" target=\"_blank\" rel=\"nofollow noopener\">Det melder magasinet selv.<\/a><\/p>\n<p class=\"bold m-bold\" data-lab-font_weight=\"bold\">\u2013 Det har v\u00e6rt en vanskelig avgj\u00f8relse, sier Andersen.<\/p>\n<p>Han har ledet kjendisbladet siden 2017.<\/p>\n<p>\u2013 Har v\u00e6rt et privilegium\u00a0<\/p>\n<p>\u2013 Det er veldig lite dramatikk i dette \u2013 det handler bare om at det er en tid for alt, sier 58-\u00e5ringen videre.\u00a0<\/p>\n<p> \u2013 Det har v\u00e6rt et privilegium \u00e5 lede Se og H\u00f8r gjennom s\u00e5 mange \u00e5r. Jeg er stolt av det vi har f\u00e5tt til sammen, og av det enest\u00e5ende engasjementet, integriteten og motet vi har vist i journalistikken, utdyper han i en pressemelding.\u00a0<\/p>\n<p>    <a class=\"article__link\" data-ga-active-label=\"\" data-ga-active-label-animation=\"\" href=\"https:\/\/www.tv2.no\/aktualitet\/se-og-hor-ble-advart-om-besoksforbud-trussel\/18281429\/\" rel=\"nofollow noopener\" target=\"_blank\"><\/p>\n<p>    <img class=\"image__img lazyload\" itemprop=\"image\" title=\"\" alt=\"\" width=\"978\" height=\"411\" bad-src=\"https:\/\/www.europesays.com\/no\/wp-content\/uploads\/2026\/01\/18281567.webp.jpeg\" fetchpriority=\"auto\" \/><\/p>\n<p>\n            Se og H\u00f8r ble advart om bes\u00f8ksforbud: \u2013 Trussel\n        <\/p>\n<p>    <\/a><\/p>\n<p>\u2013 Siden jeg startet, har mitt viktigste m\u00e5l v\u00e6rt \u00e5 f\u00e5 flere lesere enn Aftenposten og Nettavisen \u2013 p\u00e5 nett og i print samlet. Og det klarte vi i h\u00f8st.\u00a0Jeg \u00f8nsker hele redaksjonen og Niklas alt godt videre og gleder meg til \u00e5 f\u00f8lge med videre fra sidelinjen, legger han til.\u00a0<\/p>\n<p>Tar over roret\u00a0<\/p>\n<p> Niklas Kokkinn-Thoresen (52) blir konstituert sjefredakt\u00f8r fra 12. januar. Det var han ogs\u00e5 da Andersen var <a href=\"https:\/\/www.tv2.no\/underholdning\/se-og-hor-sjef-innlagt-pa-rikshospitalet\/17855447\/\" target=\"_blank\" rel=\"nofollow noopener\">sykmeldt i et halvt \u00e5rs tid<\/a> i 2025. <\/p>\n<p> \u2013 Niklas har sv\u00e6rt god kjennskap til virksomheten og vil sikre stabil drift i perioden frem til permanent l\u00f8sning er p\u00e5 plass, sier Mikael Makkonen, Chief Media &amp; Brand Officer i Aller Media Nordic i pressemeldingen.\u00a0<\/p>\n<p>Han takker ogs\u00e5 Andersen for arbeidet.\u00a0<\/p>\n<p> \u2013 Ulf har gjennom 17 \u00e5r i Se og H\u00f8r, og de seneste ni \u00e5rene som sjefredakt\u00f8r, v\u00e6rt helt sentral i \u00e5 bygge ukebladet til det det er i dag. Vi takker Ulf for hans engasjement, dedikasjon og innsats gjennom flere \u00e5r, og \u00f8nsker ham lykke til videre, sier han.\u00a0<\/p>\n","protected":false},"excerpt":{"rendered":"Saken oppsummert Ulf Andr\u00e9 Andersen slutter som ansvarlig redakt\u00f8r i Se og H\u00f8r med umiddelbar virkning. Andersen beskriver&hellip;\n","protected":false},"author":2,"featured_media":135325,"comment_status":"","ping_status":"","sticky":false,"template":"","format":"standard","meta":{"footnotes":""},"categories":[10],"tags":[20,21,24,25,15,22,23,13,30,28,29,14,16,26,27],"class_list":{"0":"post-135324","1":"post","2":"type-post","3":"status-publish","4":"format-standard","5":"has-post-thumbnail","7":"category-norge","8":"tag-breaking-news","9":"tag-breakingnews","10":"tag-featured-news","11":"tag-featurednews","12":"tag-headlines","13":"tag-latest-news","14":"tag-latestnews","15":"tag-news","16":"tag-no","17":"tag-norge","18":"tag-norway","19":"tag-nyheter","20":"tag-overskrifter","21":"tag-top-stories","22":"tag-topstories"},"share_on_mastodon":{"url":"https:\/\/pubeurope.com\/@no\/115881502482120501","error":""},"_links":{"self":[{"href":"https:\/\/www.europesays.com\/no\/wp-json\/wp\/v2\/posts\/135324","targetHints":{"allow":["GET"]}}],"collection":[{"href":"https:\/\/www.europesays.com\/no\/wp-json\/wp\/v2\/posts"}],"about":[{"href":"https:\/\/www.europesays.com\/no\/wp-json\/wp\/v2\/types\/post"}],"author":[{"embeddable":true,"href":"https:\/\/www.europesays.com\/no\/wp-json\/wp\/v2\/users\/2"}],"replies":[{"embeddable":true,"href":"https:\/\/www.europesays.com\/no\/wp-json\/wp\/v2\/comments?post=135324"}],"version-history":[{"count":0,"href":"https:\/\/www.europesays.com\/no\/wp-json\/wp\/v2\/posts\/135324\/revisions"}],"wp:featuredmedia":[{"embeddable":true,"href":"https:\/\/www.europesays.com\/no\/wp-json\/wp\/v2\/media\/135325"}],"wp:attachment":[{"href":"https:\/\/www.europesays.com\/no\/wp-json\/wp\/v2\/media?parent=135324"}],"wp:term":[{"taxonomy":"category","embeddable":true,"href":"https:\/\/www.europesays.com\/no\/wp-json\/wp\/v2\/categories?post=135324"},{"taxonomy":"post_tag","embeddable":true,"href":"https:\/\/www.europesays.com\/no\/wp-json\/wp\/v2\/tags?post=135324"}],"curies":[{"name":"wp","href":"https:\/\/api.w.org\/{rel}","templated":true}]}}