{"id":135330,"date":"2026-01-12T09:57:07","date_gmt":"2026-01-12T09:57:07","guid":{"rendered":"https:\/\/www.europesays.com\/no\/135330\/"},"modified":"2026-01-12T09:57:07","modified_gmt":"2026-01-12T09:57:07","slug":"aafk-starter-sesongoppkjoringen-smp-no","status":"publish","type":"post","link":"https:\/\/www.europesays.com\/no\/135330\/","title":{"rendered":"AaFK starter sesongoppkj\u00f8ringen &#8211; smp.no"},"content":{"rendered":"<ol>\n<li><a href=\"https:\/\/news.google.com\/rss\/articles\/CBMijwFBVV95cUxQcFM2ckxOek9zTWJ3dFJsR2RuOFhWdEdLazR6NjF0Q21oU3hIZ0hyaDRGMjI1d1dVX3NERU9EQnlHdURqNFdYaF9vc1NUV1ctYnlUdlY1S3VFRjRNbEJnZUxlT3pRWU1VdVdTS2FMdFBTNHZyQ3ZTUktveUE4TEltdm0ycGRFeG8ydUdfa1Vhbw?oc=5\" target=\"_blank\" rel=\"nofollow noopener\">AaFK starter sesongoppkj\u00f8ringen<\/a>&nbsp;&nbsp;smp.no<\/li>\n<li><a href=\"https:\/\/news.google.com\/rss\/articles\/CBMinwFBVV95cUxPSW9USzJmRGthOUgxNnJDVklDVnZ3bElBWGprdnNNbkJsMGFXRkJYZmZiSXN4eFpOS1RkYTdFN2hBaFUySFFvT1g5WWxJQ0loVDZWUTVKU1Zxeklia0pUR1FsNVB0RFI3ZWFaZ3dGaG5Pc0RGU253enlBbUZyNjNlR2k2VzZGOVdZZXI0SHBBdGhSSWVVMWJZRHRwaE1QRms?oc=5\" target=\"_blank\" rel=\"nofollow noopener\">Sports\u00adsjefen om spiller\u00adjakten: \u2013 Hadde v\u00e6rt respekt\u00adl\u00f8st \u00e5 gj\u00f8re<\/a>&nbsp;&nbsp;smp.no<\/li>\n<li><a href=\"https:\/\/news.google.com\/rss\/articles\/CBMib0FVX3lxTFBoaDZDc1FGZkNad3UwZy1RR1FpVmdYZVktT2lHMFNlYlpkQXZvdjY1WjRpQ2c2QloyMkduRFpoQWZfdXVqeF9PZUNGaDhySWJ2QUljWTREMGxuejIwRzVWc29raVBzZl9hakVrbVZlNA?oc=5\" target=\"_blank\" rel=\"nofollow noopener\">Vellykket operasjon for Paul Ngongo \/ Aalesund<\/a>&nbsp;&nbsp;Aalesund<\/li>\n<li><a href=\"https:\/\/news.google.com\/rss\/articles\/CBMivgFBVV95cUxPSF9LU3NxUExnUGI1WVNXd2QtWDZIXzhCSndHWi1iR3FiMDk1a2o4UkJ2UHByNl9vZGxnWG5MMFoyLVJvelBzLXJweTBpMEpDRlJaU0lzYXBNczRYU1RTQk5JSGxILU95SUNiZzM1TktlaDRtNUhJTFdRa1FOUVNFRjEwbDB2aFl3NWlWWE80bmJRZEVLVmxXNDRLOUN1YkxWdmZXR2FFTmVTX3ZuNEtNa09aSFJianBOaDhjeV9B?oc=5\" target=\"_blank\" rel=\"nofollow noopener\">AaFK Kvinner starta opp\u00adk\u00f8yringa til Toppserien onsdag, med nytt namn, trenar og divisjon<\/a>&nbsp;&nbsp;NRK<\/li>\n<li><a href=\"https:\/\/news.google.com\/rss\/articles\/CBMikAFBVV95cUxQU2F5VklRdUpuRkxCVFZkRFg3UlRGYThfQ2FhT0xBUEJIUHlkQUdNQVN5T0g1WXQ4Z0Rwc0NHcVdYZXU0RlFzTDk1dWpfWXVOY1hVODQ3aVZ6MnNPc2dsSDhaRzB2NllxZ3lybEthb0ZXc3Z6Qnl1bG1lZ2JlQ0hrR2VhbTBjLS0wczllWkpFbW4?oc=5\" target=\"_blank\" rel=\"nofollow noopener\">Hit skal AaFK p\u00e5 treningsleir<\/a>&nbsp;&nbsp;smp.no<\/li>\n<\/ol>\n","protected":false},"excerpt":{"rendered":"AaFK starter sesongoppkj\u00f8ringen&nbsp;&nbsp;smp.no Sports\u00adsjefen om spiller\u00adjakten: \u2013 Hadde v\u00e6rt respekt\u00adl\u00f8st \u00e5 gj\u00f8re&nbsp;&nbsp;smp.no Vellykket operasjon for Paul Ngongo \/&hellip;\n","protected":false},"author":2,"featured_media":135331,"comment_status":"","ping_status":"","sticky":false,"template":"","format":"standard","meta":{"footnotes":""},"categories":[59],"tags":[30,28,29,83,82],"class_list":{"0":"post-135330","1":"post","2":"type-post","3":"status-publish","4":"format-standard","5":"has-post-thumbnail","7":"category-sport","8":"tag-no","9":"tag-norge","10":"tag-norway","11":"tag-sport","12":"tag-sports"},"share_on_mastodon":{"url":"https:\/\/pubeurope.com\/@no\/115881537901242458","error":""},"_links":{"self":[{"href":"https:\/\/www.europesays.com\/no\/wp-json\/wp\/v2\/posts\/135330","targetHints":{"allow":["GET"]}}],"collection":[{"href":"https:\/\/www.europesays.com\/no\/wp-json\/wp\/v2\/posts"}],"about":[{"href":"https:\/\/www.europesays.com\/no\/wp-json\/wp\/v2\/types\/post"}],"author":[{"embeddable":true,"href":"https:\/\/www.europesays.com\/no\/wp-json\/wp\/v2\/users\/2"}],"replies":[{"embeddable":true,"href":"https:\/\/www.europesays.com\/no\/wp-json\/wp\/v2\/comments?post=135330"}],"version-history":[{"count":0,"href":"https:\/\/www.europesays.com\/no\/wp-json\/wp\/v2\/posts\/135330\/revisions"}],"wp:featuredmedia":[{"embeddable":true,"href":"https:\/\/www.europesays.com\/no\/wp-json\/wp\/v2\/media\/135331"}],"wp:attachment":[{"href":"https:\/\/www.europesays.com\/no\/wp-json\/wp\/v2\/media?parent=135330"}],"wp:term":[{"taxonomy":"category","embeddable":true,"href":"https:\/\/www.europesays.com\/no\/wp-json\/wp\/v2\/categories?post=135330"},{"taxonomy":"post_tag","embeddable":true,"href":"https:\/\/www.europesays.com\/no\/wp-json\/wp\/v2\/tags?post=135330"}],"curies":[{"name":"wp","href":"https:\/\/api.w.org\/{rel}","templated":true}]}}