{"id":135334,"date":"2026-01-12T10:02:22","date_gmt":"2026-01-12T10:02:22","guid":{"rendered":"https:\/\/www.europesays.com\/no\/135334\/"},"modified":"2026-01-12T10:02:22","modified_gmt":"2026-01-12T10:02:22","slug":"regjeringen-har-lurt-oss","status":"publish","type":"post","link":"https:\/\/www.europesays.com\/no\/135334\/","title":{"rendered":"\u2013 Regjeringen har lurt oss"},"content":{"rendered":"\n<p>I alt 11.695 personer utenfor EU\/E\u00d8S fikk innvilget familiegjenforening i Norge i fjor.<\/p>\n<p><b>Det er det h\u00f8yeste antallet som er registrert siden 2017 \u2013 \u00e5ret da etterd\u00f8nningene av migrantkrisen slo inn for fullt. Sammenlignet med \u00e5ret f\u00f8r tilsvarer det en \u00f8kning p\u00e5 29 prosent.<\/b><\/p>\n<p>\u2013 Regjeringen snakker h\u00f8yt om innstramminger, men tallene fra UDI viser det stikk motsatte. Familieinnvandringen er p\u00e5 sitt h\u00f8yeste niv\u00e5 siden migrantkrisen, og det skjer mens regjeringen sier de har kontroll. Det er \u00e5 aktivt lure befolkningen, sier Frps Erlend Wiborg til Nettavisen.<\/p>\n<p><b>H\u00f8r politisk podkast fra Nettavisen: Dette er karakterboken til St\u00f8res regjering<\/b><\/p>\n<p>Syrere p\u00e5 topp<\/p>\n<p>Tallene viser ogs\u00e5 at Syria topper statistikken, med 2.008 innvilgede tillatelser til familiegjenforening i 2025.<\/p>\n<p><b>Det er det klart h\u00f8yeste niv\u00e5et siden 2017, og mer enn en dobling sammenlignet med 2021.<\/b><\/p>\n<p>Dette skjer samtidig som flere europeiske land \u2013 blant dem Danmark \u2013 enten har startet eller planlegger retur av syriske statsborgere som tidligere har f\u00e5tt beskyttelse.<\/p>\n<p>\u2013 N\u00e5r over 2.000 syrere f\u00e5r familieinnvandring p\u00e5 ett \u00e5r, samtidig som andre europeiske land returnerer syrere, viser det at Norge g\u00e5r i motsatt retning av resten av Europa, sier Wiborg.<\/p>\n<p><b>Familiegjenforening er dagens snakkis. Bli med i diskusjonen i det \u00e5pne kommentarfeltet under. <\/b><\/p>\n<p>   <img decoding=\"async\" width=\"6000\" height=\"4000\" fetchpriority=\"low\"  loading=\"lazy\"  src=\"https:\/\/www.europesays.com\/no\/wp-content\/uploads\/2026\/01\/NTB_NTjBqToLDUs.jpg\" alt=\"Oslo 20251127. &#10;F\u00f8rste nestleder i Kommunal- og forvaltningskommiteen, Erlend Wiborg.&#10;Foto: Jonas F\u00e6ste Laksekj\u00f8n \/ NTB\" class=\"brick-c-cFOWSL\" style=\"--brick-image-ratio: 6000 \/ 4000;\"\/><\/p>\n<p>      OPPR\u00d8RT: Erlend Wiborg og Frp er overrasket over de h\u00f8ye innvandringstallene UDI publiserte, og mener regjeringen svikter.<br \/>\n      Foto: Jonas F\u00e6ste Laksekj\u00f8n\n    <\/p>\n<p><b>Les ogs\u00e5: <a href=\"https:\/\/www.nettavisen.no\/nyheter\/intern-hoyre-krangel-vi-ma-lare-av-ap-sine-feil\/s\/5-95-2768407\" rel=\"Follow nofollow noopener\" target=\"_blank\">Interne H\u00f8yre-dokumenter p\u00e5 avveie: \u2013 Vi m\u00e5 l\u00e6re av Ap sine feil<\/a><\/b><\/p>\n<p>    Vil du se neste video?<\/p>\n<p>    <a href=\"https:\/\/www.nettavisen.no\/nyheter\/pete-hegseth-avbryter-plutselig-marco-rubio-klikker-pa-direkten\/v\/5-95-2813524\" class=\"recommend-poster\" data-adp-clicklabel=\"video-recommend\" data-adp-clickvalue=\"poster\" rel=\"nofollow noopener\" target=\"_blank\"><br \/>\n      <img decoding=\"async\" width=\"200\" height=\"200\" loading=\"lazy\" src=\"https:\/\/www.europesays.com\/no\/wp-content\/uploads\/2026\/01\/Hegseth+til+cue.jpg\" alt=\"\" class=\"brick-c-cFOWSL\" style=\"--brick-image-ratio: 200 \/ 200;\"\/><\/p>\n<p>Avbryter plutselig: Klikker p\u00e5 direkten1:05<\/p>\n<p>    <\/a><\/p>\n<p>Ikke-vestlige land dominerer<\/p>\n<p>UDI-tallene viser videre at alle de fem st\u00f8rste opprinnelseslandene er ikke-vestlige, og at \u00e5tte av ti land p\u00e5 topp ti-listen faller i samme kategori. Innvilgelsesgraden for familieinnvandring var p\u00e5 hele 88 prosent.<\/p>\n<p>Blant landene h\u00f8yt p\u00e5 listen finner man ogs\u00e5 Pakistan, som hadde 716 innvilgelser i 2025. Det er det nest h\u00f8yeste niv\u00e5et som er registrert, med unntak av 2023 \u2013 og mer enn en dobling sammenlignet med perioden da Frp og H\u00f8yre satt i regjering.<\/p>\n<p>\u2013 Det er oppsiktsvekkende at pakistanere igjen ligger s\u00e5 h\u00f8yt, etter over 50 \u00e5r med innvandringshistorie i Norge. Hvorfor skal s\u00e5 mange fortsatt f\u00e5 familieinnvandring, sp\u00f8r Wiborg.<\/p>\n<p><b>Lest denne? <a href=\"https:\/\/www.nettavisen.no\/nyheter\/krangel-og-krisemote-etter-intern-hilse-nekt\/s\/5-95-2638143\" rel=\"Follow nofollow noopener\" target=\"_blank\">Internt oppvaskm\u00f8te etter \u00abhilse-nekt\u00bb i H\u00f8yre<\/a><\/b><\/p>\n<p>\u2013 Skyver regningen over p\u00e5 kommunene<\/p>\n<p>Frp mener regjeringens politikk vil forsterke integreringsutfordringer og f\u00f8re til \u00f8kte kostnader for kommunene.<\/p>\n<p>\u2013 N\u00e5r \u00e5tte av ti land p\u00e5 topp ti-listen er ikke-vestlige, er det \u00e5penbart at dagens politikk bidrar til \u00f8kt utenforskap og st\u00f8rre integreringsutfordringer. Regjeringen f\u00f8rer en politikk som splitter samfunnet, samtidig som de skyver regningen over p\u00e5 kommunene, sier Wiborg.<\/p>\n<p>Han retter ogs\u00e5 direkte kritikk mot <a href=\"https:\/\/www.nettavisen.no\/nyheter\/tonje-brenna-med-oppgjor-i-innvandrings-debatten-handler-ikke-om-moral\/s\/5-95-2771624\" rel=\"Follow nofollow noopener\" target=\"_blank\">Ap-nestleder Tonje Brenna (Ap). F\u00f8r jul lovet hun strammere innvandringspolitikk i et stortstilt intervju med Nettavisen.<\/a><\/p>\n<p>\u2013 Mens Tonje Brenna er ute og t\u00f8ffer seg retorisk om innstramminger, tillater hun og regjeringen rekordstore inntak av innvandrere fra ikke-vestlige land, hvor vi erfaringsmessig vet at dette f\u00f8rer til store netto kostnader for lokalsamfunnene.<\/p>\n<p><b>Nettavisen avsl\u00f8rer: <a href=\"https:\/\/www.nettavisen.no\/nyheter\/nettavisen-avslorer-internt-hoyre-drama\/s\/5-95-2765741\" rel=\"Follow nofollow noopener\" target=\"_blank\">Internt H\u00f8yre-drama midt i maktkampen<\/a><\/b><\/p>\n<p>Justisminister Astri Aas-Hansen (Ap) sier Wiborg og Frp taler mot bedre vitende. <\/p>\n<p>\u2013 Regjeringen har varslet flere grep for \u00e5 h\u00e5ndtere utfordringene med irregul\u00e6r migrasjon og misbruk av asylinstituttet. I 2026 vil vi prioritere en mer effektiv utlendingsforvaltning, skjerping i vilk\u00e5rene for familieinnvandring, styrket returarbeid og \u00f8kt internasjonalt samarbeid om nye l\u00f8sninger og tiltak, skriver hun i en e-post til Nettavisen.<\/p>\n<p>Vil stramme kraftig inn<\/p>\n<p>Frp varsler n\u00e5 en omfattende kursendring dersom partiet f\u00e5r gjennomslag for sin politikk. Partiet vil blant annet stille langt strengere krav for familiegjenforening.<\/p>\n<p>\u2013 Vi vil kreve at man er fullt integrert, kan spr\u00e5ket, er selvfors\u00f8rget gjennom egen jobb, ikke mottar NAV-ytelser og ikke har beg\u00e5tt kriminelle handlinger, sier Wiborg.<\/p>\n<p>I tillegg vil Frp nekte personer med midlertidig opphold familiegjenforening i Norge, og flytte asylbehandlingen ut av landet.<\/p>\n<p>\u2013 Integrering fungerer ikke uten kontroll p\u00e5 hvem og hvor mange som kommer. Norge m\u00e5 i likhet med resten av Europa stramme kraftig inn. Regjeringen gj\u00f8r det motsatte, og det er uansvarlig, sier Wiborg.<\/p>\n","protected":false},"excerpt":{"rendered":"I alt 11.695 personer utenfor EU\/E\u00d8S fikk innvilget familiegjenforening i Norge i fjor. Det er det h\u00f8yeste antallet&hellip;\n","protected":false},"author":2,"featured_media":135335,"comment_status":"","ping_status":"","sticky":false,"template":"","format":"standard","meta":{"footnotes":""},"categories":[10],"tags":[20,21,24,25,15,22,23,13,30,28,29,14,16,26,27],"class_list":{"0":"post-135334","1":"post","2":"type-post","3":"status-publish","4":"format-standard","5":"has-post-thumbnail","7":"category-norge","8":"tag-breaking-news","9":"tag-breakingnews","10":"tag-featured-news","11":"tag-featurednews","12":"tag-headlines","13":"tag-latest-news","14":"tag-latestnews","15":"tag-news","16":"tag-no","17":"tag-norge","18":"tag-norway","19":"tag-nyheter","20":"tag-overskrifter","21":"tag-top-stories","22":"tag-topstories"},"share_on_mastodon":{"url":"https:\/\/pubeurope.com\/@no\/115881557524266265","error":""},"_links":{"self":[{"href":"https:\/\/www.europesays.com\/no\/wp-json\/wp\/v2\/posts\/135334","targetHints":{"allow":["GET"]}}],"collection":[{"href":"https:\/\/www.europesays.com\/no\/wp-json\/wp\/v2\/posts"}],"about":[{"href":"https:\/\/www.europesays.com\/no\/wp-json\/wp\/v2\/types\/post"}],"author":[{"embeddable":true,"href":"https:\/\/www.europesays.com\/no\/wp-json\/wp\/v2\/users\/2"}],"replies":[{"embeddable":true,"href":"https:\/\/www.europesays.com\/no\/wp-json\/wp\/v2\/comments?post=135334"}],"version-history":[{"count":0,"href":"https:\/\/www.europesays.com\/no\/wp-json\/wp\/v2\/posts\/135334\/revisions"}],"wp:featuredmedia":[{"embeddable":true,"href":"https:\/\/www.europesays.com\/no\/wp-json\/wp\/v2\/media\/135335"}],"wp:attachment":[{"href":"https:\/\/www.europesays.com\/no\/wp-json\/wp\/v2\/media?parent=135334"}],"wp:term":[{"taxonomy":"category","embeddable":true,"href":"https:\/\/www.europesays.com\/no\/wp-json\/wp\/v2\/categories?post=135334"},{"taxonomy":"post_tag","embeddable":true,"href":"https:\/\/www.europesays.com\/no\/wp-json\/wp\/v2\/tags?post=135334"}],"curies":[{"name":"wp","href":"https:\/\/api.w.org\/{rel}","templated":true}]}}