{"id":135336,"date":"2026-01-12T10:04:06","date_gmt":"2026-01-12T10:04:06","guid":{"rendered":"https:\/\/www.europesays.com\/no\/135336\/"},"modified":"2026-01-12T10:04:06","modified_gmt":"2026-01-12T10:04:06","slug":"aktuell-som-carrick-assistent","status":"publish","type":"post","link":"https:\/\/www.europesays.com\/no\/135336\/","title":{"rendered":"\u2013 Aktuell som Carrick-assistent"},"content":{"rendered":"<p>Michael Carrick er favoritt til rollen som midlertidig hovedtrener frem til sesongslutt.\u00a0<\/p>\n<p class=\"font-weight-bold m-font-weight-bold\" data-lab-font_weight=\"font-weight-bold\">N\u00e5 skriver Laurie Whitwell i <a href=\"https:\/\/www.nytimes.com\/athletic\/6942066\/2026\/01\/12\/manchester-united-michael-carrick-manager-next-interim\/\" target=\"_blank\" rel=\"nofollow noopener\">The Athletic<\/a> at Darren Fletcher er aktuell som en av Carricks assistenter.<\/p>\n<p>Fletcher har ledet laget i de to siste kampene, etter at han tok p\u00e5 seg ansvaret da R\u00faben Amorim fikk sparken forrige mandag.<\/p>\n<p>Etter 1-2-tapet for Brighton s\u00f8ndag ble Fletcher spurt om han hadde f\u00e5tt snakket med noen om fremtiden, men da hevdet han at han ikke hadde det.<\/p>\n<p>\u2013 Jeg har ikke hatt noen samtaler [om fremtiden], vi er akkurat ferdige med kampen, og har bare snakket med media, spillerne og st\u00f8tteapparatet, sa Fletcher.<\/p>\n<p>\u2013 Jeg m\u00e5 rapportere til Carrington i morgen tidlig, det er alt jeg vet. Jeg kommer til \u00e5 finne ut hva enn jeg trenger \u00e5 vite i morgen tidlig. Jeg har ikke f\u00e5tt noen indikasjoner [p\u00e5 hvem som vil lede laget ut sesongen], og alt mitt fokus og min energi m\u00e5tte g\u00e5 til det \u00e5 lede laget i disse to kampene p\u00e5 kort varsel, sa han.<\/p>\n<p data-lab-font_weight=\"\">Det skal ogs\u00e5 v\u00e6re aktuelt \u00e5 hente inn enda en assistenttrener frem til en permanent hovedtrener er p\u00e5 plass. Hvem det kan bli er enn s\u00e5 lenge ukjent.<\/p>\n<p>Klubben understreker at ingen endelig avgj\u00f8relse er tatt, men en kunngj\u00f8ring ventes innen de neste 48 timene.<\/p>\n<p>Ole Gunnar Solskj\u00e6r ble en stund sett p\u00e5 som den ledende kandidaten, men Carrick ser alts\u00e5 ut til \u00e5 ha\u00a0kommet best ut av intervjuprosessen forrige uke.<\/p>\n<p>        <a itemprop=\"url\" class=\"\" href=\"https:\/\/www.united.no\/nyheter\/en-ting-kan-redde-denne-sesongen\/1414127\" data-k5a-url=\"https:\/\/www.united.no\/a\/1414127\" rel=\"nofollow noopener\" target=\"_blank\"><\/p>\n<p>            \u00ab\u00c9n ting kan redde denne sesongen\u00bb<\/p>\n<p>        <\/a><\/p>\n","protected":false},"excerpt":{"rendered":"Michael Carrick er favoritt til rollen som midlertidig hovedtrener frem til sesongslutt.\u00a0 N\u00e5 skriver Laurie Whitwell i The&hellip;\n","protected":false},"author":2,"featured_media":135337,"comment_status":"","ping_status":"","sticky":false,"template":"","format":"standard","meta":{"footnotes":""},"categories":[59],"tags":[30,28,29,83,82],"class_list":{"0":"post-135336","1":"post","2":"type-post","3":"status-publish","4":"format-standard","5":"has-post-thumbnail","7":"category-sport","8":"tag-no","9":"tag-norge","10":"tag-norway","11":"tag-sport","12":"tag-sports"},"share_on_mastodon":{"url":"https:\/\/pubeurope.com\/@no\/115881565388363083","error":""},"_links":{"self":[{"href":"https:\/\/www.europesays.com\/no\/wp-json\/wp\/v2\/posts\/135336","targetHints":{"allow":["GET"]}}],"collection":[{"href":"https:\/\/www.europesays.com\/no\/wp-json\/wp\/v2\/posts"}],"about":[{"href":"https:\/\/www.europesays.com\/no\/wp-json\/wp\/v2\/types\/post"}],"author":[{"embeddable":true,"href":"https:\/\/www.europesays.com\/no\/wp-json\/wp\/v2\/users\/2"}],"replies":[{"embeddable":true,"href":"https:\/\/www.europesays.com\/no\/wp-json\/wp\/v2\/comments?post=135336"}],"version-history":[{"count":0,"href":"https:\/\/www.europesays.com\/no\/wp-json\/wp\/v2\/posts\/135336\/revisions"}],"wp:featuredmedia":[{"embeddable":true,"href":"https:\/\/www.europesays.com\/no\/wp-json\/wp\/v2\/media\/135337"}],"wp:attachment":[{"href":"https:\/\/www.europesays.com\/no\/wp-json\/wp\/v2\/media?parent=135336"}],"wp:term":[{"taxonomy":"category","embeddable":true,"href":"https:\/\/www.europesays.com\/no\/wp-json\/wp\/v2\/categories?post=135336"},{"taxonomy":"post_tag","embeddable":true,"href":"https:\/\/www.europesays.com\/no\/wp-json\/wp\/v2\/tags?post=135336"}],"curies":[{"name":"wp","href":"https:\/\/api.w.org\/{rel}","templated":true}]}}