{"id":135348,"date":"2026-01-12T10:18:20","date_gmt":"2026-01-12T10:18:20","guid":{"rendered":"https:\/\/www.europesays.com\/no\/135348\/"},"modified":"2026-01-12T10:18:20","modified_gmt":"2026-01-12T10:18:20","slug":"arbeidsliv-naeringsliv-dette-kjopte-lofotingene-pa-polet-i-2025-lofotposten","status":"publish","type":"post","link":"https:\/\/www.europesays.com\/no\/135348\/","title":{"rendered":"Arbeidsliv, N\u00e6ringsliv | Dette kj\u00f8pte lofotingene p\u00e5 polet i 2025 &#8211; Lofotposten"},"content":{"rendered":"<ol>\n<li><a href=\"https:\/\/news.google.com\/rss\/articles\/CBMiigFBVV95cUxNa3l2WUhvOWh4eEd6T1JxY1NPVnA0RjhRcjNZeWRxWWsybjFUc1BxSll4NmtRcnRYZFVYZnR4bS1TMW1RR2hnc1NRcEtqeEljYm4wb21KWGZSWDZVcTIyUWN2czRPT1pmMG9yNE9qWTI2UWNvdk03bm5uZXh6Z2QyRlM5djhJN1UwU3c?oc=5\" target=\"_blank\" rel=\"nofollow noopener\">Arbeidsliv, N\u00e6ringsliv | Dette kj\u00f8pte lofotingene p\u00e5 polet i 2025<\/a>&nbsp;&nbsp;Lofotposten<\/li>\n<li><a href=\"https:\/\/news.google.com\/rss\/articles\/CBMiigFBVV95cUxNSFJYOV90a3o4aXQxV3dmRXA2a2tBbkVGY1hzZ1A3RUZzQmZFTDBab004Xzd4YnBzMnk2bkFBTkxvRmFkQnlZS2xTWkhpTTZSOVhaYWNNX3VJWGh4aEgtYmJYb3JZYjhmaWlhaWVnVmx1aGhXY184Mk1aT0Ztbkx3QXJNRFNUV3YwNGc?oc=5\" target=\"_blank\" rel=\"nofollow noopener\">Vi handla mindre polvarer i Nordfjord<\/a>&nbsp;&nbsp;fjordabladet.no<\/li>\n<li><a href=\"https:\/\/news.google.com\/rss\/articles\/CBMihgFBVV95cUxObkE5cEptUElNNEExWWxNTU41Y3VCSVVSYmNGQkZxY3ZpN2lwSE9ncmFJc1hPQW5MMHdmQ09nNFNJejRNRk5Qd0wxaWZ1RmZFdHFOTHpMb0RWclZMSFNRYmxsWnRkZ1NLVHBwOGd5RGljR24xMFQ5cTNRZjlzQVJhMTkwZW10Zw?oc=5\" target=\"_blank\" rel=\"nofollow noopener\">Nord-Aurdal, S\u00f8r-Aurdal | Jo svakere, jo bedre?: \u2013 Veldig positivt<\/a>&nbsp;&nbsp;Avisa Valdres<\/li>\n<li><a href=\"https:\/\/news.google.com\/rss\/articles\/CBMirAFBVV95cUxQd1dLdVQtbmd0TXd6NXVLTHBGUGxkZU9zVHBzRVkwRU1SRER6MzNMV2tYUkh5aXBzRXpLN0Q1TG1KVF9QUWYxSVYwLW5Uc1gtdWM5U1k2U0tVeVRuaml5a3BoeWVxVjExbDVjVE93Z1V5d3lJTkdJQlZCaDl5QnIyZXVTMnVzZ3ZySlpVOHNGZXd4Y01Qa1lQZFRNbHlzaGJmd29PYk41TGxrTThF?oc=5\" target=\"_blank\" rel=\"nofollow noopener\">Jan Dagfinn har merket \u00e9n stor endring p\u00e5 polet<\/a>&nbsp;&nbsp;av-avis.no<\/li>\n<li><a href=\"https:\/\/news.google.com\/rss\/articles\/CBMi0AFBVV95cUxOQUViRFB3U3RmMk9yUkxncF91aDhwMTJ6Zm9jcnpVTjZJcmF1aWlnbm5ybWItUnE0WHJmTXJwYVRNclRSYzNoakx1UThLTl8tdmJiOHg4YlUxRzNybi0tUl9BUFRYeXpEVWppeTBLMy1fckg0c3VqMjZCb21Nc1lZMnExX2xab2F2SU8xdjZDaEtNOXhtT2k0MF9wdUVrdEtyWGRJellZUE9wajFpcnBwanFTR0RoR0RpcHZDVHE4eFZvSGh2QnN2ZTRBaUJRLUFY?oc=5\" target=\"_blank\" rel=\"nofollow noopener\">Dette solgte Vinmonopolet p\u00e5 \u00d8rnes mest av i 2025: \u2013 Folk er mer bevisste p\u00e5 drikkevanene sine<\/a>&nbsp;&nbsp;kulingen.no<\/li>\n<\/ol>\n","protected":false},"excerpt":{"rendered":"Arbeidsliv, N\u00e6ringsliv | Dette kj\u00f8pte lofotingene p\u00e5 polet i 2025&nbsp;&nbsp;Lofotposten Vi handla mindre polvarer i Nordfjord&nbsp;&nbsp;fjordabladet.no Nord-Aurdal, S\u00f8r-Aurdal&hellip;\n","protected":false},"author":2,"featured_media":135349,"comment_status":"","ping_status":"","sticky":false,"template":"","format":"standard","meta":{"footnotes":""},"categories":[56],"tags":[60,61,62,30,28,29],"class_list":{"0":"post-135348","1":"post","2":"type-post","3":"status-publish","4":"format-standard","5":"has-post-thumbnail","7":"category-naeringsliv","8":"tag-business","9":"tag-economy","10":"tag-naeringsliv","11":"tag-no","12":"tag-norge","13":"tag-norway"},"share_on_mastodon":{"url":"https:\/\/pubeurope.com\/@no\/115881620656433418","error":""},"_links":{"self":[{"href":"https:\/\/www.europesays.com\/no\/wp-json\/wp\/v2\/posts\/135348","targetHints":{"allow":["GET"]}}],"collection":[{"href":"https:\/\/www.europesays.com\/no\/wp-json\/wp\/v2\/posts"}],"about":[{"href":"https:\/\/www.europesays.com\/no\/wp-json\/wp\/v2\/types\/post"}],"author":[{"embeddable":true,"href":"https:\/\/www.europesays.com\/no\/wp-json\/wp\/v2\/users\/2"}],"replies":[{"embeddable":true,"href":"https:\/\/www.europesays.com\/no\/wp-json\/wp\/v2\/comments?post=135348"}],"version-history":[{"count":0,"href":"https:\/\/www.europesays.com\/no\/wp-json\/wp\/v2\/posts\/135348\/revisions"}],"wp:featuredmedia":[{"embeddable":true,"href":"https:\/\/www.europesays.com\/no\/wp-json\/wp\/v2\/media\/135349"}],"wp:attachment":[{"href":"https:\/\/www.europesays.com\/no\/wp-json\/wp\/v2\/media?parent=135348"}],"wp:term":[{"taxonomy":"category","embeddable":true,"href":"https:\/\/www.europesays.com\/no\/wp-json\/wp\/v2\/categories?post=135348"},{"taxonomy":"post_tag","embeddable":true,"href":"https:\/\/www.europesays.com\/no\/wp-json\/wp\/v2\/tags?post=135348"}],"curies":[{"name":"wp","href":"https:\/\/api.w.org\/{rel}","templated":true}]}}