{"id":135350,"date":"2026-01-12T10:19:13","date_gmt":"2026-01-12T10:19:13","guid":{"rendered":"https:\/\/www.europesays.com\/no\/135350\/"},"modified":"2026-01-12T10:19:13","modified_gmt":"2026-01-12T10:19:13","slug":"utenriksminister-abbas-araghchi-sier-situasjonen-er-under-kontroll","status":"publish","type":"post","link":"https:\/\/www.europesays.com\/no\/135350\/","title":{"rendered":"Utenriksminister Abbas Araghchi sier situasjonen er \u00abunder kontroll\u00bb"},"content":{"rendered":"\n<ul class=\"_list_o9xde_3 _list_64s2r_85 _unordered_o9xde_106 text-sans-m\">\n<li class=\"_item_o9xde_30\">Flere hundre skal v\u00e6re drept og over 10.000 p\u00e5grepet under masseprotester i Iran.<\/li>\n<li class=\"_item_o9xde_30\">Utenriksminister Abbas Araghchi hevder situasjonen er \u00abunder kontroll\u00bb.<\/li>\n<li class=\"_item_o9xde_30\">Regimet skal ha sendt ut SMS-er for \u00e5 mobilisere regimevennlige demonstrasjoner.<\/li>\n<li class=\"_item_o9xde_30\">Internett og mobilnett er delvis blokkert; tilgang vil gjenopprettes if\u00f8lge myndighetene.<\/li>\n<\/ul>\n<p>Vis mer <\/p>\n<p class=\"_paragraph_o9xde_4 _paragraph_xtcu6_10 layout-component text-serif-m layout-normal text-serif-m layout-padded\">Siden slutten av fjor\u00e5ret har store folkemengder samlet seg i <a href=\"https:\/\/www.vg.no\/tag\/iran?utm_source=vg-article&amp;utm_medium=auto-tagger&amp;utm_campaign=GxaxOJ\" class=\"_link_o9xde_39\" rel=\"nofollow noopener\" target=\"_blank\">Irans<\/a> gater for \u00e5 protestere. B\u00e5de mot landets regime, og en svak \u00f8konomi, preget av h\u00f8y inflasjon og en valuta som svekkes raskt. <\/p>\n<p class=\"_paragraph_o9xde_4 _paragraph_xtcu6_10 layout-component text-serif-m layout-normal text-serif-m layout-padded\">Protestene er de klart st\u00f8rste de siste \u00e5rene, if\u00f8lge <a href=\"https:\/\/www.vg.no\/nyheter\/i\/Rj99kd\/demonstrasjonene-i-iran-en-reell-utfordring-for-regimet\" data-track-element-type=\"Link\" data-track-id=\"link:Rj99kd\" class=\"_link_o9xde_39\" rel=\"nofollow noopener\" target=\"_blank\">eksperter<\/a>.<\/p>\n<p><img alt=\"Irans utenriksminister Abbas Araghchi.  Foto: RAMIL SITDIKOV \/ REUTERS \/ POOL \/ EPA \/ NTB\" class=\"_image_qp4xg_65 layout-component layout-normal\" data-fullscreen- data-track-element-type=\"Article image fullscreen\" data-track-name=\"ImageFullscreen\" decoding=\"async\" loading=\"lazy\" height=\"1351\" itemprop=\"image\"  src=\"https:\/\/www.europesays.com\/no\/wp-content\/uploads\/2026\/01\/63307425-85c5-4b00-a4c3-2d8689fed248.jpeg\"  style=\"object-position:0% 0%\" width=\"2096\"\/>Irans utenriksminister Abbas Araghchi.  Foto: RAMIL SITDIKOV \/ REUTERS \/ POOL \/ EPA \/ NTB<\/p>\n<p class=\"_paragraph_o9xde_4 _paragraph_xtcu6_10 layout-component text-serif-m layout-normal text-serif-m layout-padded\"><a href=\"https:\/\/www.vg.no\/nyheter\/i\/7pK6J9\/trump-vurderer-militaerangrep-mot-iran\" data-track-element-type=\"Link\" data-track-id=\"link:7pK6J9\" class=\"_link_o9xde_39\" rel=\"nofollow noopener\" target=\"_blank\">Minst 538 personer har blitt drept<\/a>\u00a0siden protestene startet 28. desember, melder\u00a0<a href=\"https:\/\/apnews.com\/article\/iran-protests-us-israel-war-nuclear-economy-ae5add408f0dbc724962d41cc37c939a\" class=\"_link_o9xde_39\" rel=\"nofollow noopener\" target=\"_blank\">AP<\/a>\u00a0s\u00f8ndag kveld. Over 10.600 personer skal v\u00e6re p\u00e5grepet. Det faktiske antallet kan v\u00e6re langt h\u00f8yere.<\/p>\n<p class=\"_paragraph_o9xde_4 _paragraph_xtcu6_10 layout-component text-serif-m layout-normal text-serif-m layout-padded\">Mandag morgen kommer landets utenriksminister, Abbas Araghchi, med ny beskjed etter en helg med voldsomme demonstrasjoner: <\/p>\n<p class=\"_paragraph_o9xde_4 _paragraph_xtcu6_10 layout-component text-serif-m layout-normal text-serif-m layout-padded\"><strong class=\"_strong_o9xde_25\">Situasjonen i Iran er \u00abunder kontroll\u00bb, hevder han, if\u00f8lge Reuters. <\/strong><\/p>\n<p class=\"_paragraph_o9xde_4 _paragraph_xtcu6_10 layout-component text-serif-m layout-normal layout-padded\"><strong class=\"_strong_o9xde_25\">Les ogs\u00e5:<\/strong> <a href=\"https:\/\/www.vg.no\/i\/M73oMr\" data-track-element-type=\"Link\" data-track-id=\"link:M73oMr\" class=\"_link_o9xde_39\" rel=\"nofollow noopener\" target=\"_blank\">Diktaturet kan falle <\/a><\/p>\n<ul class=\"_gallery_1qa3s_23\" tabindex=\"0\">\n<li class=\"_item_1qa3s_37\" data-index=\"0\"><img decoding=\"async\" class=\"_image_foru8_23 _articleGallery_foru8_39\" data-fullscreen- width=\"3030\" height=\"3725\" itemprop=\"image\" loading=\"lazy\"  src=\"https:\/\/www.europesays.com\/no\/wp-content\/uploads\/2026\/01\/1768213150_851_a7779c6e-8dcc-44cf-9dc0-02c3ea68a29d.jpeg\"  style=\"object-position:50% 50%;aspect-ratio:var(--gallery-aspect-ratio, 16 \/ 9)\"\/>Foto: AP \/ NTB<\/li>\n<li class=\"_item_1qa3s_37\" data-index=\"1\"><img decoding=\"async\" class=\"_image_foru8_23 _articleGallery_foru8_39\" data-fullscreen- width=\"2848\" height=\"4000\" itemprop=\"image\" loading=\"lazy\"  src=\"https:\/\/www.europesays.com\/no\/wp-content\/uploads\/2026\/01\/1768213150_79_e477d624-e574-460c-b6cd-33c9fe3bd7ca.jpeg\"  style=\"object-position:50% 50%;aspect-ratio:var(--gallery-aspect-ratio, 16 \/ 9)\"\/>Foto: AP \/ NTB<\/li>\n<\/ul>\n<p class=\"_paragraph_o9xde_4 _paragraph_xtcu6_10 layout-component text-serif-m layout-normal text-serif-m layout-padded\">\u2013 Det er slett ikke f\u00f8rste gang at vi ser voldsomme demonstrasjoner mot regimet i Iran, sier historieprofessor og forsker ved UiO og PRIO, Hilde Henriksen Waage, til VG.<\/p>\n<p class=\"_paragraph_o9xde_4 _paragraph_xtcu6_10 layout-component text-serif-m layout-normal text-serif-m layout-padded\">Det som derimot er nytt denne gangen, sier hun, er Irans svekkede og svake utenrikspolitiske situasjon. If\u00f8lge eksperten har ikke landet lenger noen allierte i regionen \u00e5 spille p\u00e5.<\/p>\n<p class=\"_paragraph_o9xde_4 _paragraph_xtcu6_10 layout-component text-serif-m layout-normal text-serif-m layout-padded\">\u2013 Syria har nytt regime og en usikker situasjon, Hizbollah ligger nede med brukket rygg og har mer enn nok med \u00e5 stable seg selv p\u00e5 beina, og det samme med Hamas, sier Waage. <\/p>\n<p class=\"_paragraph_o9xde_4 _paragraph_xtcu6_10 layout-component text-serif-m layout-normal text-serif-m layout-padded\">Dette gj\u00f8r at Iran har mistet viktige tr\u00e5der \u00e5 trekke i n\u00e5r de trenger hjelp til \u00e5 st\u00e5 imot det Waage sier er landets to hovedfiender: USA og Israel. <\/p>\n<p class=\"_paragraph_o9xde_4 _paragraph_xtcu6_10 layout-component text-serif-m layout-normal text-serif-m layout-padded\"><strong class=\"_strong_o9xde_25\">Ogs\u00e5 innenrikspolitisk vakler Iran. <\/strong><\/p>\n<p class=\"_paragraph_o9xde_4 _paragraph_xtcu6_10 layout-component text-serif-m layout-normal text-serif-m layout-padded\">\u2013 Problemet er at det ikke finnes noe reelt alternativ til prestestyret, ikke noe samlet opposisjon. Den er splittet i veldig mange ulike grupperinger og meninger, sier Waage. <\/p>\n<p class=\"_paragraph_o9xde_4 _paragraph_xtcu6_10 layout-component text-serif-m layout-normal text-serif-m layout-padded\">Araghchi sier at volden toppet seg over helgen, og gir president Donald Trumps trusler om \u00e5 m\u00e5tte gripe inn dersom Iran dreper fredelige demonstranter skylden. <\/p>\n<p class=\"_paragraph_o9xde_4 _paragraph_xtcu6_10 layout-component text-serif-m layout-normal text-serif-m layout-padded\">Senest l\u00f8rdag la han ut en post p\u00e5\u00a0<a href=\"https:\/\/truthsocial.com\/@realDonaldTrump\/posts\/115872214156165257\" class=\"_link_o9xde_39\" rel=\"nofollow noopener\" target=\"_blank\">Truth Social<\/a>\u00a0hvor han skriver at \u00abUSA er klare for \u00e5 hjelpe\u00bb.<\/p>\n<p><img alt=\"Foto: Skjermdump fra Truth Social\" class=\"_image_qp4xg_65 layout-component layout-normal\" data-fullscreen- data-track-element-type=\"Article image fullscreen\" data-track-name=\"ImageFullscreen\" decoding=\"async\" loading=\"lazy\" height=\"208\" itemprop=\"image\"  src=\"https:\/\/www.europesays.com\/no\/wp-content\/uploads\/2026\/01\/1768213150_73_d38936f7-5374-4265-9d3c-1b92fd8f9800.jpeg\"  style=\"object-position:0% 0%\" width=\"495\"\/>Foto: Skjermdump fra Truth Social<\/p>\n<p class=\"_paragraph_o9xde_4 _paragraph_xtcu6_10 layout-component text-serif-m layout-normal text-serif-m layout-padded\">Utenriksministeren sier at \u00abterrorister\u00bb m\u00e5lrettet skal ha g\u00e5tt etter b\u00e5de demonstranter og sikkerhetsstyrker, men hevder at regimet n\u00e5 har kontroll over situasjonen. <\/p>\n<p class=\"_paragraph_o9xde_4 _paragraph_xtcu6_10 layout-component text-serif-m layout-normal text-serif-m layout-padded\"><strong class=\"_strong_o9xde_25\">Videre sier han: \u00abVi er klare for krig, men ogs\u00e5 for dialog\u00bb.<\/strong><\/p>\n<p class=\"font-weight-semi-bold color-accent label-medium _label_16v91_20\">Tidslinje<\/p>\n<p> Masseprotestene i Iran<\/p>\n<p class=\"_paragraph_o9xde_4 _paragraph_xtcu6_10 _paragraph_16v91_10 layout-component text-serif-m layout-normal text-sans-m layout-padded\">28. desember: Protester bryter ut i to basarer sentral i Teheran.<\/p>\n<p class=\"_paragraph_o9xde_4 _paragraph_xtcu6_10 _paragraph_16v91_10 layout-component text-serif-m layout-normal text-sans-m layout-padded\">Tidligere i desember \u00f8kte myndighetene prisene p\u00e5 statlig subsidiert bensin. <\/p>\n<p class=\"_paragraph_o9xde_4 _paragraph_xtcu6_10 _paragraph_16v91_10 layout-component text-serif-m layout-normal text-sans-m layout-padded\">Valutaen har sunket til et rekordlavt niv\u00e5: Den iranske rialen svekker seg til 1,42 millioner mot \u00e9n amerikansk dollar. Valutafallet presser inflasjonen og prisene i landet opp. <\/p>\n<p class=\"_paragraph_o9xde_4 _paragraph_xtcu6_10 _paragraph_16v91_10 layout-component text-serif-m layout-normal text-sans-m layout-padded\">I romjulen sprer protestene seg til andre byer, og sentralbanksjefen sier opp. Politiet bruker t\u00e5regass mot demonstrantene i Teheran.<strong class=\"_strong_o9xde_25\"> <\/strong>Myndighetene s\u00f8r i Iran sier protestene ble voldelig, da protestanter br\u00f8t seg inn i en statlig bygning i byen Fasna. <\/p>\n<ul class=\"_list_o9xde_3 _list_xtcu6_9 _list_16v91_9 _unordered_o9xde_106 layout-component text-serif-m layout-normal text-sans-m layout-padded\">\n<li class=\"_item_o9xde_30\">1. januar:<strong class=\"_strong_o9xde_25\"> <\/strong>Det blir for f\u00f8rste gang rapportert om d\u00f8dsfall i forbindelse med protestene. Myndighetene sier at minst syv personer er drept, i provinsene Lorestan, Bakhtiari og Isfahan. <\/li>\n<li class=\"_item_o9xde_30\">2. januar: Trump sier at USA vil gripe inn dersom Iran dreper fredelige demonstranter. <\/li>\n<li class=\"_item_o9xde_30\">3. januar: Protestene har spredd seg til 170 steder i 25 provinser. Minst 15 personer er drept og 580 arrestert.<\/li>\n<li class=\"_item_o9xde_30\">6. januar: Antall drepte stiger til 36. Sikkerhetsstyrker bryter opp demonstrasjoner i Teherans \u00abGrand bazar\u00bb ved bruk av t\u00e5regass. Demonstrasjonene foreg\u00e5r n\u00e5 p\u00e5 280 ulike steder i 27 av landets 31 provinser. <\/li>\n<li class=\"_item_o9xde_30\">8. januar: Reza Pahlavi, som er s\u00f8nn av sjahen som ble avsatt i den islamske revolusjonen i Iran i 1979, ber iranere om \u00e5 g\u00e5 ut i gatene og demonstrere. Regimet svarer ved \u00e5 blokkere internett i hele landet. Minst 62 personer skal v\u00e6re drept og over 2300 arrestert. <\/li>\n<li class=\"_item_o9xde_30\">9. januar: Irans \u00f8verste leder Ali Khamenei kommer med en offentlig uttalelse om demonstrasjonene hvor han blant annet sier at demonstranter er \u00abterrorister\u00bb og \u00ab\u00f8delegger sine egne gater for \u00e5 blidgj\u00f8re presidenten i USA\u00bb.<\/li>\n<li class=\"_item_o9xde_30\">10. januar: Riksadvokaten advarer om at demonstranter kan f\u00e5 d\u00f8dsstraff. <\/li>\n<\/ul>\n<p class=\"_paragraph_o9xde_4 _paragraph_xtcu6_10 _paragraph_16v91_10 layout-component text-serif-m layout-normal text-sans-m layout-padded\">Kilde: <a href=\"https:\/\/apnews.com\/article\/iran-protests-us-israel-war-economy-d5da3b5f56449dd3871c9438c07f069f\" class=\"_link_o9xde_39\" rel=\"nofollow noopener\" target=\"_blank\">AP News, HRANA<\/a><\/p>\n<p>Vis mer<\/p>\n<p class=\"_paragraph_o9xde_4 _paragraph_xtcu6_10 layout-component text-serif-m layout-normal text-serif-m layout-padded\">Mullah\u00adregimet fors\u00f8ker n\u00e5 \u00e5 sl\u00e5 ned p\u00e5 de massive protestene. <\/p>\n<p class=\"_paragraph_o9xde_4 _paragraph_xtcu6_10 layout-component text-serif-m layout-normal text-serif-m layout-padded\"><strong class=\"_strong_o9xde_25\">S\u00f8ndag skal det derfor ha blitt sendt ut SMSer fra den iranske staten. Her blir folk bedt om \u00e5 m\u00f8te opp i en regimevennlig demonstrasjon, mandag. <\/strong><\/p>\n<p class=\"_paragraph_o9xde_4 _paragraph_xtcu6_10 layout-component text-serif-m layout-normal text-serif-m layout-padded\"><a href=\"https:\/\/www.aftonbladet.se\/nyheter\/a\/QJmMXA\/regimens-panik-sms-under-stora-protesterna\" class=\"_link_o9xde_39\" rel=\"nofollow noopener\" target=\"_blank\">Aftonbladet<\/a> omtaler meldingene. <\/p>\n<p class=\"_paragraph_o9xde_4 _paragraph_xtcu6_10 layout-component text-serif-m layout-normal text-serif-m layout-padded\">Avisen har publisert et bilde av en skjerm som viser det som skal v\u00e6re en melding fra regimet. Meldingen opplyser at oppm\u00f8tested er Revolusjonstorget i Teheran klokken 14. Hensikten er:<\/p>\n<p class=\"_paragraph_o9xde_4 _paragraph_xtcu6_10 layout-component text-serif-m layout-normal text-serif-m layout-padded\">Mobilisering mot \u00abdestruktive elementer og v\u00e6pnede terrorister knyttet til USA og sionistene\u00bb.<\/p>\n<p class=\"_paragraph_o9xde_4 _paragraph_xtcu6_10 layout-component text-serif-m layout-normal text-serif-m layout-padded\">I en annen melding, sendt ut senere om s\u00f8ndagen, frar\u00e5der regimet \u00e5 slutte seg til folkeprotestene. Videre heter det at foreldre ikke skal la ungdommer forlate hjemmet, if\u00f8lge Aftonbladet. <\/p>\n<p class=\"_paragraph_o9xde_4 _paragraph_xtcu6_10 layout-component text-serif-m layout-normal text-serif-m layout-padded\">De som ikke m\u00f8ter opp vil bli m\u00f8tt av represalier eller risikere \u00e5 miste jobben, sier en iransk kilde til avisen. <\/p>\n<p class=\"_paragraph_o9xde_4 _paragraph_xtcu6_10 layout-component text-serif-m layout-normal text-serif-m layout-padded\">Tidligere har regimet betalt folk for \u00e5 dukke opp p\u00e5 slike motdemonstrasjoner, if\u00f8lge mannen.<\/p>\n<p class=\"_paragraph_o9xde_4 _paragraph_xtcu6_10 layout-component text-serif-m layout-normal text-serif-m layout-padded\">Situasjonen eskalerte torsdag etter Reza Pahlavi, s\u00f8nn av sjahen som ble avsatt i den islamske revolusjonen i Iran i 1979, ba iranere om \u00e5 g\u00e5 ut i gatene og demonstrere. <\/p>\n<p class=\"_paragraph_o9xde_4 _paragraph_xtcu6_10 layout-component text-serif-m layout-normal text-serif-m layout-padded\">Han er i eksil i USA.<\/p>\n<p class=\"_paragraph_o9xde_4 _paragraph_xtcu6_10 layout-component text-serif-m layout-normal text-serif-m layout-padded\"><strong class=\"_strong_o9xde_25\">\u2013 For f\u00f8rste gang ser vi at Reza har grepet inn direkte og oppfordret til demonstrasjoner inne i Iran, og at folk har tatt til gatene p\u00e5 oppfordring fra ham, sier Waage. <\/strong><\/p>\n<p class=\"_paragraph_o9xde_4 _paragraph_xtcu6_10 layout-component text-serif-m layout-normal text-serif-m layout-padded\">Regimet svarte ved \u00e5\u00a0<a href=\"https:\/\/www.vg.no\/nyheter\/i\/0pKj0B\/reuters-hele-iran-er-uten-internett\" data-track-element-type=\"Link\" data-track-id=\"link:0pKj0B\" class=\"_link_o9xde_39\" rel=\"nofollow noopener\" target=\"_blank\">blokkere internett i hele landet<\/a>. Ogs\u00e5 mobilnettet ble delvis stengt. Demonstrasjonene ser likevel ut til \u00e5 ha fortsatt med full styrke gjennom helgen. <\/p>\n<p class=\"_paragraph_o9xde_4 _paragraph_xtcu6_10 layout-component text-serif-m layout-normal text-serif-m layout-padded\">Waage tror likevel det er lenge igjen til et eventuelt regimefall.<\/p>\n<p class=\"_paragraph_o9xde_4 _paragraph_xtcu6_10 layout-component text-serif-m layout-normal text-serif-m layout-padded\">\u2013 Prestestyret har et godt sikkerhetsapparat og det er ikke noe som tyder p\u00e5 at milit\u00e6ret \u00abjoiner\u00bb i demonstrantenes rekker, sier historieprofessoren, som kaller det en \u00abusikker situasjon\u00bb. <\/p>\n<p><img alt=\"\" class=\"_image_qp4xg_65 layout-component layout-normal\" data-fullscreen- data-track-element-type=\"Article image fullscreen\" data-track-name=\"ImageFullscreen\" decoding=\"async\" loading=\"lazy\" height=\"4000\" itemprop=\"image\"  src=\"https:\/\/www.europesays.com\/no\/wp-content\/uploads\/2026\/01\/1768213150_531_db6a572d-1f87-4293-a510-dd28a799e970.png\"  style=\"object-position:0% 0%\" width=\"6000\"\/><\/p>\n<p class=\"_paragraph_o9xde_4 _paragraph_xtcu6_10 layout-component text-serif-m layout-normal text-serif-m layout-padded\">Mandag morgen sier Aranghchi at internett-tilgangen vil komme tilbake, og at dette vil skje i overensstemmelse med landets sikkerhetsmyndigheter. <\/p>\n<p class=\"_paragraph_o9xde_4 _paragraph_xtcu6_10 layout-component text-serif-m layout-normal text-serif-m layout-padded\">Waage sier at det er f\u00e5 opplysninger som kommer ut fra Iran, men at demonstrasjoner som disse pleier \u00e5 fortsette en god stund. <\/p>\n<p class=\"_paragraph_o9xde_4 _paragraph_xtcu6_10 layout-component text-serif-m layout-normal text-serif-m layout-padded\"><strong class=\"_strong_o9xde_25\">Hun sier at mange iranere er sinte p\u00e5 prestestyret, etter krigen mot Israel og USA i sommer. <\/strong><\/p>\n<p class=\"_paragraph_o9xde_4 _paragraph_xtcu6_10 layout-component text-serif-m layout-normal text-serif-m layout-padded\">\u2013 Det er en stor og \u00f8kende motstand innad i Iran, og regimet klarer ikke \u00e5 levere n\u00e5r det gjelder \u00f8konomi, jobber og folks dagligliv. S\u00e5 sinnet er der, og det er noe som kanskje er st\u00f8rre enn noen gang, sier hun. <\/p>\n<p><img decoding=\"async\" alt=\"Bilde av Hilde Henriksen Waage\" class=\"_image_ygndg_42\" height=\"27\" itemprop=\"image\" loading=\"lazy\"  src=\"https:\/\/www.europesays.com\/no\/wp-content\/uploads\/2026\/01\/73f02435-8a17-44ee-af73-e0b18b5bf06a.jpeg\"  width=\"40\"\/><strong class=\"_name_ygndg_51 title-serif-xs\">Hilde Henriksen Waage<\/strong><\/p>\n<p class=\"_paragraph_o9xde_4 text-sans-m _description_ygndg_56\">Professor i historie ved Universitetet i Oslo (UiO) og seniorforsker ved Institutt for fredsforskning (PRIO).<\/p>\n<p class=\"_paragraph_o9xde_4 _paragraph_xtcu6_10 layout-component text-serif-m layout-normal text-serif-m layout-padded\">Irans riksadvokat Mohammad Movahedi Azad kunngjorde l\u00f8rdag at de som deltar i demonstrasjoner vil bli ansett som \u00abfiender av Gud\u00bb. <\/p>\n<p class=\"_paragraph_o9xde_4 _paragraph_xtcu6_10 layout-component text-serif-m layout-normal text-serif-m layout-padded\">Det er et lovbrudd som i Iran kan straffes med d\u00f8den.<\/p>\n<p class=\"_paragraph_o9xde_4 _paragraph_xtcu6_10 layout-component text-serif-m layout-normal text-serif-m layout-padded\">\u2013 Da sjahen falt i 1979sjahen falt i 1979Sjahen refererer til Muhammed Reza Pahlavi, den siste sjahen av Iran, som falt i 1979 som f\u00f8lge av den islamske revolusjonen ledet av Ayatollah Khomeini. tok millioner til gatene, og enset ikke noe av motstanden de fikk. Hvis sinnet er s\u00e5 stort og iranerne mobiliserer, kan det hende at regimet begynner \u00e5 vakle. Men forel\u00f8pig har det ikke gjort det, sier Waage. <\/p>\n<p class=\"_paragraph_o9xde_4 _paragraph_xtcu6_10 layout-component text-serif-m layout-normal layout-padded\"><strong class=\"_strong_o9xde_25\">Les ogs\u00e5:<\/strong> <a href=\"https:\/\/www.vg.no\/i\/xr3gPR\" data-track-element-type=\"Link\" data-track-id=\"link:xr3gPR\" class=\"_link_o9xde_39\" rel=\"nofollow noopener\" target=\"_blank\">Protestene fortsetter i Iran \u2013 frykt for at myndighetene sl\u00e5r hardere tilbake<\/a><\/p>\n<p>    <img decoding=\"async\" alt=\"Tips oss illustrasjon\" src=\"https:\/\/www.europesays.com\/no\/wp-content\/uploads\/2025\/10\/pssst-small.webp.webp\"\/>    <\/p>\n<p class=\"title-serif-s\">Har du tips?<\/p>\n<p class=\"text-sans-m\">Send oss informasjon, bilder eller video.<\/p>\n<p>  <a href=\"https:\/\/www.vg.no\/tips-oss\" rel=\"nofollow noopener\" target=\"_blank\"> Tips oss <\/a>      <\/p>\n","protected":false},"excerpt":{"rendered":"Flere hundre skal v\u00e6re drept og over 10.000 p\u00e5grepet under masseprotester i Iran. Utenriksminister Abbas Araghchi hevder situasjonen&hellip;\n","protected":false},"author":2,"featured_media":135351,"comment_status":"","ping_status":"","sticky":false,"template":"","format":"standard","meta":{"footnotes":""},"categories":[12],"tags":[20,21,864,24,25,15,3228,22,23,13,30,28,29,14,16,26,27,50,42,43,44,45],"class_list":{"0":"post-135350","1":"post","2":"type-post","3":"status-publish","4":"format-standard","5":"has-post-thumbnail","7":"category-verden","8":"tag-breaking-news","9":"tag-breakingnews","10":"tag-demonstrasjoner","11":"tag-featured-news","12":"tag-featurednews","13":"tag-headlines","14":"tag-iran","15":"tag-latest-news","16":"tag-latestnews","17":"tag-news","18":"tag-no","19":"tag-norge","20":"tag-norway","21":"tag-nyheter","22":"tag-overskrifter","23":"tag-top-stories","24":"tag-topstories","25":"tag-usa","26":"tag-verden","27":"tag-world","28":"tag-world-news","29":"tag-worldnews"},"share_on_mastodon":{"url":"https:\/\/pubeurope.com\/@no\/115881624571975662","error":""},"_links":{"self":[{"href":"https:\/\/www.europesays.com\/no\/wp-json\/wp\/v2\/posts\/135350","targetHints":{"allow":["GET"]}}],"collection":[{"href":"https:\/\/www.europesays.com\/no\/wp-json\/wp\/v2\/posts"}],"about":[{"href":"https:\/\/www.europesays.com\/no\/wp-json\/wp\/v2\/types\/post"}],"author":[{"embeddable":true,"href":"https:\/\/www.europesays.com\/no\/wp-json\/wp\/v2\/users\/2"}],"replies":[{"embeddable":true,"href":"https:\/\/www.europesays.com\/no\/wp-json\/wp\/v2\/comments?post=135350"}],"version-history":[{"count":0,"href":"https:\/\/www.europesays.com\/no\/wp-json\/wp\/v2\/posts\/135350\/revisions"}],"wp:featuredmedia":[{"embeddable":true,"href":"https:\/\/www.europesays.com\/no\/wp-json\/wp\/v2\/media\/135351"}],"wp:attachment":[{"href":"https:\/\/www.europesays.com\/no\/wp-json\/wp\/v2\/media?parent=135350"}],"wp:term":[{"taxonomy":"category","embeddable":true,"href":"https:\/\/www.europesays.com\/no\/wp-json\/wp\/v2\/categories?post=135350"},{"taxonomy":"post_tag","embeddable":true,"href":"https:\/\/www.europesays.com\/no\/wp-json\/wp\/v2\/tags?post=135350"}],"curies":[{"name":"wp","href":"https:\/\/api.w.org\/{rel}","templated":true}]}}