{"id":135354,"date":"2026-01-12T10:21:09","date_gmt":"2026-01-12T10:21:09","guid":{"rendered":"https:\/\/www.europesays.com\/no\/135354\/"},"modified":"2026-01-12T10:21:09","modified_gmt":"2026-01-12T10:21:09","slug":"snofall-i-sor-norge-kan-fore-til-strombrudd","status":"publish","type":"post","link":"https:\/\/www.europesays.com\/no\/135354\/","title":{"rendered":"Sn\u00f8fall i S\u00f8r-Norge \u2013 kan f\u00f8re til str\u00f8mbrudd"},"content":{"rendered":"\n<ul class=\"_list_o9xde_3 _list_64s2r_85 _unordered_o9xde_106 text-sans-m\">\n<li class=\"_item_o9xde_30\">\u00c5rets f\u00f8rste store sn\u00f8fall rammer S\u00f8r-Norge, spesielt S\u00f8rlandet, med opptil 40 cm sn\u00f8.<\/li>\n<li class=\"_item_o9xde_30\">Kraftig vind har f\u00f8rt til stengte tunneler, kansellerte flyavganger og helikopterturer.<\/li>\n<li class=\"_item_o9xde_30\">Plussgrader fra onsdag gir fare for glatte veier.<\/li>\n<\/ul>\n<p>Vis mer <\/p>\n<p class=\"_paragraph_o9xde_4 _paragraph_xtcu6_10 layout-component text-serif-m layout-normal text-serif-m layout-padded\"> Det varslede sn\u00f8v\u00e6ret er n\u00e5 kommet inn over S\u00f8rlandet, og vil st\u00e5 p\u00e5 i dag og inn i morgendagen. Det kommer mest sn\u00f8 p\u00e5 S\u00f8rlandet og bare litt p\u00e5 \u00d8standet mandag.<\/p>\n<p class=\"_paragraph_o9xde_4 _paragraph_xtcu6_10 layout-component text-serif-m layout-normal text-serif-m layout-padded\">Og det skyldes et lavtrykk som ligger mellom Island og Skottland som traff spissen av S\u00f8rlandet mandag morgen og tar med seg mye sn\u00f8 innover S\u00f8r-Norge, helt opp til Trondheims\u00adfjorden.<\/p>\n<p>   <img decoding=\"async\" alt=\"Tips oss illustrasjon\" src=\"https:\/\/www.europesays.com\/no\/wp-content\/uploads\/2025\/10\/pssst-small.webp.webp\"\/>    <\/p>\n<p class=\"title-serif-s\">Har du tips?<\/p>\n<p class=\"text-sans-m\">Send oss informasjon, bilder eller video.<\/p>\n<p>  <a href=\"https:\/\/www.vg.no\/tips-oss\" rel=\"nofollow noopener\" target=\"_blank\"> Tips oss <\/a>   <\/p>\n<p>        <video id=\"video3000858_1\" controls=\"\" width=\"100%\" autoplay=\"\" muted=\"\" playsinline=\"\"\/><\/p>\n<p id=\"veikameraVideo3000858_1\" style=\"font-size:13px; line-height:1.33; margin: 0 16px\">\n             N\u00c5: E18 Varoddbrua. Retning Kristansand. Webkamera: Statens vegvesen\n        <\/p>\n<p class=\"_paragraph_o9xde_4 _paragraph_xtcu6_10 layout-component text-serif-m layout-normal text-serif-m layout-padded\">\u2013 Det kommer 10\u201325 centimeter sn\u00f8, hovedsaklig p\u00e5 S\u00f8rlandet onsdag. Noen steder, fra Mandal og oppover mot Froland, kan det komme opp mot 40 centimeter sn\u00f8 i dag, sier Sigrid Augan\u00e6s, vakthavende meteorolog hos Meteorologisk Institutt til VG.<\/p>\n<p class=\"_paragraph_o9xde_4 _paragraph_xtcu6_10 layout-component text-serif-m layout-normal text-serif-m layout-padded\">Langs Agderkysten, kan nedb\u00f8ren komme som sludd &#8211; helt ytterst p\u00e5 kysten.<\/p>\n<p class=\"_paragraph_o9xde_4 _paragraph_xtcu6_10 layout-component text-serif-m layout-normal text-serif-m layout-padded\">Det er n\u00e5 sendt ut farevarsel om sn\u00f8 for Agder til ogs\u00e5 \u00e5 omfatte Telemark og Vestfold. Det er ventet store mengder sn\u00f8 de neste dagene.<\/p>\n<p class=\"_paragraph_o9xde_4 _paragraph_xtcu6_10 layout-component text-serif-m layout-normal text-serif-m layout-padded\">N\u00e5 er det sendt ut gult farevarsel om sn\u00f8 som omfatter deler av Telemark og Vestfold. Dette gjelder fra tirsdag kveld til onsdag formiddag.<\/p>\n<p class=\"_paragraph_o9xde_4 _paragraph_xtcu6_10 layout-component text-serif-m layout-normal text-serif-m layout-padded\">Augan\u00e6s advarer om at sn\u00f8fallet p\u00e5 S\u00f8rlandet kan f\u00f8re til str\u00f8mbrudd i S\u00f8r fordi sn\u00f8en legger seg p\u00e5 viktig infrastruktur, som str\u00f8mledninger.<\/p>\n<p class=\"_paragraph_o9xde_4 _paragraph_xtcu6_10 layout-component text-serif-m layout-normal text-serif-m layout-padded\">Det bl\u00e5ser ogs\u00e5 kraftig fra Vestlandet og oppover langs kysten. Det er liten og full storm i fjellet i S\u00f8r-Norge mandag. Det vil vedvare ut dagen dagen i dag men vil minke i styrke inn mot tirsdag.<\/p>\n<p class=\"_paragraph_o9xde_4 _paragraph_xtcu6_10 layout-component text-serif-m layout-normal text-serif-m layout-padded\">En VG-leser skriver at et vogntog st\u00e5r fast i s\u00f8rg\u00e5ende felt p\u00e5 E6 i \u00c5sen,  Levanger i Tr\u00f8ndelag etter at den ene skapsiden er bl\u00e5st ut. Han forteller at det bl\u00e5ser kraftig i omr\u00e5det og det fyker papir og plast fra det \u00f8delagte skapet og ut i luften.<\/p>\n<p><img alt=\"Hele siden p\u00e5 vogntoget har bl\u00e5st ut p\u00e5 dette vogntoget som st\u00e5r p\u00e5 E6 i Levanger i Tr\u00f8ndelag.  Foto: Stig Tore Laugen\" class=\"_image_qp4xg_65 layout-component layout-normal\" data-fullscreen- data-track-element-type=\"Article image fullscreen\" data-track-name=\"ImageFullscreen\" decoding=\"async\" loading=\"lazy\" height=\"1133\" itemprop=\"image\"  src=\"https:\/\/www.europesays.com\/no\/wp-content\/uploads\/2026\/01\/2df4376e-852d-4329-be3b-044cda73f77a.png\"  style=\"object-position:0% 0%\" width=\"1816\"\/>Hele siden p\u00e5 vogntoget har bl\u00e5st ut p\u00e5 dette vogntoget som st\u00e5r p\u00e5 E6 i Levanger i Tr\u00f8ndelag.  Foto: Stig Tore Laugen<\/p>\n<p class=\"_paragraph_o9xde_4 _paragraph_xtcu6_10 layout-component text-serif-m layout-normal text-serif-m layout-padded\">\u2013 Vi har ikke f\u00e5tt melding om at E6 stengt i det omr\u00e5det, sier Bj\u00f8rnar Gaasvik operasjonsleder ved Tr\u00f8ndelag politidistrikt. <\/p>\n<p class=\"_paragraph_o9xde_4 _paragraph_xtcu6_10 layout-component text-serif-m layout-normal text-serif-m layout-padded\"><strong class=\"_strong_o9xde_25\">Se flere v\u00e6r og trafikk-meldinger lenger ned<\/strong><\/p>\n<p class=\"_paragraph_o9xde_4 _paragraph_xtcu6_10 layout-component text-serif-m layout-normal text-serif-m layout-padded\">If\u00f8lge meteorolog Augan\u00e6s f\u00e5r vi en liten nedb\u00f8rspause tirsdag, og sn\u00f8fallet avtar.<\/p>\n<p class=\"_paragraph_o9xde_4 _paragraph_xtcu6_10 layout-component text-serif-m layout-normal text-serif-m layout-padded\">Men allerede onsdag f\u00e5r vi en ny nedb\u00f8rsrunde som skyldes et nytt lavtrykk inn fra s\u00f8r, som gir mer nedb\u00f8r i hele S\u00f8r-Norge. Og da skal ogs\u00e5 temperaturene stige til plussgrader.<\/p>\n<p class=\"_paragraph_o9xde_4 _paragraph_xtcu6_10 layout-component text-serif-m layout-normal text-serif-m layout-padded\">P\u00e5 kysten av Vestlandet kommer nedb\u00f8ren som regn. N\u00e5r det gjelder Oslo og \u00d8stlandet er det mer usikkert. Det blir trolig sn\u00f8 i starten av dagen som trolig g\u00e5r over i sludd og regn i l\u00f8pet av onsdag, mener Augan\u00e6s.<\/p>\n<p>        <video id=\"video0729008_1\" controls=\"\" width=\"100%\" autoplay=\"\" muted=\"\" playsinline=\"\"\/><\/p>\n<p id=\"veikameraVideo0729008_1\" style=\"font-size:13px; line-height:1.33; margin: 0 16px\">\n             N\u00c5: E18 Undrumsdal. Retning Drammen. Webkamera: Statens vegvesen\n        <\/p>\n<p>        Plussgrader, men ikke lenge<\/p>\n<p class=\"_paragraph_o9xde_4 _paragraph_xtcu6_10 layout-component text-serif-m layout-normal text-serif-m layout-padded\">\u2013 Onsdag er starten p\u00e5 et v\u00e6rskifte som vil gjelde i S\u00f8r-Norge og bre seg nordover i hele fastlands-Norge, med r\u00f8de temperaturer. Inn i helgen vil vi ogs\u00e5 kunne f\u00e5 pluss grader i Troms\u00f8, sier meteorologen.<\/p>\n<p class=\"_paragraph_o9xde_4 _paragraph_xtcu6_10 layout-component text-serif-m layout-normal text-serif-m layout-padded\">Men det milde v\u00e6ret vil ikke vare lenge.<\/p>\n<p class=\"_paragraph_o9xde_4 _paragraph_xtcu6_10 layout-component text-serif-m layout-normal text-serif-m layout-padded\">Augan\u00e6s forteller at det i neste uke vil det fortsatt trolig v\u00e6re mildt p\u00e5 Vestlandet. Men p\u00e5 \u00d8stlandet og i Nord blir det igjen kaldere p\u00e5 grunn av et nytt h\u00f8ytrykk som kommer inn fra \u00f8st. Temperaturene vil synke til minusgrader men det blir trolig ikke s\u00e5 kaldt, med tosifrede kuldegrader som vi har hatt den siste uken.<\/p>\n<p class=\"_paragraph_o9xde_4 _paragraph_xtcu6_10 layout-component text-serif-m layout-normal text-serif-m layout-padded\">\u2013 Ja det blir kaldt igjen, for vi er fortsatt i januar og det er jo ikke v\u00e5r enn\u00e5, sier hun  <\/p>\n<p class=\"_paragraph_o9xde_4 _paragraph_xtcu6_10 layout-component text-serif-m layout-normal text-serif-m layout-padded\">Og det milde v\u00e6ret vil f\u00f8re til glatte veier for b\u00e5de folk og kj\u00f8ret\u00f8y.<\/p>\n<p class=\"_paragraph_o9xde_4 _paragraph_xtcu6_10 layout-component text-serif-m layout-normal text-serif-m layout-padded\">\u2013 Tror det er lurt \u00e5 finne frem broddene, sier Augan\u00e6s.<\/p>\n<p class=\"_paragraph_o9xde_4 _paragraph_xtcu6_10 layout-component text-serif-m layout-normal text-serif-m layout-padded\"><strong class=\"_strong_o9xde_25\">Stengt tunnel: <\/strong>VTS melder til politiet at Stavsj\u00f8fjelltunnelen n\u00e5 er stengt. Den ene bommen hadde bl\u00e5st igjen og skadet en bil p\u00e5 stedet. Det blir utf\u00f8rt vedlikehold p\u00e5 stedet f\u00f8r tunnelen kan \u00e5pne igjen.<\/p>\n<p class=\"_paragraph_o9xde_4 _paragraph_xtcu6_10 layout-component text-serif-m layout-normal text-serif-m layout-padded\"><strong class=\"_strong_o9xde_25\">Kolonnekj\u00f8ring:<\/strong> P\u00e5 riksvei 7 over Hardangervidda er det innf\u00f8rt kolonnekj\u00f8ring for alle kj\u00f8ret\u00f8y, opplyser Vegtrafikksentralen p\u00e5\u00a0<a href=\"https:\/\/x.com\/VTSvest\" class=\"_link_o9xde_39\" rel=\"nofollow\">X<\/a>\u00a0mandag morgen. Kolonnekj\u00f8ringen ble innf\u00f8rt ved 6.30-tiden mandag morgen og ansl\u00e5s \u00e5 vare til klokken 18 mandag kveld. Det er ogs\u00e5 kolonnekj\u00f8ring for alle kj\u00f8ret\u00f8y p\u00e5 E134 Haukelifjell, som ventes \u00e5 vare til natt til tirsdag.<\/p>\n<p class=\"_paragraph_o9xde_4 _paragraph_xtcu6_10 layout-component text-serif-m layout-normal text-serif-m layout-padded\"><strong class=\"_strong_o9xde_25\">Kansellerte fly:<\/strong> Flere flyankomster og -avganger p\u00e5 Flesland i Bergen, <a href=\"https:\/\/cms.schibsted.media\/workbench_next\/d4l47O;newsroom=vg\" class=\"_link_o9xde_39\" rel=\"nofollow noopener\" target=\"_blank\">er kansellert<\/a>.  Det samme gjelder Stavanger Lufthavn Sola. Der er rundt ti avganger og ankomster kansellert, deriblant utenlandsflyginger.<\/p>\n<p class=\"_paragraph_o9xde_4 _paragraph_xtcu6_10 layout-component text-serif-m layout-normal text-serif-m layout-padded\"><strong class=\"_strong_o9xde_25\">Heldikopter-kanselleringer:<\/strong> Alle dagens helikopteravganger til og fra Flesland i Bergen er kansellert p\u00e5 grunn av vind og h\u00f8ye b\u00f8lger. De fleste avgangene mellom Flor\u00f8 og Nordsj\u00f8en er ogs\u00e5 kansellert. Den \u00f8vrige helikoptertrafikken mellom Stavanger og Nordsj\u00f8en er preget av forsinkelser, skriver\u00a0<a href=\"https:\/\/www.nrk.no\/rogaland\/forseinkingar-i-helikoptertrafikken--1.17723446\" class=\"_link_o9xde_39\" rel=\"nofollow noopener\" target=\"_blank\">NRK.<\/a><\/p>\n<p class=\"_paragraph_o9xde_4 _paragraph_xtcu6_10 layout-component text-serif-m layout-normal text-serif-m layout-padded\"><strong class=\"_strong_o9xde_25\">Utfordrende kj\u00f8reforhold:<\/strong> Politiet i \u00d8st melder om utfordrende kj\u00f8reforhold flere steder i distriktet. De oppfordrer til \u00e5 kj\u00f8re etter forholdene og beregne lengre strekning enn normalt for nedbremsing. <\/p>\n<p>N\u00e5-18<\/p>\n<p class=\"label-medium\">-7\u00b0<\/p>\n<p><img decoding=\"async\" alt=\"skyet\" loading=\"lazy\" class=\"_weatherIcon_i2teb_37\" height=\"24\" src=\"https:\/\/www.vg.no\/vgc\/pent\/icons\/pent-icons-07-2023\/weather\/04.svg\" width=\"24\"\/>Lett bris fr\u00e5 nord\u00f8st<\/p>\n<p class=\"_infoText_i2teb_59\">4.1 m\/s<\/p>\n<p class=\"label-medium\">-8\u00b0<\/p>\n<p><img decoding=\"async\" alt=\"skyet\" loading=\"lazy\" class=\"_weatherIcon_i2teb_37\" height=\"24\" src=\"https:\/\/www.vg.no\/vgc\/pent\/icons\/pent-icons-07-2023\/weather\/04.svg\" width=\"24\"\/>Lett bris fr\u00e5 nord\u00f8st<\/p>\n<p class=\"_infoText_i2teb_59\">4.3 m\/s<\/p>\n<p>18-00<\/p>\n<p class=\"label-medium\">-6\u00b0<\/p>\n<p><img decoding=\"async\" alt=\"sn\u00f8\" loading=\"lazy\" class=\"_weatherIcon_i2teb_37\" height=\"24\" src=\"https:\/\/www.vg.no\/vgc\/pent\/icons\/pent-icons-07-2023\/weather\/13.svg\" width=\"24\"\/>Lett bris fr\u00e5 nord\u00f8st<\/p>\n<p class=\"_infoText_i2teb_59\">4 m\/s<\/p>\n<p class=\"label-medium\">-5\u00b0<\/p>\n<p><img decoding=\"async\" alt=\"sn\u00f8\" loading=\"lazy\" class=\"_weatherIcon_i2teb_37\" height=\"24\" src=\"https:\/\/www.vg.no\/vgc\/pent\/icons\/pent-icons-07-2023\/weather\/13.svg\" width=\"24\"\/>Lett bris fr\u00e5 nord\u00f8st<\/p>\n<p class=\"_infoText_i2teb_59\">4.5 m\/s<\/p>\n<p>00-06<\/p>\n<p class=\"label-medium\">-5\u00b0<\/p>\n<p><img decoding=\"async\" alt=\"sn\u00f8\" loading=\"lazy\" class=\"_weatherIcon_i2teb_37\" height=\"24\" src=\"https:\/\/www.vg.no\/vgc\/pent\/icons\/pent-icons-07-2023\/weather\/13.svg\" width=\"24\"\/>Lett bris fr\u00e5 nord\u00f8st<\/p>\n<p class=\"_infoText_i2teb_59\">4.5 m\/s<\/p>\n<p class=\"label-medium\">-4\u00b0<\/p>\n<p><img decoding=\"async\" alt=\"sn\u00f8\" loading=\"lazy\" class=\"_weatherIcon_i2teb_37\" height=\"24\" src=\"https:\/\/www.vg.no\/vgc\/pent\/icons\/pent-icons-07-2023\/weather\/13.svg\" width=\"24\"\/>Lett bris fr\u00e5 nord\u00f8st<\/p>\n<p class=\"_infoText_i2teb_59\">4.4 m\/s<\/p>\n<p>    <img decoding=\"async\" alt=\"Tips oss illustrasjon\" src=\"https:\/\/www.europesays.com\/no\/wp-content\/uploads\/2025\/10\/pssst-small.webp.webp\"\/>    <\/p>\n<p class=\"title-serif-s\">Har du tips?<\/p>\n<p class=\"text-sans-m\">Send oss informasjon, bilder eller video.<\/p>\n<p>  <a href=\"https:\/\/www.vg.no\/tips-oss\" rel=\"nofollow noopener\" target=\"_blank\"> Tips oss <\/a>      <\/p>\n","protected":false},"excerpt":{"rendered":"\u00c5rets f\u00f8rste store sn\u00f8fall rammer S\u00f8r-Norge, spesielt S\u00f8rlandet, med opptil 40 cm sn\u00f8. Kraftig vind har f\u00f8rt til&hellip;\n","protected":false},"author":2,"featured_media":135355,"comment_status":"","ping_status":"","sticky":false,"template":"","format":"standard","meta":{"footnotes":""},"categories":[5],"tags":[31,20,21,24,25,15,19,22,23,17,18,13,30,28,29,14,16,26,27,9166,7963],"class_list":{"0":"post-135354","1":"post","2":"type-post","3":"status-publish","4":"format-standard","5":"has-post-thumbnail","7":"category-overskrifter","8":"tag-breaking","9":"tag-breaking-news","10":"tag-breakingnews","11":"tag-featured-news","12":"tag-featurednews","13":"tag-headlines","14":"tag-hovedoppslag","15":"tag-latest-news","16":"tag-latestnews","17":"tag-main-news","18":"tag-mainnews","19":"tag-news","20":"tag-no","21":"tag-norge","22":"tag-norway","23":"tag-nyheter","24":"tag-overskrifter","25":"tag-top-stories","26":"tag-topstories","27":"tag-vaer-og-fore","28":"tag-vaer-og-uvaer"},"share_on_mastodon":{"url":"https:\/\/pubeurope.com\/@no\/115881632528459832","error":""},"_links":{"self":[{"href":"https:\/\/www.europesays.com\/no\/wp-json\/wp\/v2\/posts\/135354","targetHints":{"allow":["GET"]}}],"collection":[{"href":"https:\/\/www.europesays.com\/no\/wp-json\/wp\/v2\/posts"}],"about":[{"href":"https:\/\/www.europesays.com\/no\/wp-json\/wp\/v2\/types\/post"}],"author":[{"embeddable":true,"href":"https:\/\/www.europesays.com\/no\/wp-json\/wp\/v2\/users\/2"}],"replies":[{"embeddable":true,"href":"https:\/\/www.europesays.com\/no\/wp-json\/wp\/v2\/comments?post=135354"}],"version-history":[{"count":0,"href":"https:\/\/www.europesays.com\/no\/wp-json\/wp\/v2\/posts\/135354\/revisions"}],"wp:featuredmedia":[{"embeddable":true,"href":"https:\/\/www.europesays.com\/no\/wp-json\/wp\/v2\/media\/135355"}],"wp:attachment":[{"href":"https:\/\/www.europesays.com\/no\/wp-json\/wp\/v2\/media?parent=135354"}],"wp:term":[{"taxonomy":"category","embeddable":true,"href":"https:\/\/www.europesays.com\/no\/wp-json\/wp\/v2\/categories?post=135354"},{"taxonomy":"post_tag","embeddable":true,"href":"https:\/\/www.europesays.com\/no\/wp-json\/wp\/v2\/tags?post=135354"}],"curies":[{"name":"wp","href":"https:\/\/api.w.org\/{rel}","templated":true}]}}