{"id":135360,"date":"2026-01-12T10:30:07","date_gmt":"2026-01-12T10:30:07","guid":{"rendered":"https:\/\/www.europesays.com\/no\/135360\/"},"modified":"2026-01-12T10:30:07","modified_gmt":"2026-01-12T10:30:07","slug":"den-trenger-virkelig-var-hjelp-nrk-troms-og-finnmark","status":"publish","type":"post","link":"https:\/\/www.europesays.com\/no\/135360\/","title":{"rendered":"\u2013 Den trenger virkelig v\u00e5r hjelp \u2013 NRK Troms og Finnmark"},"content":{"rendered":"<p><strong>Du har sikkert sett den i din egen hage, eller kanskje p\u00e5 naboens fuglebrett.<\/strong><\/p>\n<p>Gr\u00e5spurven er en av fuglene vi har hatt tettest p\u00e5 oss helt siden jordbrukets oppkomst for rundt 10.000 \u00e5r siden.<\/p>\n<p><strong>Men n\u00e5 er den lille gr\u00e5spurven i kraftig tilbakegang og st\u00e5r p\u00e5 R\u00f8dlista.<\/strong><\/p>\n<p>I Norge har bestanden g\u00e5tt ned med mellom 15 og 30 prosent de siste 10 til 15 \u00e5rene.<\/p>\n<p>        Har du sett gr\u00e5spurv i \u00e5r?<\/p>\n<p>        Ja<\/p>\n<p>        Nei<\/p>\n<p>        Jeg er litt usikker<\/p>\n<p>      Vis resultat<\/p>\n<p class=\"pin-nrkno-poll__disclaimer\">\n    Denne avstemningen viser ikke hva befolkningen mener om sp\u00f8rsm\u00e5let.<br \/>\n    Resultatet viser hva de som selv har valgt \u00e5 stemme mener,<br \/>\n    og avstemningen har ikke et utvalg som gj\u00f8r den representativ for alle som bor i landet.\n  <\/p>\n<p>I Europa er nedgangen rundt 63 prosent i perioden fra 1980 til 2017.<\/p>\n<p><strong>\u2013 Det er f\u00e5 fugler som er s\u00e5 sterkt knyttet til mennesker som gr\u00e5spurven, sier Martin Eggen, naturvernr\u00e5dgiver i BirdLife Norge.<\/strong><\/p>\n<p>Han peker ogs\u00e5 p\u00e5 at nedgangen i insektbestander rammer gr\u00e5spurven direkte, fordi insekter er helt avgj\u00f8rende f\u00f8de for ungene.<\/p>\n<p><img decoding=\"async\"   src=\"data:image\/gif;base64,R0lGODlhAQABAIAAAAAAAP\/\/\/yH5BAEAAAAALAAAAAABAAEAAAIBRAA7\" loading=\"eager\" alt=\"En person st\u00e5r foran havet if\u00f8rt en gr\u00f8nn jakke og m\u00f8rk genser. Han har kikkert hengende fra halsen. I bakgrunnen sees en r\u00f8d bygning og et hus med balkong. Omr\u00e5det har gress og grus, og det er overskyet v\u00e6r. (Bildebeskrivelsen er laget av en KI-tjeneste)\" title=\"Foto: Trude Furuly\"\/><\/p>\n<p class=\"\">Martin Eggen i BirdLife Norge oppfordrer alle til \u00e5 sette opp en fuglekasse og mate gr\u00e5spurven ogs\u00e5 denne vinteren.<\/p>\n<p>Foto: Trude Furuly<\/p>\n<p>Avhengig av mennesker<\/p>\n<p>Gr\u00e5spurven, eller \u00abhuskaillen\u00bb, trives godt der det bor mennesker.<\/p>\n<p>Den lever av korn, fr\u00f8 og matrester, og har i generasjoner nytt godt av et samfunn med husdyr, \u00e5pne g\u00e5rdstun og mindre tette bygninger.<\/p>\n<p><strong>\u2013 F\u00f8r hadde \u00aballe\u00bb hest og husdyr. Da var det rikelig med mat, og mange steder \u00e5 hekke. N\u00e5 er husene v\u00e5re blitt tettere, og det finnes f\u00e6rre hulrom under tak og i vegger, forklarer Eggen.<\/strong><\/p>\n<p>Resultatet er f\u00e6rre egnede hekkeplasser og mindre tilgang p\u00e5 mat.<\/p>\n<p><img decoding=\"async\"   src=\"data:image\/gif;base64,R0lGODlhAQABAIAAAAAAAP\/\/\/yH5BAEAAAAALAAAAAABAAEAAAIBRAA7\" loading=\"eager\" alt=\"En spurv sitter p\u00e5 en gren, snudd mot venstre. Fuglens fj\u00e6rdrakt er i nyanser av brunt og beige. Bakgrunnen er uskarp og lys, noe som f\u00e5r fuglen til \u00e5 fremst\u00e5 tydelig. Bildet fanger fuglens detaljerte utseende. (Bildebeskrivelsen er laget av en KI-tjeneste)\" title=\"Foto: Bj\u00f8rg Hernes\"\/><\/p>\n<p class=\"\">Siden 80-tallet har gr\u00e5spurven hatt en betydelig tilbakegang p\u00e5 hele 63 prosent.<\/p>\n<p>Foto: Bj\u00f8rg Hernes<\/p>\n<p>En enkel m\u00e5te \u00e5 hjelpe p\u00e5<\/p>\n<p>Det finnes enkle tiltak som kan gj\u00f8re en reell forskjell for den truede arten.<\/p>\n<p><strong>\u00c5 sette opp fuglekasser tilpasset gr\u00e5spurv er ett av dem.<\/strong><\/p>\n<p>Et annet er \u00e5 huske p\u00e5 arten n\u00e5r man mater fugler om vinteren.<\/p>\n<p><strong>\u2013 Gr\u00e5spurven er helt avhengig av menneskelig aktivitet. Den trenger virkelig v\u00e5r hjelp for \u00e5 klare seg, sier Eggen.<\/strong><\/p>\n<p>\u00c5 f\u00f8lge med p\u00e5 sm\u00e5fugler i hagen handler ikke bare om tall og statistikk. Det gir ogs\u00e5 en sterkere tilknytning til naturen.<\/p>\n<p><strong>\u2013 Det er godt for den psykiske helsa \u00e5 se p\u00e5 fugler. De forteller oss mye om hvordan det st\u00e5r til i naturen rundt oss, og hvordan det g\u00e5r med insektene, sier Eggen.<\/strong><\/p>\n<p><img decoding=\"async\"   src=\"data:image\/gif;base64,R0lGODlhAQABAIAAAAAAAP\/\/\/yH5BAEAAAAALAAAAAABAAEAAAIBRAA7\" loading=\"eager\" alt=\"Et lite fugleslag sitter p\u00e5 en gren dekt med mose og lav. Fuglen vender hodet nedover og ser mot stammen. Omr\u00e5det rundt er uklar, men viser naturlige elementer som tr\u00e6r og vegetasjon. Bildet gir inntrykk av en kald og duggv\u00e5t milj\u00f8. (Bildebeskrivelsen er laget av en KI-tjeneste)\" title=\"Foto: Knut Tver\u00e5\"\/><\/p>\n<p class=\"\">I fjor var det granmeis som ble \u00ab\u00c5rets fugl\u00bb i den \u00e5rlige k\u00e5ringen hos BirdLife Norge.<\/p>\n<p>Foto: Knut Tver\u00e5<\/p>\n<p>Stor folkedugnad i januar<\/p>\n<p><strong>Fra 24. til 25. januar arrangeres den \u00e5rlige hagefugltellingen.<\/strong><\/p>\n<p>Over 10.000 hager deltar \u00e5rlig, og anslagsvis opp mot 30.000 mennesker bidrar til \u00e5 telle fugler i sitt n\u00e6rmilj\u00f8.<\/p>\n<p><strong>\u2013 Dette gir oss uvurderlig kunnskap om hvordan det st\u00e5r til med fuglebestandene i Norge. Det er folkeforskning p\u00e5 sitt beste, sier Eggen.<\/strong><\/p>\n<p>Han oppfordrer folk til \u00e5 sette opp foringsautomat allerede n\u00e5.<\/p>\n<p><strong>\u2013 Da er du klar n\u00e5r tellingen starter.<\/strong><\/p>\n<p>Fuglebingo i hagen<\/p>\n<p>Eggen har studert fugler i over 40 \u00e5r, og opplever fortsatt spenningen ved foringsbrettet.<\/p>\n<p>Denne uken kom den sjeldne asurmeisen p\u00e5 et aldri s\u00e5 lite nytt\u00e5rsbes\u00f8k til Norge, og det er f\u00f8rste gang den er observert her til lands.<\/p>\n<p><strong>\u2013 Jeg har ventet i \u00e5revis p\u00e5 asurmeis. N\u00e5 har den endelig kommet til Norge. Det minner oss om hvor morsomt det er \u00e5 f\u00f8lge med, sier han.<\/strong><\/p>\n<p>Under den \u00e5rlige hagefugltellingen dukker det ogs\u00e5 opp sjeldne arter i ulike farger.<\/p>\n<p>\u2013 For noen er det stort \u00e5 se en pilfink for f\u00f8rste gang. Andre f\u00e5r ren bingo n\u00e5r sjeldne arter dukker opp. Det er det som gj\u00f8r dette s\u00e5 g\u00f8y.<\/p>\n<p><img decoding=\"async\"   src=\"data:image\/gif;base64,R0lGODlhAQABAIAAAAAAAP\/\/\/yH5BAEAAAAALAAAAAABAAEAAAIBRAA7\" loading=\"eager\" alt=\"Asurmeis, Norges aller f\u00f8rste observasjon, \u00d8rland\" title=\"Foto: Harald Dahlby\"\/><\/p>\n<p class=\"\">Den sjeldne asurmeisen tok seg en aldri s\u00e5 liten nytt\u00e5rstur til Norge, til stor beundring hos ivrige fugletittere.<\/p>\n<p>Foto: Harald Dahlby<\/p>\n<p>Den lille asurmeisen som dukket opp p\u00e5 \u00d8rlandet, har skapt ekstra stort engasjement.<\/p>\n<p><strong>\u2013 Mange hundre har reist for \u00e5 se den. Det er nesten ville tilstander, sier Eggen.<\/strong><\/p>\n<p>Selv vurderer han \u00e5 hive seg rundt og ta den lange turen for \u00e5 se sjeldenheten med egne \u00f8yne.<\/p>\n<p>\u2013 Den er litt langt unna Lofoten, men kanskje jeg drar. Slike \u00f8yeblikk er verdt det.<\/p>\n<p>        Ville du reist land og strand for \u00e5 se asurmeisen?<\/p>\n<p>        Ja! S\u00e5 klart ville jeg det!<\/p>\n<p>        Hvilken fugl sa du?<\/p>\n<p>      Vis resultat<\/p>\n<p class=\"pin-nrkno-poll__disclaimer\">\n    Denne avstemningen viser ikke hva befolkningen mener om sp\u00f8rsm\u00e5let.<br \/>\n    Resultatet viser hva de som selv har valgt \u00e5 stemme mener,<br \/>\n    og avstemningen har ikke et utvalg som gj\u00f8r den representativ for alle som bor i landet.\n  <\/p>\n<p>Publisert<\/p>\n<p>12.01.2026, kl. 10.54<\/p>\n","protected":false},"excerpt":{"rendered":"Du har sikkert sett den i din egen hage, eller kanskje p\u00e5 naboens fuglebrett. Gr\u00e5spurven er en av&hellip;\n","protected":false},"author":2,"featured_media":135361,"comment_status":"","ping_status":"","sticky":false,"template":"","format":"standard","meta":{"footnotes":""},"categories":[10],"tags":[20,21,24,25,15,22,23,13,30,28,29,14,16,26,27],"class_list":{"0":"post-135360","1":"post","2":"type-post","3":"status-publish","4":"format-standard","5":"has-post-thumbnail","7":"category-norge","8":"tag-breaking-news","9":"tag-breakingnews","10":"tag-featured-news","11":"tag-featurednews","12":"tag-headlines","13":"tag-latest-news","14":"tag-latestnews","15":"tag-news","16":"tag-no","17":"tag-norge","18":"tag-norway","19":"tag-nyheter","20":"tag-overskrifter","21":"tag-top-stories","22":"tag-topstories"},"share_on_mastodon":{"url":"https:\/\/pubeurope.com\/@no\/115881667818392672","error":""},"_links":{"self":[{"href":"https:\/\/www.europesays.com\/no\/wp-json\/wp\/v2\/posts\/135360","targetHints":{"allow":["GET"]}}],"collection":[{"href":"https:\/\/www.europesays.com\/no\/wp-json\/wp\/v2\/posts"}],"about":[{"href":"https:\/\/www.europesays.com\/no\/wp-json\/wp\/v2\/types\/post"}],"author":[{"embeddable":true,"href":"https:\/\/www.europesays.com\/no\/wp-json\/wp\/v2\/users\/2"}],"replies":[{"embeddable":true,"href":"https:\/\/www.europesays.com\/no\/wp-json\/wp\/v2\/comments?post=135360"}],"version-history":[{"count":0,"href":"https:\/\/www.europesays.com\/no\/wp-json\/wp\/v2\/posts\/135360\/revisions"}],"wp:featuredmedia":[{"embeddable":true,"href":"https:\/\/www.europesays.com\/no\/wp-json\/wp\/v2\/media\/135361"}],"wp:attachment":[{"href":"https:\/\/www.europesays.com\/no\/wp-json\/wp\/v2\/media?parent=135360"}],"wp:term":[{"taxonomy":"category","embeddable":true,"href":"https:\/\/www.europesays.com\/no\/wp-json\/wp\/v2\/categories?post=135360"},{"taxonomy":"post_tag","embeddable":true,"href":"https:\/\/www.europesays.com\/no\/wp-json\/wp\/v2\/tags?post=135360"}],"curies":[{"name":"wp","href":"https:\/\/api.w.org\/{rel}","templated":true}]}}