{"id":135362,"date":"2026-01-12T10:31:08","date_gmt":"2026-01-12T10:31:08","guid":{"rendered":"https:\/\/www.europesays.com\/no\/135362\/"},"modified":"2026-01-12T10:31:08","modified_gmt":"2026-01-12T10:31:08","slug":"manchester-united-haper-a-lande-trener-innen-onsdag","status":"publish","type":"post","link":"https:\/\/www.europesays.com\/no\/135362\/","title":{"rendered":"Manchester United h\u00e5per \u00e5 lande trener innen onsdag"},"content":{"rendered":"\n<p class=\"_lead_o9xde_2 _lead_xtcu6_50 layout-component text-serif-m layout-normal text-serif-l layout-component layout-wide layout-padded _wide_17hqh_1 layout-padded\">Ledelsen i Manchester United \u00f8nsker \u00e5 ha p\u00e5 plass ny trener innen spillerne er tilbake p\u00e5 feltet onsdag. <\/p>\n<p><img alt=\"Ole Gunnar Solskj\u00e6r og Michael Carrick fra september 2021.  Foto: JASON CAIRNDUFF \/ Reuters \/ NTB\" class=\"_image_qp4xg_65 layout-component layout-wide\" data-fullscreen- data-track-element-type=\"Article image fullscreen\" data-track-name=\"ImageFullscreen\" fetchpriority=\"high\" decoding=\"sync\" loading=\"eager\" height=\"1374\" itemprop=\"image\"  src=\"https:\/\/www.europesays.com\/no\/wp-content\/uploads\/2026\/01\/ebe6d767-0723-4ce2-b36b-63354a17cd48.jpeg\"  style=\"object-position:0% 0%\" width=\"1714\"\/>Ole Gunnar Solskj\u00e6r og Michael Carrick fra september 2021.  Foto: JASON CAIRNDUFF \/ Reuters \/ NTB<\/p>\n<ul aria-hidden=\"true\" class=\"_images_ntbth_112\">\n<li><a class=\"_link_ntbth_117\" href=\"https:\/\/www.vg.no\/forfatter\/synne-sofie-christiansen-2\" style=\"z-index:1\" title=\"Synne Sofie Christiansen\" rel=\"nofollow noopener\" target=\"_blank\"><img alt=\"Bilde av Synne Sofie Christiansen\" class=\"_image_ntbth_93\" fetchpriority=\"low\" loading=\"lazy\" decoding=\"async\" itemprop=\"image\"  src=\"https:\/\/www.europesays.com\/no\/wp-content\/uploads\/2026\/01\/1768213868_644_8d683f6f-f2ba-47ca-8bcc-2db625b33cb1.jpeg\"  width=\"480\"\/><\/a><\/li>\n<\/ul>\n<p> Oppdatert mandag 12. januar kl. 10:38    <\/p>\n<ul class=\"_list_o9xde_3 _list_64s2r_85 _unordered_o9xde_106 text-sans-m\">\n<li class=\"_item_o9xde_30\">Ledelsen i Manchester United h\u00e5per \u00e5 lande en ny trener innen spillerne er tilbake p\u00e5 treningsfeltet onsdag. <\/li>\n<li class=\"_item_o9xde_30\">Valget st\u00e5r mellom Michael Carrick og Ole Gunnar Solskj\u00e6r.<\/li>\n<li class=\"_item_o9xde_30\">Carrick leder kampen om jobben, if\u00f8lge flere medier.<\/li>\n<li class=\"_item_o9xde_30\">En avgj\u00f8relse ventes innen 48 timer.<\/li>\n<\/ul>\n<p>Vis mer <\/p>\n<p class=\"_paragraph_o9xde_4 _paragraph_xtcu6_10 layout-component text-serif-m layout-normal text-serif-m layout-padded\"><a href=\"https:\/\/www.bbc.com\/sport\/football\/articles\/crkr2zye3v1o\" class=\"_link_o9xde_39\" rel=\"nofollow noopener\" target=\"_blank\">Det skriver BBC mandag morgen.<\/a> Valget skal st\u00e5 mellom Michael Carrick (44) og <a href=\"https:\/\/www.vg.no\/tag\/ole-gunnar-solskjaer?utm_source=vg-article&amp;utm_medium=auto-tagger&amp;utm_campaign=d4l49J\" class=\"_link_o9xde_39\" rel=\"nofollow noopener\" target=\"_blank\">Ole Gunnar Solskj\u00e6r<\/a> (52). Carrick skal lede kampen om jobben, melder flere britiske medier. <\/p>\n<p class=\"_paragraph_o9xde_4 _paragraph_xtcu6_10 layout-component text-serif-m layout-normal text-serif-m layout-padded\">If\u00f8lge <a href=\"https:\/\/www.nytimes.com\/athletic\/6942066\/2026\/01\/12\/manchester-united-michael-carrick-manager-next-interim\/\" class=\"_link_o9xde_39\" rel=\"nofollow noopener\" target=\"_blank\">The Athletic<\/a> insisterer Manchester United p\u00e5 at ingen avgj\u00f8relse er tatt, men at en kunngj\u00f8ring ventes innen 48 timer. <\/p>\n<p class=\"_paragraph_o9xde_4 _paragraph_xtcu6_10 layout-component text-serif-m layout-normal text-serif-m layout-padded\">Allerede s\u00f8ndag kveld skrev\u00a0<a href=\"https:\/\/www.theguardian.com\/football\/2026\/jan\/11\/darren-fletcher-in-dark-over-his-future-after-manchester-uniteds-cup-exit?CMP=Share_iOSApp_Other\" class=\"_link_o9xde_39\" rel=\"nofollow noopener\" target=\"_blank\">The Guardians\u00a0<\/a>United-korrespondent Jamie Jackson at Michael Carrick hadde g\u00e5tt forbi Ole Gunnar Solskj\u00e6r som favoritt til \u00e5 bli\u00a0<a href=\"https:\/\/www.vg.no\/tag\/manchester-united?utm_source=vg-article&amp;utm_medium=auto-tagger&amp;utm_campaign=GxayLB\" class=\"_link_o9xde_39\" rel=\"nofollow noopener\" target=\"_blank\">Manchester Uniteds<\/a>\u00a0midlertidige manager resten av sesongen. <\/p>\n<p class=\"_paragraph_o9xde_4 _paragraph_xtcu6_10 layout-component text-serif-m layout-normal text-serif-m layout-padded\">Mandag morgen melder journalist <a href=\"https:\/\/www.nytimes.com\/athletic\/6942066\/2026\/01\/12\/manchester-united-michael-carrick-manager-next-interim\/\" class=\"_link_o9xde_39\" rel=\"nofollow noopener\" target=\"_blank\">Laurie Whitwell i The Athletic<\/a> det samme. Carrick er heteste kandidat i skrivende stund. Det skriver ogs\u00e5 Sky Sports og BBC, som legger til at ledelsen h\u00e5per at avtalen er landet innen onsdag. <\/p>\n<p class=\"_paragraph_o9xde_4 _paragraph_xtcu6_10 layout-component text-serif-m layout-normal text-serif-m layout-padded\">Det skjer etter at Solskj\u00e6r og Carrick skal ha hatt m\u00f8ter ansikt til ansikt med ledelsen i helgen som var. <\/p>\n<p class=\"_paragraph_o9xde_4 _paragraph_xtcu6_10 layout-component text-serif-m layout-normal text-serif-m layout-padded\">Administrerende direkt\u00f8r Omar Berrada og fotballdirekt\u00f8r Jason Wilcox skal ha ledet m\u00f8tene og angivelig m\u00f8tt Carrick torsdag og Solskj\u00e6r l\u00f8rdag p\u00e5 treningsanlegget Carrington.<\/p>\n<p class=\"_paragraph_o9xde_4 _paragraph_xtcu6_10 layout-component text-serif-m layout-normal text-serif-m layout-padded\">Solskj\u00e6r ble opprinnelig sett p\u00e5 som hovedkandidaten til den midlertidige jobben igjen, etter at Ruben Amorim fikk sparken mandag. Solskj\u00e6r hadde godt hell med laget da han tok over den midlertidige jobben i desember 2018, og fikk fast jobb allerede i mars 2019, frem til november 2021. <\/p>\n<p class=\"_paragraph_o9xde_4 _paragraph_xtcu6_10 layout-component text-serif-m layout-normal text-serif-m layout-padded\">Men n\u00e5 skal Carrick ha tatt ledelsen i kampen om jobben.<\/p>\n<p class=\"_paragraph_o9xde_4 _paragraph_xtcu6_10 layout-component text-serif-m layout-normal text-serif-m layout-padded\">Carrick hadde en kort periode som midlertidig manager i 2021 etter at Solskj\u00e6r fikk sparken. Han ledet United i tre kamper den gangen.<\/p>\n<p class=\"_paragraph_o9xde_4 _paragraph_xtcu6_10 layout-component text-serif-m layout-normal text-serif-m layout-padded\">Som spiller tilbrakte han 12 \u00e5r i United mellom 2006 og 2018. Han vant fem Premier League-titler og Champions League med klubben.<\/p>\n<ul class=\"_list_o9xde_3 _list_xtcu6_9 _unordered_o9xde_106 layout-component text-serif-m layout-normal text-serif-m layout-padded\">\n<li class=\"_item_o9xde_30\"><strong class=\"_strong_o9xde_25\">H\u00f8r siste nytt av Fotballpodden:<\/strong><\/li>\n<\/ul>\n","protected":false},"excerpt":{"rendered":"Ledelsen i Manchester United \u00f8nsker \u00e5 ha p\u00e5 plass ny trener innen spillerne er tilbake p\u00e5 feltet onsdag.&hellip;\n","protected":false},"author":2,"featured_media":135363,"comment_status":"","ping_status":"","sticky":false,"template":"","format":"standard","meta":{"footnotes":""},"categories":[5],"tags":[20,21,24,25,15,19,22,23,17,18,158,13,30,28,29,14,505,16,161,26,27],"class_list":{"0":"post-135362","1":"post","2":"type-post","3":"status-publish","4":"format-standard","5":"has-post-thumbnail","7":"category-overskrifter","8":"tag-breaking-news","9":"tag-breakingnews","10":"tag-featured-news","11":"tag-featurednews","12":"tag-headlines","13":"tag-hovedoppslag","14":"tag-latest-news","15":"tag-latestnews","16":"tag-main-news","17":"tag-mainnews","18":"tag-manchester-united","19":"tag-news","20":"tag-no","21":"tag-norge","22":"tag-norway","23":"tag-nyheter","24":"tag-ole-gunnar-solskjaer","25":"tag-overskrifter","26":"tag-premier-league","27":"tag-top-stories","28":"tag-topstories"},"share_on_mastodon":{"url":"https:\/\/pubeurope.com\/@no\/115881672168080889","error":""},"_links":{"self":[{"href":"https:\/\/www.europesays.com\/no\/wp-json\/wp\/v2\/posts\/135362","targetHints":{"allow":["GET"]}}],"collection":[{"href":"https:\/\/www.europesays.com\/no\/wp-json\/wp\/v2\/posts"}],"about":[{"href":"https:\/\/www.europesays.com\/no\/wp-json\/wp\/v2\/types\/post"}],"author":[{"embeddable":true,"href":"https:\/\/www.europesays.com\/no\/wp-json\/wp\/v2\/users\/2"}],"replies":[{"embeddable":true,"href":"https:\/\/www.europesays.com\/no\/wp-json\/wp\/v2\/comments?post=135362"}],"version-history":[{"count":0,"href":"https:\/\/www.europesays.com\/no\/wp-json\/wp\/v2\/posts\/135362\/revisions"}],"wp:featuredmedia":[{"embeddable":true,"href":"https:\/\/www.europesays.com\/no\/wp-json\/wp\/v2\/media\/135363"}],"wp:attachment":[{"href":"https:\/\/www.europesays.com\/no\/wp-json\/wp\/v2\/media?parent=135362"}],"wp:term":[{"taxonomy":"category","embeddable":true,"href":"https:\/\/www.europesays.com\/no\/wp-json\/wp\/v2\/categories?post=135362"},{"taxonomy":"post_tag","embeddable":true,"href":"https:\/\/www.europesays.com\/no\/wp-json\/wp\/v2\/tags?post=135362"}],"curies":[{"name":"wp","href":"https:\/\/api.w.org\/{rel}","templated":true}]}}