{"id":135364,"date":"2026-01-12T10:32:16","date_gmt":"2026-01-12T10:32:16","guid":{"rendered":"https:\/\/www.europesays.com\/no\/135364\/"},"modified":"2026-01-12T10:32:16","modified_gmt":"2026-01-12T10:32:16","slug":"jeg-er-erklaert-frisk","status":"publish","type":"post","link":"https:\/\/www.europesays.com\/no\/135364\/","title":{"rendered":"&#8211; Jeg er erkl\u00e6rt frisk"},"content":{"rendered":"<p>    Kort fortalt<\/p>\n<ul lang=\"nb-NO\">\n<li>Terje R\u00f8nningbakken fra Bamble opplevde en hjernebl\u00f8dning i mars i fjor. Legene mener at et h\u00f8yt inntak av koffeinholdig drikke kan ha v\u00e6rt en trigger.\u00a0<\/li>\n<li>Han ignorerte symptomer som hodepine og tr\u00f8tthet, til tross for familiens historie med h\u00f8yt blodtrykk.<\/li>\n<li>R\u00f8nningbakken drikker n\u00e5 maks \u00e9n boks energidrikk om dagen, og jobber for \u00e5 komme tilbake i jobb.\u00a0<\/li>\n<li>Folkehelseinstituttet advarer mot h\u00f8yt inntak av energidrikker.<\/li>\n<\/ul>\n<p class=\"italic ai-disclaimer\" data-lab-italic=\"italic\">Sammendraget er laget av ChatGPT og godkjent av Dagbladet.<\/p>\n<p>      Vis mer<br \/>\n      Vis mindre<\/p>\n<p>&#8211; N\u00e5 er jeg p\u00e5 vei tilbake til jobb i byggvarebransjen og alt mulig. Jeg kom heldigvis ganske billig fra det.<\/p>\n<p>Det sier Terje R\u00f8nningbakken (35) fra Bamble i Telemark til Dagbladet.<\/p>\n<p>En marsdag i fjor ble han rammet av hjernebl\u00f8dning.\u00a0<\/p>\n<p class=\"font-weight-bold m-font-weight-bold\" data-lab-font_weight=\"font-weight-bold\">\u00c5rsaken til det hele kan v\u00e6re at R\u00f8nningbakken fram til da hadde et voldsomt inntak av energidrikk og annen koffeinholdig drikke.\u00a0<\/p>\n<p> <a href=\"https:\/\/www.ta.no\/drakk-fem-liter-energidrikk-om-dagen-det-er-helt-greit-a-bruke-meg-som-eksempel-pa-hvor-darlig-det-kan-ga\/f\/5-50-2244824\" target=\"_blank\" rel=\"nofollow noopener\">Telemarksavisa<\/a>\u00a0omtalte saken f\u00f8rst. <\/p>\n<p>&#8211; Hvor mye koffein kunne du f\u00e5 i deg i l\u00f8pet av en dag?<\/p>\n<p>&#8211; Jeg kunne drikke fem liter koffeinholdig drikke daglig. Da var det snakk om fire-fem bokser energidrikk, og resten besto av kaffe og cola, sier han til Dagbladet. <\/p>\n<p>R\u00f8nningbakken forteller at p\u00e5 det verste kunne det bli b\u00e5de Red Bull og Snickers til lunsj &#8211; \u00abh\u00e5ndverkerlunsjen\u00bb som broren hans kaller det.\u00a0<\/p>\n<p>        En stor internasjonal studie viser mulige bivirkninger av \u00e5 drikke energidrikk. Video: NTB \/ Storyblocks \/ Shutterstock \/ Epidemic Sound, Reporter: Silja Furset \/ Dagbladet TV.<\/p>\n<p>Hjernebl\u00f8dning<\/p>\n<p>Det var under et bes\u00f8k p\u00e5 brorens verksted den skjebnesvangre dagen i mars i fjor da han skulle skifte olje p\u00e5 bilen, at han plutselig merket at venstrebeinet f\u00f8ltes rart.\u00a0<\/p>\n<p>Svimmel som han var, gikk han ut for \u00e5 trekke frisk luft. Da merket han at han mistet kraften i venstreh\u00e5nda.\u00a0<\/p>\n<p>    <a itemprop=\"url\" href=\"https:\/\/www.dagbladet.no\/nyheter\/sjokkfunn-om-koffein\/83412113\" rel=\"nofollow noopener\" target=\"_blank\"><\/p>\n<p>        <img loading=\"lazy\" decoding=\"async\" src=\"https:\/\/www.europesays.com\/no\/wp-content\/uploads\/2026\/01\/1768213929_777_83412122.webp.webp\" width=\"980\" height=\"441\" title=\"Sjokkfunn om koffein\" alt=\"\" class=\"lazyload\" style=\"--aspect-ratio-image: 2.22; \"\/><\/p>\n<p>        Sjokkfunn om koffein<\/p>\n<p>    <\/a><\/p>\n<p>R\u00f8nningbakken forteller at han skj\u00f8nte fort hva som var p\u00e5 ferde og ringte broren som han ba ringe ambulansen.<\/p>\n<p>&#8211; Jeg er jo et mannfolk, s\u00e5 jeg ringte selvsagt broren min f\u00f8r ambulansen, sier han ironisk.\u00a0<\/p>\n<p>Kort tid etterp\u00e5 var broren tilbake, og like bak kom ambulansen som fraktet R\u00f8nningbakken til Skien sykehus.\u00a0<\/p>\n<p>Der var beskjeden at han hadde f\u00e5tt en liten hjernebl\u00f8dning som hadde stoppet av seg selv. <\/p>\n<p>        <img loading=\"lazy\" decoding=\"async\" src=\"https:\/\/www.dagbladet.no\/images\/84067176.webp?imageId=84067176&amp;x=0.00&amp;y=0.00&amp;cropw=100.00&amp;croph=92.82&amp;width=1334&amp;height=1562\" width=\"667\" height=\"781\" title=\"OPTIMIST: Terje R\u00f8nningbakken opplevde framgang under rehabiliteringsoppholdet sitt p\u00e5 Kysthospitalet i Stavern, selv om det ble en periode i rullestol. Foto: Privat\" alt=\"\" class=\"\" style=\"--aspect-ratio-image: 0.85; \"\/><\/p>\n<p>\n        OPTIMIST: Terje R\u00f8nningbakken opplevde framgang under rehabiliteringsoppholdet sitt p\u00e5 Kysthospitalet i Stavern, selv om det ble en periode i rullestol. Foto: Privat\n    <\/p>\n<p>B\u00e5de legene og R\u00f8nningbakken selv mistenker at det overdrevne inntaket av koffein kan ha v\u00e6rt en \u00e5rsak til at han ble rammet.<\/p>\n<p class=\"font-weight-bold m-font-weight-bold\" data-lab-font_weight=\"font-weight-bold\">&#8211; Legene sa at enten var det stress eller h\u00f8yt blodtrykk. Koffeinforbruket har blitt tatt inn som en mulig trigger, sier R\u00f8nningbakken.<\/p>\n<p>    Hva er hjernebl\u00f8dning?<\/p>\n<ul>\n<ul>\n<li class=\"lab-bodytext-line\">En hjernebl\u00f8dning oppst\u00e5r n\u00e5r et blodkar i hjernen sprekker og blod lekker ut i hjernevevet eller rommene rundt hjernen. Blodet skader hjernecellene og \u00f8ker trykket i hodeskallen.<\/li>\n<li class=\"lab-bodytext-line\">Den vanligste \u00e5rsaken er h\u00f8yt blodtrykk, men hjernebl\u00f8dning kan ogs\u00e5 skyldes hodeskader, medf\u00f8dte karsykdommer, blodfortynnende medisiner eller aneurismer.<\/li>\n<li class=\"lab-bodytext-line\">Typiske symptomer er plutselig og kraftig hodepine, lammelser i ansikt, arm eller bein, talevansker, synsforstyrrelser, kvalme, oppkast og redusert bevissthet.<\/li>\n<li class=\"lab-bodytext-line\">Hjernebl\u00f8dning er en akutt og livstruende tilstand som krever \u00f8yeblikkelig behandling p\u00e5 sykehus. Rask hjelp kan v\u00e6re avgj\u00f8rende for utfallet.<\/li>\n<li class=\"lab-bodytext-line\">Prognosen varierer mye. Noen f\u00e5r varige skader, mens andre kan bli helt eller delvis friske, avhengig av bl\u00f8dningens st\u00f8rrelse, plassering og hvor raskt behandlingen starter.<\/li>\n<\/ul>\n<\/ul>\n<p>Kilder: <a href=\"https:\/\/www.helsenorge.no\/sykdom\/skader-og-sykdommer-i-hjernen\/hjernehinneblodning\/\" target=\"_blank\" rel=\"nofollow noopener\">Helsenorge<\/a>, <a href=\"https:\/\/sml.snl.no\/hjerneslag\" target=\"_blank\" rel=\"nofollow noopener\">Store medisinske leksikon<\/a><\/p>\n<p>      Vis mer<br \/>\n      Vis mindre<\/p>\n<p>H\u00f8yt blodtrykk  <\/p>\n<p>Til Dagbladet forteller R\u00f8nningbakken at han kjente igjen symptomene ettersom bestefaren hans d\u00f8de av hjernebl\u00f8dning for flere \u00e5r siden. Likevel hadde han ignorert symptomene han hadde kjent p\u00e5, som hodepine og tr\u00f8tthet.\u00a0<\/p>\n<p>Han forteller ogs\u00e5 at h\u00f8yt blodtrykk ligger til familien, men til tross for dette hadde han ikke f\u00e5tt sjekket blodtrykket sitt f\u00f8r dramatikken oppsto i mars.\u00a0<\/p>\n<p>    <a itemprop=\"url\" href=\"https:\/\/www.dagbladet.no\/nyheter\/trend-skaper-bekymring-uheldig\/80628384\" rel=\"nofollow noopener\" target=\"_blank\"><\/p>\n<p>        <img loading=\"lazy\" decoding=\"async\" src=\"https:\/\/www.europesays.com\/no\/wp-content\/uploads\/2026\/01\/1768213930_310_80628417.webp.webp\" width=\"980\" height=\"441\" title=\"Trend skaper bekymring: - Uheldig\" alt=\"\" class=\"lazyload\" style=\"--aspect-ratio-image: 2.22; \"\/><\/p>\n<p>        Trend skaper bekymring: &#8211; Uheldig<\/p>\n<p>    <\/a><\/p>\n<p>&#8211;\u00a0Jeg hadde aldri sjekket blodtrykket mitt. Men hvis noen hadde fortalt meg at vond nakke og vondt i hodet er symptomer, hadde jeg f\u00e5tt sjekket det, sier han til Dagbladet.\u00a0<\/p>\n<p class=\"font-weight-bold m-font-weight-bold\" data-lab-font_weight=\"font-weight-bold\">Han r\u00e5der n\u00e5 andre til \u00e5 ta symptomer p\u00e5 alvor.<\/p>\n<p>&#8211; Jeg har nok v\u00e6rt litt som nordmenn flest, tenkt at det skjer ikke meg. Men s\u00e5 gjorde det det.\u00a0<\/p>\n<p>        <img loading=\"lazy\" decoding=\"async\" src=\"https:\/\/www.europesays.com\/no\/wp-content\/uploads\/2026\/01\/1768213931_8_84076181.webp.webp\" width=\"667\" height=\"381\" title=\"ILLUSTRASJON: Terje R\u00f8nningbakken fra Bamble kunne drikke flere bokser energidrikk hver dag. Det tok br\u00e5tt slutt da han ble rammet av hjernebl\u00f8dning i mars i fjor. Foto: Heiko Junge \/ NTB\" alt=\"\" class=\"\" style=\"--aspect-ratio-image: 1.75; \"\/><\/p>\n<p>\n        ILLUSTRASJON: Terje R\u00f8nningbakken fra Bamble kunne drikke flere bokser energidrikk hver dag. Det tok br\u00e5tt slutt da han ble rammet av hjernebl\u00f8dning i mars i fjor. Foto: Heiko Junge \/ NTB\n    <\/p>\n<p>&#8211; Skal ikke hindre meg<\/p>\n<p>Selv har han kuttet ut kaffe og cola, samt begrenset energidrikk til \u00e9n boks om dagen. Det kan ogs\u00e5 g\u00e5 flere dager mellom hver boks.\u00a0<\/p>\n<p>Samtidig har han bestemt seg for \u00e5 bli flinkere med tanke p\u00e5 det han spiser. N\u00e5 har han begynt p\u00e5 uke \u00e9n av 16 for \u00e5 l\u00e6re seg hvordan han kan spise sunnere.\u00a0<\/p>\n<p class=\"font-weight-bold m-font-weight-bold\" data-lab-font_weight=\"font-weight-bold\">&#8211; Det er ganske kurrant. Men vi er jo p\u00e5 uke\u00a0\u00e9n. Jeg har innsett at man m\u00e5 f\u00e5 litt sunnere kosthold dersom man skal bli hundre \u00e5r. Bestefar ble 94 \u00e5r, trekker R\u00f8nningbakken fram.\u00a0<\/p>\n<p>        <img loading=\"lazy\" decoding=\"async\" src=\"https:\/\/www.europesays.com\/no\/wp-content\/uploads\/2026\/01\/1768213932_973_84075453.webp.webp\" width=\"980\" height=\"559\" title=\"HOBBY: Terje R\u00f8nningbakken tok for et par \u00e5r siden opp igjen hobbyen med \u00e5 bruke metalldetektoren. Foto: Privat\" alt=\"\" class=\"\" style=\"--aspect-ratio-image: 1.75; \"\/><\/p>\n<p>\n        HOBBY: Terje R\u00f8nningbakken tok for et par \u00e5r siden opp igjen hobbyen med \u00e5 bruke metalldetektoren. Foto: Privat\n    <\/p>\n<p>Etter oppholdet p\u00e5 Skien sykehus, ble han sendt p\u00e5 rehabilitering p\u00e5 Kysthospitalet i Stavern for \u00e5 l\u00e6re \u00e5 g\u00e5 p\u00e5 nytt.<\/p>\n<p class=\"italic m-italic\" data-lab-italic=\"italic\">&#8211; Hva tenkte du om situasjonen din?<\/p>\n<p>&#8211; Hva er valget, jeg kan enten legge meg ned og sutre, eller jeg kan smile og tenke at det ikke skal hindre meg. Jeg hadde ingen planer om \u00e5 v\u00e6re fast i rullestol, svarer R\u00f8nningbakken.<\/p>\n<p>    <a itemprop=\"url\" href=\"https:\/\/dinside.dagbladet.no\/fritid\/kommer-til-a-bli-tomt\/83989566\" rel=\"nofollow noopener\" target=\"_blank\"><\/p>\n<p>        <img loading=\"lazy\" decoding=\"async\" src=\"https:\/\/www.europesays.com\/no\/wp-content\/uploads\/2026\/01\/1768213933_170_84022509.webp.webp\" width=\"980\" height=\"441\" title=\"- Kommer til \u00e5 bli tomt\" alt=\"\" class=\"lazyload\" style=\"--aspect-ratio-image: 2.22; \"\/><\/p>\n<p>        &#8211; Kommer til \u00e5 bli tomt<\/p>\n<p>    <\/a><\/p>\n<p>Han merket framgang, og f\u00f8r sommeren kunne han g\u00e5 ut uten hjelpemidler.\u00a0<\/p>\n<p>&#8211; Man verdsetter livet p\u00e5 en annen m\u00e5te. Det er ikke alle som overlever en hjernebl\u00f8dning. Og det var ikke bare en liten forkj\u00f8lelse man hadde f\u00e5tt. Man f\u00e5r prise seg lykkelig for hver dag egentlig, og at man er \u00e9n erfaring rikere. Jeg har g\u00e5tt fra \u00e5 v\u00e6re oppg\u00e5ende, til handikappet, til \u00e5 ha trent meg opp til 70-80 prosent av der jeg var f\u00f8r, sier han.\u00a0<\/p>\n<p>Advarer\u00a0<\/p>\n<p> If\u00f8lge <a href=\"https:\/\/www.fhi.no\/nyheter\/2023\/mange-norske-ungdommer-drikker-mye-energidrikk\/\" target=\"_blank\" rel=\"nofollow noopener\">Folkehelseinstituttet<\/a> (FHI) har det v\u00e6rt en\u00a0eksplosiv \u00f8kning i salget av energidrikker b\u00e5de i Norge og andre nordiske land de siste \u00e5ra. FHI omtaler \u00f8kningen som bekymringsfull fordi disse drikkene er blitt sv\u00e6rt popul\u00e6re ogs\u00e5 blant barn og unge under 18 \u00e5r.\u00a0<\/p>\n<p>    <a itemprop=\"url\" href=\"https:\/\/dinside.dagbladet.no\/fritid\/tabben-du-ma-unnga\/83960377\" rel=\"nofollow noopener\" target=\"_blank\"><\/p>\n<p>        <img loading=\"lazy\" decoding=\"async\" src=\"https:\/\/www.europesays.com\/no\/wp-content\/uploads\/2026\/01\/1768213934_362_83967061.webp.webp\" width=\"980\" height=\"441\" title=\"Tabben du m\u00e5 unng\u00e5\" alt=\"\" class=\"lazyload\" style=\"--aspect-ratio-image: 2.22; \"\/><\/p>\n<p>        Tabben du m\u00e5 unng\u00e5<\/p>\n<p>    <\/a><\/p>\n<p> <a href=\"https:\/\/dinside.dagbladet.no\/fritid\/drakk-koffeindrikk-havnet-pa-sykehus\/81393714\" target=\"_blank\" rel=\"nofollow noopener\">Dagbladet<\/a>\u00a0har tidligere omtalt koffeinvanene til barn og unge. <\/p>\n<p class=\"italic m-italic\" data-lab-italic=\"italic\">&#8211; Er det en grunn til \u00e5 advare om et h\u00f8yt inntak av koffeinholdig drikke?<\/p>\n<p class=\"font-weight-bold m-font-weight-bold\" data-lab-font_weight=\"font-weight-bold\">&#8211; Ja, det er det absolutt grunn til \u00e5 advare mot, er det umiddelbare svaret fra seniorforsker ved Senter for b\u00e6rekraftig kosthold i FHI, Anne Lise Brants\u00e6ter.\u00a0<\/p>\n<p>Hun forklarer overfor Dagbladet at\u00a0Den europeiske myndigheten for n\u00e6ringsmiddeltrygghet, EFSA (European Food Safety Authority), har estimert at inntil 400 milligram koffein fordelt gjennom en dag, eller \u00e9n enkeltdose p\u00e5 200 milligram koffein ikke utgj\u00f8r noen betydelig helserisiko for\u00a0friske voksne, det vil si for personer over 18 \u00e5r. <\/p>\n<p> 400 milligram koffein tilsvarer 4-5 kopper filterkaffe eller litt mer enn to bokser energidrikk \u00e1 0,5 liter. <\/p>\n<p class=\"font-weight-bold m-font-weight-bold\" data-lab-font_weight=\"font-weight-bold\">Derfor vil et inntak av eksempelvis tre til fire bokser energidrikk\u00a0\u00e1 0,5 liter alene gi 640 milligram koffein og dermed overstige EFSAs grenseverdi for mengden koffein som ikke utgj\u00f8r noen betydelig helserisiko for friske voksne.<\/p>\n<p>        Forbrukerr\u00e5det mener det haster med \u00e5 f\u00e5 p\u00e5 plass en lov som forbyr alle under 16 \u00e5r kj\u00f8pe energidrikk. Men hvorfor er vi s\u00e5 bekymret for energidrikk, og ikke kaffe? Video: NTB \/ Storyblocks \/ Skjermbilde. Reporter: Silja Furset \/ Dagbladet TV<\/p>\n<p>Helsefare  <\/p>\n<p>&#8211; Helsefaren avhenger av individuelle faktorer, f\u00f8rst og fremst av vekt og genetiske faktorer som avgj\u00f8r hvor lang tid kroppen bruker p\u00e5 \u00e5 bryte ned koffein, sier Brants\u00e6ter:\u00a0<\/p>\n<p>Hun forklarer videre at et inntak over 3\u00a0milligram koffein per kilo kroppsvekt\u00a0 (0,5 liter energidrikk hvis vekt 60 kilo) kan gi risiko for negative helseeffekter som ber\u00f8rer hjerte- og karsystemet og sentralnervesystemet.\u00a0<\/p>\n<p>Et inntak over 1,4 milligram koffein per kilo kroppsvekt\u00a0(0,25 liter energidrikk hvis vekt er 60 kilo) medf\u00f8rer risiko for negative effekter p\u00e5 s\u00f8vn, det vil si kortere s\u00f8vnlengde og d\u00e5rligere s\u00f8vnkvalitet den tida man sover, opplyser Brants\u00e6ter. <\/p>\n<p>    <a itemprop=\"url\" href=\"https:\/\/www.dagbladet.no\/tema\/tegnene-da-drikker-du-for-mye\/84071582\" rel=\"nofollow noopener\" target=\"_blank\"><\/p>\n<p>        <img loading=\"lazy\" decoding=\"async\" src=\"https:\/\/www.europesays.com\/no\/wp-content\/uploads\/2026\/01\/1768213935_166_84072674.webp.webp\" width=\"980\" height=\"441\" title=\"Tegnene: Da drikker du for mye\" alt=\"\" class=\"lazyload\" style=\"--aspect-ratio-image: 2.22; \"\/><\/p>\n<p>        Tegnene: Da drikker du for mye<\/p>\n<p>    <\/a><\/p>\n<p class=\"italic m-italic\" data-lab-italic=\"italic\">&#8211;\u00a0Hvem b\u00f8r v\u00e6re forsiktig med inntak av koffeinholdig drikke, herunder energidrikk? <\/p>\n<p>&#8211; Barn og unge, gravide og ammende og alle med underliggende sykdommer som omfatter sentralnervesystemet eller hjerte- karsystemet.\u00a0Koffein er et sentralstimulerende stoff, og barn reagerer ofte sterkere og annerledes p\u00e5 dette enn voksne. Det er lett \u00e5 drikke mye mer energidrikk enn det som er trygt fordi den bitre smaken av koffein som gj\u00f8r at de ikke liker kaffe er dekket over av smaksstoffer i energidrikkene, som i tillegg inneholder kullsyre. For gravide og ammende er den \u00f8vre grensen for koffein maksimalt 200 milligram koffein, sier FHI-forskeren.\u00a0<\/p>\n<p>Forh\u00f8yet aldersgrensa<\/p>\n<p>Fra 1. januar 2026 er det <a href=\"https:\/\/www.regjeringen.no\/no\/aktuelt\/regjeringen-innforer-16-ars-aldersgrense-pa-salg-av-energidrikk\/id3116510\/\" target=\"_blank\" rel=\"nofollow noopener\">forbudt \u00e5 selge energidrikk<\/a> til barn og unge som er yngre enn 16 \u00e5r.\u00a0<\/p>\n<p>    <a itemprop=\"url\" href=\"https:\/\/dinside.dagbladet.no\/okonomi\/innforer-aldersgrense\/84039191\" rel=\"nofollow noopener\" target=\"_blank\"><\/p>\n<p>        <img loading=\"lazy\" decoding=\"async\" src=\"https:\/\/www.europesays.com\/no\/wp-content\/uploads\/2026\/01\/1768213936_10_83326735.webp.webp\" width=\"980\" height=\"441\" title=\"Innf\u00f8rer aldersgrense\" alt=\"\" class=\"lazyload\" style=\"--aspect-ratio-image: 2.22; \"\/><\/p>\n<p>        Innf\u00f8rer aldersgrense<\/p>\n<p>    <\/a><\/p>\n<p>&#8211;\u00a0Inntaket av energidrikk blant barn og unge har \u00f8kt mye de siste \u00e5ra, til tross for krav om merking, bransjeretningslinjer og maksgrense for innhold av koffein. Vi har lyttet til norske foreldre og innf\u00f8rer n\u00e5 en aldersgrense for \u00e5 beskytte barn og unge mot de negative helseeffektene som inntak av disse drikkene kan ha, sa helse- og omsorgsminister, Jan Christian Vestre, i en pressemelding i august i fjor. <\/p>\n","protected":false},"excerpt":{"rendered":"Kort fortalt Terje R\u00f8nningbakken fra Bamble opplevde en hjernebl\u00f8dning i mars i fjor. Legene mener at et h\u00f8yt&hellip;\n","protected":false},"author":2,"featured_media":135365,"comment_status":"","ping_status":"","sticky":false,"template":"","format":"standard","meta":{"footnotes":""},"categories":[59],"tags":[30,28,29,83,82],"class_list":{"0":"post-135364","1":"post","2":"type-post","3":"status-publish","4":"format-standard","5":"has-post-thumbnail","7":"category-sport","8":"tag-no","9":"tag-norge","10":"tag-norway","11":"tag-sport","12":"tag-sports"},"share_on_mastodon":{"url":"https:\/\/pubeurope.com\/@no\/115881675682876922","error":""},"_links":{"self":[{"href":"https:\/\/www.europesays.com\/no\/wp-json\/wp\/v2\/posts\/135364","targetHints":{"allow":["GET"]}}],"collection":[{"href":"https:\/\/www.europesays.com\/no\/wp-json\/wp\/v2\/posts"}],"about":[{"href":"https:\/\/www.europesays.com\/no\/wp-json\/wp\/v2\/types\/post"}],"author":[{"embeddable":true,"href":"https:\/\/www.europesays.com\/no\/wp-json\/wp\/v2\/users\/2"}],"replies":[{"embeddable":true,"href":"https:\/\/www.europesays.com\/no\/wp-json\/wp\/v2\/comments?post=135364"}],"version-history":[{"count":0,"href":"https:\/\/www.europesays.com\/no\/wp-json\/wp\/v2\/posts\/135364\/revisions"}],"wp:featuredmedia":[{"embeddable":true,"href":"https:\/\/www.europesays.com\/no\/wp-json\/wp\/v2\/media\/135365"}],"wp:attachment":[{"href":"https:\/\/www.europesays.com\/no\/wp-json\/wp\/v2\/media?parent=135364"}],"wp:term":[{"taxonomy":"category","embeddable":true,"href":"https:\/\/www.europesays.com\/no\/wp-json\/wp\/v2\/categories?post=135364"},{"taxonomy":"post_tag","embeddable":true,"href":"https:\/\/www.europesays.com\/no\/wp-json\/wp\/v2\/tags?post=135364"}],"curies":[{"name":"wp","href":"https:\/\/api.w.org\/{rel}","templated":true}]}}