{"id":135368,"date":"2026-01-12T10:37:11","date_gmt":"2026-01-12T10:37:11","guid":{"rendered":"https:\/\/www.europesays.com\/no\/135368\/"},"modified":"2026-01-12T10:37:11","modified_gmt":"2026-01-12T10:37:11","slug":"politikk-havard-tafjord-tok-et-drastisk-valg-det-vil-overraske-meg-hvis-det-ikke-er-motstand-halden-arbeiderblad","status":"publish","type":"post","link":"https:\/\/www.europesays.com\/no\/135368\/","title":{"rendered":"Politikk, H\u00e5vard Tafjord | Tok et drastisk valg: \u2013 Det vil overraske meg hvis det ikke er motstand &#8211; Halden Arbeiderblad"},"content":{"rendered":"<ol>\n<li><a href=\"https:\/\/news.google.com\/rss\/articles\/CBMirAFBVV95cUxPcGNVbEZtRVhrc2lkcTk3UGJPTGwxc1hnX2d6OEtlSmhLUUNFMXBwRjR5YVpkbGxPWWwxSUpGYUZ1TVo2X2dXN0lNbkFNTldGcmJMNVYyakNOM3NzZ2xfZkEtRjNUUS1sajVWaVRXVEYxeV92RHhlU00yOWVMekFjQ2FQLXJRREUtY0FYenpKM3I4M2FIN0E4R1F3TTl0WkJndUswcDdhZWlPRkxi?oc=5\" target=\"_blank\" rel=\"nofollow noopener\">Politikk, H\u00e5vard Tafjord | Tok et drastisk valg: \u2013 Det vil overraske meg hvis det ikke er motstand<\/a>&nbsp;&nbsp;Halden Arbeiderblad<\/li>\n<li><a href=\"https:\/\/news.google.com\/rss\/articles\/CBMi0wFBVV95cUxNMFpTUlpTWWUwbWFBMjRGM1FJOEFHT2QzUGtqakRSN1Q0dlF0a3NMYjlmZ3JqVmNkQW9tZ0ZKbHd5MjNoUDMycnhoTHpiMEFGSTdvV2x4V3Y4NE05QndTMlNpNEFuMEFHSDZZTGloLS14UG5nV29Ma19jajEwRGtqVlUwaTdxLUw0YUJxWjRoUVlVVllGQU4yWHk0MHJhdFhLOEdvNjZyd2p6RjZ3NHlxM2tCVW5CODBJVUFXX2lDSUJVNXJnVFoxcVMxaUR1bVhXVC1Z?oc=5\" target=\"_blank\" rel=\"nofollow noopener\">Konkurransen om tilflyttere avgj\u00f8r Haldens fremtid \u2013 ikke nedleggelser av velfungerende barneskoler<\/a>&nbsp;&nbsp;Halden Arbeiderblad<\/li>\n<li><a href=\"https:\/\/news.google.com\/rss\/articles\/CBMiywFBVV95cUxPSmNzVHJsc0RGQ0pCWUJ1SVhxSGYzXzJaX1UtZEZMMk1mQ3NxQjFPZ1BRR3F4RURCMjY3R2FNZkZhWWJ6QzNqdkFTZTFyWVY3RWY5dTloekZ4cExtSkRiaWozdzdTbDRESWdWR25LRzQtNjBvQjJ5UGktdDNzMjY2RGdvMTVWZTFaTFVFWFY5QnJtR01yYlAyZXVsSWtrUkZnV3RlTFVOMEdxWWV0MkhlVmVYSm14U0h3TEVPbjJROGd6VTBYY3NWMkpWOA?oc=5\" target=\"_blank\" rel=\"nofollow noopener\">N\u00e5r prognoser blir politikk \u2013 og hvorfor Halden ikke kan planlegges som et avviklingsprosjekt<\/a>&nbsp;&nbsp;Halden Arbeiderblad<\/li>\n<li><a href=\"https:\/\/news.google.com\/rss\/articles\/CBMiiAFBVV95cUxPVExwR0hCRmJHY2c4S1BwNlk4YXJqRE1zY3V0aUZDQ21VOUFQZVpCRU1MOGhHS2p1d2hSbG16c19WMl9meDVHN1lFNXBHYUxxbU1yRHRVYkl0emJYYkYzT2UyX2ZFRlBVSHk0bFpZbHk1R0tQWW4xcUkyS2NCVDFhV0paVDNENEF4?oc=5\" target=\"_blank\" rel=\"nofollow noopener\">Skolestruktur, Christine Ruud | \u2013 Hvordan g\u00e5r arbeidet med skolenedleggelse?<\/a>&nbsp;&nbsp;Halden Arbeiderblad<\/li>\n<li><a href=\"https:\/\/news.google.com\/rss\/articles\/CBMirAFBVV95cUxOeFpTQ1BrTzUwZGx5UmF5eWRiWDlSTXdVU0NEUG1zNjltMVQ0ZGJLRzJ4b21EUDduaXRQU3RIZERCZkhPSUhvN2tBcG5ocFZZQ05nQ09zbkplcVhwakk0dnVBTjI0cndKZTV1QVRkNlMweThUbmFjeVNpMThZeWc3ejRuVzVvQ0xwWlRRankwWjhHVDJYcGQyZTFWem9iS2kxa2Y2WHRQdDg3clhH?oc=5\" target=\"_blank\" rel=\"nofollow noopener\">Fritt ord, Ytring | N\u00e5r tidsn\u00f8d brukes som argument for \u00e5 hoppe over politisk behandling<\/a>&nbsp;&nbsp;Halden Arbeiderblad<\/li>\n<\/ol>\n","protected":false},"excerpt":{"rendered":"Politikk, H\u00e5vard Tafjord | Tok et drastisk valg: \u2013 Det vil overraske meg hvis det ikke er motstand&nbsp;&nbsp;Halden&hellip;\n","protected":false},"author":2,"featured_media":135369,"comment_status":"","ping_status":"","sticky":false,"template":"","format":"standard","meta":{"footnotes":""},"categories":[10],"tags":[20,21,24,25,15,22,23,13,30,28,29,14,16,26,27],"class_list":{"0":"post-135368","1":"post","2":"type-post","3":"status-publish","4":"format-standard","5":"has-post-thumbnail","7":"category-norge","8":"tag-breaking-news","9":"tag-breakingnews","10":"tag-featured-news","11":"tag-featurednews","12":"tag-headlines","13":"tag-latest-news","14":"tag-latestnews","15":"tag-news","16":"tag-no","17":"tag-norge","18":"tag-norway","19":"tag-nyheter","20":"tag-overskrifter","21":"tag-top-stories","22":"tag-topstories"},"share_on_mastodon":{"url":"https:\/\/pubeurope.com\/@no\/115881695478671728","error":""},"_links":{"self":[{"href":"https:\/\/www.europesays.com\/no\/wp-json\/wp\/v2\/posts\/135368","targetHints":{"allow":["GET"]}}],"collection":[{"href":"https:\/\/www.europesays.com\/no\/wp-json\/wp\/v2\/posts"}],"about":[{"href":"https:\/\/www.europesays.com\/no\/wp-json\/wp\/v2\/types\/post"}],"author":[{"embeddable":true,"href":"https:\/\/www.europesays.com\/no\/wp-json\/wp\/v2\/users\/2"}],"replies":[{"embeddable":true,"href":"https:\/\/www.europesays.com\/no\/wp-json\/wp\/v2\/comments?post=135368"}],"version-history":[{"count":0,"href":"https:\/\/www.europesays.com\/no\/wp-json\/wp\/v2\/posts\/135368\/revisions"}],"wp:featuredmedia":[{"embeddable":true,"href":"https:\/\/www.europesays.com\/no\/wp-json\/wp\/v2\/media\/135369"}],"wp:attachment":[{"href":"https:\/\/www.europesays.com\/no\/wp-json\/wp\/v2\/media?parent=135368"}],"wp:term":[{"taxonomy":"category","embeddable":true,"href":"https:\/\/www.europesays.com\/no\/wp-json\/wp\/v2\/categories?post=135368"},{"taxonomy":"post_tag","embeddable":true,"href":"https:\/\/www.europesays.com\/no\/wp-json\/wp\/v2\/tags?post=135368"}],"curies":[{"name":"wp","href":"https:\/\/api.w.org\/{rel}","templated":true}]}}